{"id":117028,"date":"2019-02-04T21:36:51","date_gmt":"2019-02-05T00:36:51","guid":{"rendered":"https:\/\/senoticias.com.br\/se\/?p=117028"},"modified":"2019-02-04T21:42:40","modified_gmt":"2019-02-05T00:42:40","slug":"policiais-sergipanos-participam-de-curso-de-operacao-de-drones","status":"publish","type":"post","link":"https:\/\/senoticias.com.br\/se\/policiais-sergipanos-participam-de-curso-de-operacao-de-drones\/","title":{"rendered":"Policiais sergipanos participam de curso de opera\u00e7\u00e3o de drones"},"content":{"rendered":"<p style=\"text-align: justify;\">Na \u00faltima sexta-feira, 1\u00b0, os policiais civis sergipanos Ednilton Paim dos Santo e M\u00e1rcio Silva Campos, ambos lotados no Complexo de Opera\u00e7\u00f5es Policiais Especiais (COPE), conclu\u00edram a capacita\u00e7\u00e3o do Curso de Operador de Aeronaves Remotamente Pilotadas (Corpas), que tem por finalidade formar operadores de drones.<\/p>\n<p style=\"text-align: justify;\">A sexta edi\u00e7\u00e3o do Corpas teve in\u00edcio no dia 8 de janeiro e contou com participantes do Ex\u00e9rcito, Pol\u00edcia Civil da Bahia, Secretaria da Seguran\u00e7a P\u00fablica de Sergipe e Corpo de Bombeiros Militares do Cear\u00e1, dentre outras institui\u00e7\u00f5es de diferentes unidades federativas.<\/p>\n<div id=\"attachment_117029\" style=\"width: 609px\" class=\"wp-caption alignnone\"><a href=\"https:\/\/senoticias.com.br\/se\/wp-content\/uploads\/2019\/02\/Drones.png\"><img loading=\"lazy\" decoding=\"async\" aria-describedby=\"caption-attachment-117029\" class=\"size-full wp-image-117029\" src=\"https:\/\/senoticias.com.br\/se\/wp-content\/uploads\/2019\/02\/Drones-e1549327218151.png\" alt=\"\" width=\"599\" height=\"449\" \/><\/a><p id=\"caption-attachment-117029\" class=\"wp-caption-text\">Drone ser\u00e1 utilizada em opera\u00e7\u00f5es policias e a\u00e7\u00f5es preventivas. (Foto: PM\/SE)<\/p><\/div>\n<p style=\"text-align: justify;\">Durante tr\u00eas semanas de capacita\u00e7\u00e3o, os alunos tiveram acesso a aulas virtuais e pr\u00e1ticas, com visitas e treinamentos em ambientes externos. Tamb\u00e9m j\u00e1 participaram do curso, profissionais da Marinha, Petrobras, Secretaria de Administra\u00e7\u00e3o Penitenci\u00e1ria e Minist\u00e9rio P\u00fablico Estadual.<\/p>\n<p style=\"text-align: justify;\">Para os policias sergipanos, o curso foi de grande import\u00e2ncia para ser empregado nos trabalhos realizados pela pol\u00edcia sergipana durante opera\u00e7\u00f5es policias e a\u00e7\u00f5es preventivas. \u201cAgora vamos levar para nosso Estado uma nova ferramenta para nos ajudar no combate ao crime. O uso do drone ser\u00e1 de grande import\u00e2ncia nas nossas a\u00e7\u00f5es\u201d, afirmou M\u00e1rcio Silva.<\/p>\n<p>&nbsp;<\/p>\n<p>&nbsp;<\/p>\n<p><a href=\"https:\/\/senoticias.com.br\/se\/wp-content\/uploads\/2019\/01\/Logomarca-fone-SE-4-2-1-1-1-1-1-1.jpg\"><img loading=\"lazy\" decoding=\"async\" class=\"alignnone size-full wp-image-116985\" src=\"https:\/\/senoticias.com.br\/se\/wp-content\/uploads\/2019\/01\/Logomarca-fone-SE-4-2-1-1-1-1-1-1.jpg\" alt=\"\" width=\"599\" height=\"78\" srcset=\"https:\/\/senoticias.com.br\/se\/wp-content\/uploads\/2019\/01\/Logomarca-fone-SE-4-2-1-1-1-1-1-1.jpg 599w, https:\/\/senoticias.com.br\/se\/wp-content\/uploads\/2019\/01\/Logomarca-fone-SE-4-2-1-1-1-1-1-1-300x39.jpg 300w\" sizes=\"(max-width: 599px) 100vw, 599px\" \/><\/a><\/p>\n<p>&nbsp;<\/p>\n<p>&nbsp;<\/p>\n<p><em><strong>Acompanhe o SE Not\u00edcias no\u00a0<\/strong><a href=\"https:\/\/twitter.com\/Senoticias\" target=\"_blank\" rel=\"noopener\"><b>Twitter<\/b><\/a><strong>,\u00a0<\/strong><a href=\"https:\/\/www.facebook.com\/senoticias1\" target=\"_blank\" rel=\"noopener\"><b>Facebook\u00a0<\/b><\/a><strong>e no\u00a0<\/strong><a href=\"https:\/\/www.instagram.com\/senoticias\/\" target=\"_blank\" rel=\"noopener\"><b>Instagram<\/b><\/a><\/em><\/p>\n<p>&nbsp;<\/p>\n<p><em>Informa\u00e7\u00f5es da Pol\u00edcia Militar<\/em><\/p>\n","protected":false},"excerpt":{"rendered":"<p>Na \u00faltima sexta-feira, 1\u00b0, os policiais civis sergipanos Ednilton Paim dos Santo e M\u00e1rcio Silva Campos, ambos lotados no Complexo de Opera\u00e7\u00f5es Policiais Especiais (COPE), conclu\u00edram a capacita\u00e7\u00e3o do Curso de Operador de Aeronaves Remotamente Pilotadas (Corpas), que tem por finalidade formar operadores de drones. A sexta edi\u00e7\u00e3o do Corpas teve in\u00edcio no dia 8 [&hellip;]<\/p>\n","protected":false},"author":6552,"featured_media":117029,"comment_status":"closed","ping_status":"closed","sticky":false,"template":"","format":"standard","meta":{"footnotes":""},"categories":[15,7],"tags":[11510,11508,11509],"class_list":{"0":"post-117028","1":"post","2":"type-post","3":"status-publish","4":"format-standard","5":"has-post-thumbnail","7":"category-destaques","8":"category-policia","9":"tag-curso-de-operacao-de-drones","10":"tag-drones","11":"tag-operacoes-com-drones"},"_links":{"self":[{"href":"https:\/\/senoticias.com.br\/se\/wp-json\/wp\/v2\/posts\/117028"}],"collection":[{"href":"https:\/\/senoticias.com.br\/se\/wp-json\/wp\/v2\/posts"}],"about":[{"href":"https:\/\/senoticias.com.br\/se\/wp-json\/wp\/v2\/types\/post"}],"author":[{"embeddable":true,"href":"https:\/\/senoticias.com.br\/se\/wp-json\/wp\/v2\/users\/6552"}],"replies":[{"embeddable":true,"href":"https:\/\/senoticias.com.br\/se\/wp-json\/wp\/v2\/comments?post=117028"}],"version-history":[{"count":0,"href":"https:\/\/senoticias.com.br\/se\/wp-json\/wp\/v2\/posts\/117028\/revisions"}],"wp:featuredmedia":[{"embeddable":true,"href":"https:\/\/senoticias.com.br\/se\/wp-json\/wp\/v2\/media\/117029"}],"wp:attachment":[{"href":"https:\/\/senoticias.com.br\/se\/wp-json\/wp\/v2\/media?parent=117028"}],"wp:term":[{"taxonomy":"category","embeddable":true,"href":"https:\/\/senoticias.com.br\/se\/wp-json\/wp\/v2\/categories?post=117028"},{"taxonomy":"post_tag","embeddable":true,"href":"https:\/\/senoticias.com.br\/se\/wp-json\/wp\/v2\/tags?post=117028"}],"curies":[{"name":"wp","href":"https:\/\/api.w.org\/{rel}","templated":true}]}}