{"id":117025,"date":"2019-02-04T17:48:47","date_gmt":"2019-02-04T20:48:47","guid":{"rendered":"https:\/\/senoticias.com.br\/se\/?p=117025"},"modified":"2019-02-04T17:54:42","modified_gmt":"2019-02-04T20:54:42","slug":"governador-belivaldo-chagas-determina-fiscalizacao-de-transporte-alternativo","status":"publish","type":"post","link":"https:\/\/senoticias.com.br\/se\/governador-belivaldo-chagas-determina-fiscalizacao-de-transporte-alternativo\/","title":{"rendered":"Governador Belivaldo Chagas determina fiscaliza\u00e7\u00e3o de transporte alternativo"},"content":{"rendered":"<p style=\"text-align: justify;\">Um dos primeiros compromissos na agenda administrativa do governador Belivaldo Chagas nesta segunda-feira (04), foi dar posse ao novo secret\u00e1rio de Estado de Desenvolvimento Urbano e Sustentabilidade, o engenheiro civil Ubirajara Barreto. Desde o in\u00edcio de sua nova gest\u00e3o, Belivaldo vem realizando altera\u00e7\u00f5es no secretariado, e mesmo substituindo o ex-secret\u00e1rio Valmor Barbosa que era respons\u00e1vel pela pasta pelos tr\u00eas \u00faltimos governos, o governador n\u00e3o exclui a possibilidade de mant\u00ea-lo no Executivo.<\/p>\n<p style=\"text-align: justify;\">Ubirajara \u00e9 um t\u00e9cnico competente e que tem condi\u00e7\u00f5es totais e absolutas de dar continuidade ao excelente trabalho que tamb\u00e9m vinha desempenhando Valmor Barbosa, outro t\u00e9cnico extremamente competente e que dever\u00e1, inclusive, continuar no governo em alguma assessoria, estamos conversando sobre isso. \u00c9 natural que se fa\u00e7am mudan\u00e7as, Valmor j\u00e1 estava \u00e0 frente da Secretaria de Infraestrutura h\u00e1 cerca de 12 anos. N\u00f3s entendemos que era o tempo de fazer altera\u00e7\u00f5es porque fizemos tamb\u00e9m uma fus\u00e3o com a secretaria de recursos h\u00eddricos e infraestrutura criando a Secretaria de Desenvolvimento Urbano e Sustentabilidade\u201d, explicou o governador.<\/p>\n<div id=\"attachment_117026\" style=\"width: 609px\" class=\"wp-caption alignnone\"><a href=\"https:\/\/senoticias.com.br\/se\/wp-content\/uploads\/2019\/02\/Belivaldo-_Ubirajara-\u00e9-um-t\u00e9cnico-competente-e-que-tem-condi\u00e7\u00f5es-totais-e-absolutas-de-dar-continuidade-ao-excelente-trabalho-que-tamb\u00e9m-vinha-desempenhando-Valmor-Barbosa-e1549313432234.jpeg\"><img loading=\"lazy\" decoding=\"async\" aria-describedby=\"caption-attachment-117026\" class=\"size-full wp-image-117026\" src=\"https:\/\/senoticias.com.br\/se\/wp-content\/uploads\/2019\/02\/Belivaldo-_Ubirajara-\u00e9-um-t\u00e9cnico-competente-e-que-tem-condi\u00e7\u00f5es-totais-e-absolutas-de-dar-continuidade-ao-excelente-trabalho-que-tamb\u00e9m-vinha-desempenhando-Valmor-Barbosa-e1549313432234.jpeg\" alt=\"\" width=\"599\" height=\"400\" \/><\/a><p id=\"caption-attachment-117026\" class=\"wp-caption-text\">Durante posse do secret\u00e1rio de Estado de Desenvolvimento Urbano e Sustentabilidade, Ubirajara Barreto, o governador falou que a discuss\u00e3o sobre transporte alternativo ser\u00e1 a primeira tarefa do novo gestor. (Foto: Marco Vieira\/ASN)<\/p><\/div>\n<p style=\"text-align: justify;\">Para o novo secret\u00e1rio, a confian\u00e7a depositada ser\u00e1 honrada com um trabalho feito a v\u00e1rias m\u00e3os, principalmente com os \u00f3rg\u00e3os que englobam a secretaria. \u201cEssa \u00e9 uma super secretaria, que engloba a Deso, Cehop, DER, Adema e a antiga Semarh. \u00c9 uma secretaria que vai fazer com que as pol\u00edticas de obras, de habita\u00e7\u00e3o e recursos h\u00eddricos passem por ela. Ent\u00e3o teremos que ser, n\u00e3o somente eu, como toda a equipe, proativos, principalmente nesse momento de dificuldades que vivemos. O governador pode ter a certeza de que ter\u00e1 uma equipe coesa, comprometida, uma equipe determinada e que s\u00f3 ter\u00e1 um protagonista: o governo de Sergipe. Pode contar comigo!\u201d, declarou Ubirajara.<\/p>\n<p style=\"text-align: justify;\">O governador destacou, ainda, que esse trabalho da Sedurbs juntamente com os \u00f3rg\u00e3os dever\u00e1 ser reformulado. \u201cTodos os \u00f3rg\u00e3os vinculados a Secretaria passar\u00e3o por uma reforma em sua estrutura. A Adema de hoje tem que mudar, mas \u00e9 bom que se pese, est\u00e1 funcionando muit\u00edssimo bem. Da mesma forma Deso, Cehop e DER. Faremos fus\u00e3o de diretorias, criaremos outras diretorias, enfim, vamos tentar buscar meios com que os \u00f3rg\u00e3os trabalhem com maior agilidade. A Secretaria de Infraestrutura funcionou durante muito tempo, quase que de forma paralela \u00e0s a\u00e7\u00f5es da Cehop. Eu n\u00e3o quero mais isso. Tem que definir o que \u00e9 o papel do Cehop e qual o papel da Secretaria, da mesma forma que precisamos repensar as a\u00e7\u00f5es do DER\u201d, explanou Belivaldo. O governador ainda refor\u00e7ou a necessidade da fiscaliza\u00e7\u00e3o no transporte alternativo. \u201cA presta\u00e7\u00e3o de servi\u00e7o n\u00e3o est\u00e1 boa. Essa \u00e9 sua primeira tarefa: sentar com o DER e discutir transporte alternativo. Sentar e dialogar sobre o que fazer\u201d, declarou o governador dirigindo\u2013se ao novo secret\u00e1rio.<\/p>\n<p><strong>Novo secret\u00e1rio<\/strong><\/p>\n<p style=\"text-align: justify;\">Ubirajara Barreto \u00e9 graduado em Engenharia Civil e Matem\u00e1tica. Em 1987, atuou na Prefeitura de Aracaju como engenheiro civil, chefe de gabinete da Secretaria de Obras e diretor do Departamento de Vias P\u00fablicas, da Secretaria Municipal de Obras. Na Emurb, al\u00e9m de ter exercido a fun\u00e7\u00e3o de Execu\u00e7\u00e3o de Obras, foi gerente de Obras e Infraestrutura, e presidente no ano de 2000.<\/p>\n<p style=\"text-align: justify;\">No \u00e2mbito estadual, foi diretor de Habita\u00e7\u00e3o no per\u00edodo de 2013 a 2014. Foi superintendente executivo da Seinfra, representante do Conselho Municipal de Desenvolvimento Urbano (Condurb), membro suplente do Conselho Estadual de Desenvolvimento (Cedurb) e membro do Conselho Estadual de Transporte. Ultimamente, exercia a fun\u00e7\u00e3o de vice-presidente da Empresa Municipal de Urbaniza\u00e7\u00e3o, acumulando a diretoria de Obras no per\u00edodo de 2017 a 2019.<\/p>\n<p style=\"text-align: justify;\">A solenidade contou com a presen\u00e7a de secret\u00e1rios de Estado, prefeitos de diversos munic\u00edpios e teve na composi\u00e7\u00e3o da mesa, al\u00e9m do governador, o presidente da Assembleia Legislativa, deputado Luciano Bispo, o ex-governador Jackson Barreto, o deputado estadual Garibalde Mendon\u00e7a e o prefeito de Aracaju, Edvaldo Nogueira.<\/p>\n<p>&nbsp;<\/p>\n<p>&nbsp;<\/p>\n<p><a href=\"https:\/\/senoticias.com.br\/se\/wp-content\/uploads\/2019\/01\/Logomarca-fone-SE-4-2-1-1-1-1-1-1.jpg\"><img loading=\"lazy\" decoding=\"async\" class=\"alignnone size-full wp-image-116985\" src=\"https:\/\/senoticias.com.br\/se\/wp-content\/uploads\/2019\/01\/Logomarca-fone-SE-4-2-1-1-1-1-1-1.jpg\" alt=\"\" width=\"599\" height=\"78\" srcset=\"https:\/\/senoticias.com.br\/se\/wp-content\/uploads\/2019\/01\/Logomarca-fone-SE-4-2-1-1-1-1-1-1.jpg 599w, https:\/\/senoticias.com.br\/se\/wp-content\/uploads\/2019\/01\/Logomarca-fone-SE-4-2-1-1-1-1-1-1-300x39.jpg 300w\" sizes=\"(max-width: 599px) 100vw, 599px\" \/><\/a><\/p>\n<p>&nbsp;<\/p>\n<p><em><strong>Acompanhe o SE Not\u00edcias no\u00a0<\/strong><a href=\"https:\/\/twitter.com\/Senoticias\" target=\"_blank\" rel=\"noopener\"><b>Twitter<\/b><\/a><strong>,\u00a0<\/strong><a href=\"https:\/\/www.facebook.com\/senoticias1\" target=\"_blank\" rel=\"noopener\"><b>Facebook\u00a0<\/b><\/a><strong>e no\u00a0<\/strong><a href=\"https:\/\/www.instagram.com\/senoticias\/\" target=\"_blank\" rel=\"noopener\"><b>Instagram<\/b><\/a><\/em><\/p>\n<p>&nbsp;<\/p>\n<p><em>Informa\u00e7\u00f5es da Ag\u00eancia Sergipe de Not\u00edcias<\/em><\/p>\n","protected":false},"excerpt":{"rendered":"<p>Um dos primeiros compromissos na agenda administrativa do governador Belivaldo Chagas nesta segunda-feira (04), foi dar posse ao novo secret\u00e1rio de Estado de Desenvolvimento Urbano e Sustentabilidade, o engenheiro civil Ubirajara Barreto. Desde o in\u00edcio de sua nova gest\u00e3o, Belivaldo vem realizando altera\u00e7\u00f5es no secretariado, e mesmo substituindo o ex-secret\u00e1rio Valmor Barbosa que era respons\u00e1vel [&hellip;]<\/p>\n","protected":false},"author":6552,"featured_media":117026,"comment_status":"closed","ping_status":"closed","sticky":false,"template":"","format":"standard","meta":{"footnotes":""},"categories":[6],"tags":[2806,11506,9463,11507,11505],"class_list":{"0":"post-117025","1":"post","2":"type-post","3":"status-publish","4":"format-standard","5":"has-post-thumbnail","7":"category-politica","8":"tag-belivaldo-chagas","9":"tag-bira","10":"tag-governador-belivaldo-chagas","11":"tag-transporte-alternativo","12":"tag-ubirajara-barreto"},"_links":{"self":[{"href":"https:\/\/senoticias.com.br\/se\/wp-json\/wp\/v2\/posts\/117025"}],"collection":[{"href":"https:\/\/senoticias.com.br\/se\/wp-json\/wp\/v2\/posts"}],"about":[{"href":"https:\/\/senoticias.com.br\/se\/wp-json\/wp\/v2\/types\/post"}],"author":[{"embeddable":true,"href":"https:\/\/senoticias.com.br\/se\/wp-json\/wp\/v2\/users\/6552"}],"replies":[{"embeddable":true,"href":"https:\/\/senoticias.com.br\/se\/wp-json\/wp\/v2\/comments?post=117025"}],"version-history":[{"count":0,"href":"https:\/\/senoticias.com.br\/se\/wp-json\/wp\/v2\/posts\/117025\/revisions"}],"wp:featuredmedia":[{"embeddable":true,"href":"https:\/\/senoticias.com.br\/se\/wp-json\/wp\/v2\/media\/117026"}],"wp:attachment":[{"href":"https:\/\/senoticias.com.br\/se\/wp-json\/wp\/v2\/media?parent=117025"}],"wp:term":[{"taxonomy":"category","embeddable":true,"href":"https:\/\/senoticias.com.br\/se\/wp-json\/wp\/v2\/categories?post=117025"},{"taxonomy":"post_tag","embeddable":true,"href":"https:\/\/senoticias.com.br\/se\/wp-json\/wp\/v2\/tags?post=117025"}],"curies":[{"name":"wp","href":"https:\/\/api.w.org\/{rel}","templated":true}]}}