{"id":116978,"date":"2019-01-31T11:53:26","date_gmt":"2019-01-31T14:53:26","guid":{"rendered":"https:\/\/senoticias.com.br\/se\/?p=116978"},"modified":"2019-01-31T12:01:28","modified_gmt":"2019-01-31T15:01:28","slug":"federacao-dos-municipios-de-sergipe-tem-novo-presidente","status":"publish","type":"post","link":"https:\/\/senoticias.com.br\/se\/federacao-dos-municipios-de-sergipe-tem-novo-presidente\/","title":{"rendered":"Federa\u00e7\u00e3o dos Munic\u00edpios de Sergipe tem novo presidente"},"content":{"rendered":"<p style=\"text-align: justify;\">A partir dessa sexta-feira, 1\u00ba de fevereiro, a Federa\u00e7\u00e3o dos Munic\u00edpios do Estado de Sergipe (FAMES) ter\u00e1 nova diretoria. E quem assume a Presid\u00eancia no lugar de Marcos Barreto \u00e9 o prefeito de Ilha das Flores, Christiano Cavalcante. A posse est\u00e1 marcada para o dia 17 de fevereiro com a presen\u00e7a de diretores da Confedera\u00e7\u00e3o Nacional dos Munic\u00edpios (CNM), bra\u00e7o nacional da FAMES.<\/p>\n<div id=\"attachment_116979\" style=\"width: 609px\" class=\"wp-caption aligncenter\"><a href=\"https:\/\/senoticias.com.br\/se\/wp-content\/uploads\/2019\/01\/cristiano-cavalcante-e1548946518338.jpg\"><img loading=\"lazy\" decoding=\"async\" aria-describedby=\"caption-attachment-116979\" class=\"size-full wp-image-116979\" src=\"https:\/\/senoticias.com.br\/se\/wp-content\/uploads\/2019\/01\/cristiano-cavalcante-e1548946518338.jpg\" alt=\"\" width=\"599\" height=\"400\" \/><\/a><p id=\"caption-attachment-116979\" class=\"wp-caption-text\">Christiano Cavalcante Beltr\u00e3o \u00e9 o novo presidente da FAMES. (Foto: arquivo pessoal)<\/p><\/div>\n<p style=\"text-align: justify;\">O novo presidente, que est\u00e1 no sexto ano do mandato de prefeito, conhece muito bem as dificuldades enfrentadas pelos munic\u00edpios sergipanos e brasileiros. Apesar da pauta extensa em Bras\u00edlia, ele entende que uma \u00e9 priorit\u00e1ria: a revis\u00e3o do Pacto Federativo.<\/p>\n<p style=\"text-align: justify;\">Ele alerta que a situa\u00e7\u00e3o financeira da grande maioria das prefeituras sergipanas \u00e9 cr\u00edtica, uma vez que o aumento dos gastos \u00e9 bem maior que o da receita. \u201cO pa\u00eds ainda est\u00e1 em crise econ\u00f4mica, e isso afeta toda a arrecada\u00e7\u00e3o. Temos esperan\u00e7a que o novo governo federal priorize a produ\u00e7\u00e3o, fa\u00e7a as reformas previdenci\u00e1ria e tribut\u00e1ria, e melhore a arrecada\u00e7\u00e3o sem aumentar impostos, pois a popula\u00e7\u00e3o n\u00e3o pode ser penalizada. Estaremos atentos e vigilantes para garantir que as administra\u00e7\u00f5es municipais n\u00e3o continuem sendo prejudicadas com pol\u00edticas financeiras equivocadas, que privilegiam apenas os cofres da Uni\u00e3o\u201d, adverte o futuro presidente.<\/p>\n<p style=\"text-align: justify;\">Na agenda do novo presidente est\u00e1 a 22\u00aa Marcha a Bras\u00edlia em Defesa dos Munic\u00edpios, que ir\u00e1 acontecer de 8 a 11 de abril. Assim como nas mobiliza\u00e7\u00f5es anteriores, a Marcha dever\u00e1 contar com a presen\u00e7a de mais de 4 mil prefeitos, que ir\u00e3o aprofundar as pautas municipalistas que tramitam no Congresso, no Judici\u00e1rio e outras demandas que dependem exclusivamente do governo federal. \u201cAt\u00e9 l\u00e1, iremos acompanhar a movimenta\u00e7\u00e3o no Congresso e no Pal\u00e1cio do Planalto que proporcionem al\u00edvio \u00e0s finan\u00e7as municipais. Para construir um novo Brasil \u00e9 preciso ter munic\u00edpios fortes e em condi\u00e7\u00f5es de prestar um bom servi\u00e7o \u00e0 popula\u00e7\u00e3o\u201d, destaca Christiano Cavalcante.<\/p>\n<p>&nbsp;<\/p>\n<p><a href=\"https:\/\/senoticias.com.br\/se\/wp-content\/uploads\/2018\/12\/Logomarca-fone-SE-4-2-1-1-1-1-1-1.jpg\"><img loading=\"lazy\" decoding=\"async\" class=\"aligncenter size-full wp-image-116642\" src=\"https:\/\/senoticias.com.br\/se\/wp-content\/uploads\/2018\/12\/Logomarca-fone-SE-4-2-1-1-1-1-1-1.jpg\" alt=\"\" width=\"599\" height=\"78\" srcset=\"https:\/\/senoticias.com.br\/se\/wp-content\/uploads\/2018\/12\/Logomarca-fone-SE-4-2-1-1-1-1-1-1.jpg 599w, https:\/\/senoticias.com.br\/se\/wp-content\/uploads\/2018\/12\/Logomarca-fone-SE-4-2-1-1-1-1-1-1-300x39.jpg 300w\" sizes=\"(max-width: 599px) 100vw, 599px\" \/><\/a><\/p>\n<p>&nbsp;<\/p>\n<p>&nbsp;<\/p>\n<p>&nbsp;<\/p>\n<p><em>Da Assessoria de Imprensa<\/em><\/p>\n","protected":false},"excerpt":{"rendered":"<p>A partir dessa sexta-feira, 1\u00ba de fevereiro, a Federa\u00e7\u00e3o dos Munic\u00edpios do Estado de Sergipe (FAMES) ter\u00e1 nova diretoria. E quem assume a Presid\u00eancia no lugar de Marcos Barreto \u00e9 o prefeito de Ilha das Flores, Christiano Cavalcante. A posse est\u00e1 marcada para o dia 17 de fevereiro com a presen\u00e7a de diretores da Confedera\u00e7\u00e3o [&hellip;]<\/p>\n","protected":false},"author":6552,"featured_media":116979,"comment_status":"closed","ping_status":"closed","sticky":false,"template":"","format":"standard","meta":{"footnotes":""},"categories":[15,38,1],"tags":[11479,11481,5939,11480,2690],"class_list":{"0":"post-116978","1":"post","2":"type-post","3":"status-publish","4":"format-standard","5":"has-post-thumbnail","7":"category-destaques","8":"category-municipios","9":"category-sem-categoria","10":"tag-22a-marcha-a-brasilia","11":"tag-christiano-cavalcante","12":"tag-confederacao-nacional-dos-municipios","13":"tag-defesa-dos-municipios","14":"tag-fames"},"_links":{"self":[{"href":"https:\/\/senoticias.com.br\/se\/wp-json\/wp\/v2\/posts\/116978"}],"collection":[{"href":"https:\/\/senoticias.com.br\/se\/wp-json\/wp\/v2\/posts"}],"about":[{"href":"https:\/\/senoticias.com.br\/se\/wp-json\/wp\/v2\/types\/post"}],"author":[{"embeddable":true,"href":"https:\/\/senoticias.com.br\/se\/wp-json\/wp\/v2\/users\/6552"}],"replies":[{"embeddable":true,"href":"https:\/\/senoticias.com.br\/se\/wp-json\/wp\/v2\/comments?post=116978"}],"version-history":[{"count":0,"href":"https:\/\/senoticias.com.br\/se\/wp-json\/wp\/v2\/posts\/116978\/revisions"}],"wp:featuredmedia":[{"embeddable":true,"href":"https:\/\/senoticias.com.br\/se\/wp-json\/wp\/v2\/media\/116979"}],"wp:attachment":[{"href":"https:\/\/senoticias.com.br\/se\/wp-json\/wp\/v2\/media?parent=116978"}],"wp:term":[{"taxonomy":"category","embeddable":true,"href":"https:\/\/senoticias.com.br\/se\/wp-json\/wp\/v2\/categories?post=116978"},{"taxonomy":"post_tag","embeddable":true,"href":"https:\/\/senoticias.com.br\/se\/wp-json\/wp\/v2\/tags?post=116978"}],"curies":[{"name":"wp","href":"https:\/\/api.w.org\/{rel}","templated":true}]}}