{"id":116966,"date":"2019-01-30T12:47:41","date_gmt":"2019-01-30T15:47:41","guid":{"rendered":"https:\/\/senoticias.com.br\/se\/?p=116966"},"modified":"2019-01-30T12:57:36","modified_gmt":"2019-01-30T15:57:36","slug":"obra-mudara-transito-na-avenida-euclides-figueiredo-a-partir-de-segunda-feira-4","status":"publish","type":"post","link":"https:\/\/senoticias.com.br\/se\/obra-mudara-transito-na-avenida-euclides-figueiredo-a-partir-de-segunda-feira-4\/","title":{"rendered":"Obra mudar\u00e1 tr\u00e2nsito na avenida Euclides Figueiredo a partir de segunda-feira, 4"},"content":{"rendered":"<p style=\"text-align: justify;\">A Prefeitura Municipal de Aracaju (PMA) deu in\u00edcio aos trabalhos para implanta\u00e7\u00e3o de micro e macrodrenagem e a retirada de todo o pavimento antigo para a aplica\u00e7\u00e3o de nova camada asf\u00e1ltica na avenida Euclides Figueiredo, uma das mais importantes vias da zona Norte da capital sergipana. Devido \u00e0 obra, o fluxo de ve\u00edculos na regi\u00e3o vai mudar a partir da pr\u00f3xima segunda-feira, 4.<\/p>\n<div id=\"attachment_116967\" style=\"width: 609px\" class=\"wp-caption aligncenter\"><a href=\"https:\/\/senoticias.com.br\/se\/wp-content\/uploads\/2019\/01\/662cd9c3_3bf5_4f66_b37c_25861d0717a6-e1548863714399.jpg\"><img loading=\"lazy\" decoding=\"async\" aria-describedby=\"caption-attachment-116967\" class=\"size-full wp-image-116967\" src=\"https:\/\/senoticias.com.br\/se\/wp-content\/uploads\/2019\/01\/662cd9c3_3bf5_4f66_b37c_25861d0717a6-e1548863714399.jpg\" alt=\"\" width=\"599\" height=\"453\" \/><\/a><p id=\"caption-attachment-116967\" class=\"wp-caption-text\">Obra mudar\u00e1 tr\u00e2nsito na avenida Euclides Figueiredo a partir de segunda. (Foto arte: SMTT\/Aracaju)<\/p><\/div>\n<p style=\"text-align: justify;\">O servi\u00e7o, que ser\u00e1 diariamente das 8h \u00e0s 17h, ser\u00e1 iniciado na rotat\u00f3ria pr\u00f3xima ao bairro Lamar\u00e3o. Os ve\u00edculos no sentido Aracaju\/Nossa Senhora do Socorro ser\u00e3o desviados pela rua A, no bairro Dom Luciano, seguem at\u00e9 a rua M e voltar\u00e3o \u00e0 avenida Euclides Figueiredo na altura do bairro Jap\u00e3ozinho, de onde retornam e saem na rotat\u00f3rio do Lamar\u00e3o \u2013 ponto de bloqueio.<\/p>\n<p style=\"text-align: justify;\">J\u00e1 o tr\u00e2nsito para quem vai de Nossa Senhora do Socorro a Aracaju permanecer\u00e1 livre. As altera\u00e7\u00f5es no tr\u00e2nsito come\u00e7am \u00e0s 8h da segunda-feira, 4. A regi\u00e3o estar\u00e1 devidamente sinalizada e agentes da Superintend\u00eancia Municipal de Transportes e Tr\u00e2nsito (SMTT) de Aracaju estar\u00e3o na via para orientar os condutores. Todas as ruas que far\u00e3o parte do desvio foram recapeadas pela Empresa Municipal de Obras e Urbaniza\u00e7\u00e3o (Emurb).<\/p>\n<p style=\"text-align: justify;\">\u201cOrganizamos o esquema do tr\u00e2nsito e tomamos medidas para minimizar o m\u00e1ximo poss\u00edvel os transtornos para a popula\u00e7\u00e3o. Toda obra causa um certo transtorno, mas \u00e9 importante ressaltar que os benef\u00edcios ser\u00e3o grandes quando a obra estiver pronta. A melhoria na Euclides Figueiredo \u00e9 uma solicita\u00e7\u00e3o antiga dos moradores e a Prefeitura de Aracaju estar\u00e1 fazendo mais essa grande obra em prol da popula\u00e7\u00e3o\u201d, frisa o superintendente interino da SMTT, Renato Telles.<\/p>\n<p style=\"text-align: justify;\"><strong>Transporte coletivo<br \/>\n<\/strong><br \/>\nAssim como todos os ve\u00edculos, as seguintes linhas de \u00f4nibus tamb\u00e9m passar\u00e3o pelos desvios:<\/p>\n<p>002 \u2013 Fernando Collor\/DIA<br \/>\n003- Jo\u00e3o Alves\/Orlando Dantas<br \/>\n020- Piabeta\/Dia<br \/>\n030 \u2013 Marcos Freire I e III\/DIA<br \/>\n040 \u2013 Marcos Freire II\/DIA<br \/>\n063 \u2013 Albano Franco\/Centro\/via Osvaldo Aranha<\/p>\n<p style=\"text-align: justify;\">E o diretor de Transporte P\u00fablico da SMTT, Augusto Magalh\u00e3es, garante que os usu\u00e1rios do transporte coletivo n\u00e3o ser\u00e3o prejudicados. \u201cAs linhas passar\u00e3o pelo desvio estabelecido pela SMTT, as ruas estar\u00e3o sinalizadas e a popula\u00e7\u00e3o que faz uso do transporte coletivo n\u00e3o ser\u00e1 prejudicada porque os \u00f4nibus circular\u00e3o normalmente\u201d, frisa.<\/p>\n<p style=\"text-align: justify;\"><strong>Sobre a obra<\/strong><\/p>\n<p style=\"text-align: justify;\">A ordem de servi\u00e7o foi assinada pelo prefeito Edvaldo Nogueira no \u00faltimo dia 21. A a\u00e7\u00e3o integra um complexo de obras que a atual gest\u00e3o desenvolve na \u00e1rea, como a infraestrutura dos loteamentos Moema Mary I e II e Jardim Bahia. O objetivo \u00e9 resolver o problema dos alagamentos na regi\u00e3o, que se arrasta h\u00e1 anos. O investimento \u00e9 de mais de R$ 7 milh\u00f5es.<\/p>\n<p><a href=\"https:\/\/senoticias.com.br\/se\/wp-content\/uploads\/2018\/12\/Logomarca-fone-SE-4-2-1-1-1-1-1-1.jpg\"><img loading=\"lazy\" decoding=\"async\" class=\"aligncenter size-full wp-image-116642\" src=\"https:\/\/senoticias.com.br\/se\/wp-content\/uploads\/2018\/12\/Logomarca-fone-SE-4-2-1-1-1-1-1-1.jpg\" alt=\"\" width=\"599\" height=\"78\" srcset=\"https:\/\/senoticias.com.br\/se\/wp-content\/uploads\/2018\/12\/Logomarca-fone-SE-4-2-1-1-1-1-1-1.jpg 599w, https:\/\/senoticias.com.br\/se\/wp-content\/uploads\/2018\/12\/Logomarca-fone-SE-4-2-1-1-1-1-1-1-300x39.jpg 300w\" sizes=\"(max-width: 599px) 100vw, 599px\" \/><\/a><\/p>\n<p>&nbsp;<\/p>\n<p><em><strong>Acompanhe o SE Not\u00edcias no<\/strong><span class=\"apple-converted-space\"><b>\u00a0<\/b><\/span><a href=\"https:\/\/twitter.com\/Senoticias\" target=\"_blank\" rel=\"noopener\"><b>Twitter<\/b><\/a><strong>,<\/strong><span class=\"apple-converted-space\"><b>\u00a0<\/b><\/span><a href=\"https:\/\/www.facebook.com\/senoticias1\" target=\"_blank\" rel=\"noopener\"><b>Facebook<\/b><span class=\"apple-converted-space\"><b>\u00a0<\/b><\/span><\/a><strong>e no<\/strong><span class=\"apple-converted-space\"><b>\u00a0<\/b><\/span><b><a href=\"https:\/\/www.instagram.com\/senoticias\/\" target=\"_blank\" rel=\"noopener\">Instagram<\/a><\/b><\/em><\/p>\n<p><em>Por ascom\/SMTT<\/em><\/p>\n<p>&nbsp;<\/p>\n","protected":false},"excerpt":{"rendered":"<p>A Prefeitura Municipal de Aracaju (PMA) deu in\u00edcio aos trabalhos para implanta\u00e7\u00e3o de micro e macrodrenagem e a retirada de todo o pavimento antigo para a aplica\u00e7\u00e3o de nova camada asf\u00e1ltica na avenida Euclides Figueiredo, uma das mais importantes vias da zona Norte da capital sergipana. Devido \u00e0 obra, o fluxo de ve\u00edculos na regi\u00e3o [&hellip;]<\/p>\n","protected":false},"author":6552,"featured_media":116967,"comment_status":"closed","ping_status":"closed","sticky":false,"template":"","format":"standard","meta":{"footnotes":""},"categories":[15,6],"tags":[7913,2979,4082,7603],"class_list":{"0":"post-116966","1":"post","2":"type-post","3":"status-publish","4":"format-standard","5":"has-post-thumbnail","7":"category-destaques","8":"category-politica","9":"tag-euclides-figueiredo","10":"tag-smtt","11":"tag-smtt-aracaju","12":"tag-superintendencia-municipal-de-transportes-e-transito"},"_links":{"self":[{"href":"https:\/\/senoticias.com.br\/se\/wp-json\/wp\/v2\/posts\/116966"}],"collection":[{"href":"https:\/\/senoticias.com.br\/se\/wp-json\/wp\/v2\/posts"}],"about":[{"href":"https:\/\/senoticias.com.br\/se\/wp-json\/wp\/v2\/types\/post"}],"author":[{"embeddable":true,"href":"https:\/\/senoticias.com.br\/se\/wp-json\/wp\/v2\/users\/6552"}],"replies":[{"embeddable":true,"href":"https:\/\/senoticias.com.br\/se\/wp-json\/wp\/v2\/comments?post=116966"}],"version-history":[{"count":0,"href":"https:\/\/senoticias.com.br\/se\/wp-json\/wp\/v2\/posts\/116966\/revisions"}],"wp:featuredmedia":[{"embeddable":true,"href":"https:\/\/senoticias.com.br\/se\/wp-json\/wp\/v2\/media\/116967"}],"wp:attachment":[{"href":"https:\/\/senoticias.com.br\/se\/wp-json\/wp\/v2\/media?parent=116966"}],"wp:term":[{"taxonomy":"category","embeddable":true,"href":"https:\/\/senoticias.com.br\/se\/wp-json\/wp\/v2\/categories?post=116966"},{"taxonomy":"post_tag","embeddable":true,"href":"https:\/\/senoticias.com.br\/se\/wp-json\/wp\/v2\/tags?post=116966"}],"curies":[{"name":"wp","href":"https:\/\/api.w.org\/{rel}","templated":true}]}}