{"id":116960,"date":"2019-01-29T13:28:07","date_gmt":"2019-01-29T16:28:07","guid":{"rendered":"https:\/\/senoticias.com.br\/se\/?p=116960"},"modified":"2019-01-29T13:33:53","modified_gmt":"2019-01-29T16:33:53","slug":"no-tce-sindicatos-apresentam-novos-aspectos-que-consideram-irregulares-em-contrato-de-terceirizacao-da-pma","status":"publish","type":"post","link":"https:\/\/senoticias.com.br\/se\/no-tce-sindicatos-apresentam-novos-aspectos-que-consideram-irregulares-em-contrato-de-terceirizacao-da-pma\/","title":{"rendered":"No TCE, sindicatos apresentam novos aspectos que consideram irregulares em contrato de terceiriza\u00e7\u00e3o da PMA"},"content":{"rendered":"<p style=\"text-align: justify;\">O presidente do Tribunal de Contas do Estado (TCE\/SE), conselheiro Ulices Andrade, e o conselheiro Luiz Augusto Ribeiro, receberam na manh\u00e3 desta segunda-feira, 28, sindicalistas de seis profiss\u00f5es da \u00e1rea da sa\u00fade: Enfermeiros (Seese), M\u00e9dicos (Sindimed), Assistentes Sociais (Sindasse), Farmac\u00eauticos (Sindifarma), Fisioterapeutas (Sintrafa) e Nutricionistas (Sindinutrise).<\/p>\n<div id=\"attachment_116961\" style=\"width: 609px\" class=\"wp-caption aligncenter\"><a href=\"https:\/\/senoticias.com.br\/se\/wp-content\/uploads\/2019\/01\/image-1-e1548779399336.png\"><img loading=\"lazy\" decoding=\"async\" aria-describedby=\"caption-attachment-116961\" class=\"size-full wp-image-116961\" src=\"https:\/\/senoticias.com.br\/se\/wp-content\/uploads\/2019\/01\/image-1-e1548779399336.png\" alt=\"\" width=\"599\" height=\"391\" \/><\/a><p id=\"caption-attachment-116961\" class=\"wp-caption-text\">No TCE\/SE, sindicatos apresentam novos aspectos que consideram irregulares em contrato de terceiriza\u00e7\u00e3o da Prefeitura de Aracaju. (Foto: Cleverton Ribeiro\/TCE)<\/p><\/div>\n<p style=\"text-align: justify;\">Em pauta, a contrata\u00e7\u00e3o emergencial de empresa terceirizada pela Prefeitura de Aracaju para administrar e suprir a escala de m\u00e9dicos da Unidade de Pronto Atendimento Nestor Piva. O contrato j\u00e1 \u00e9 objeto de auditoria executada atualmente pelo TCE, por meio da 3\u00aa Coordenadoria de Controle e Inspe\u00e7\u00e3o (CCI).<\/p>\n<p style=\"text-align: justify;\">A audi\u00eancia ocorreu a pedido dos sindicatos, que almejavam apresentar novos aspectos para an\u00e1lise do Tribunal.<\/p>\n<p style=\"text-align: justify;\">2801-TCE (3).JPG\u201cPedimos essa audi\u00eancia para falar sobre as den\u00fancias e trazer uma novidade: houve a contextualiza\u00e7\u00e3o para que a empresa terceirizada administrasse um hospital, mas a Prefeitura, mesmo assinando isso, transformou numa Unidade de Pronto Atendimento\u201d, observou a presidente do Sindicato dos Enfermeiros do Estado de Sergipe, Shirley Morales.<\/p>\n<p style=\"text-align: justify;\">Respons\u00e1vel por relatar os processos da 5\u00aa \u00c1rea de Auditoria Governamental TCE, da qual faz parte o munic\u00edpio de Aracaju, o conselheiro Luiz Augusto Ribeiro informou que o corpo t\u00e9cnico da 3\u00aa CCI tem se debru\u00e7ado sobre o contrato e logo lhe ser\u00e1 encaminhado o relat\u00f3rio para que o tr\u00e2mite legal tenha andamento, culminando com a aprecia\u00e7\u00e3o do Pleno.<\/p>\n<p style=\"text-align: justify;\">\u201cV\u00e1rias informa\u00e7\u00f5es foram dadas, soubemos que a auditoria est\u00e1 bem adiantada, a equipe t\u00e9cnica est\u00e1 tirando suas conclus\u00f5es, vamos encaminhar novas informa\u00e7\u00f5es\u201d, colocou o secret\u00e1rio-geral do Sindimed, Luiz Carlos Spina.<\/p>\n<p style=\"text-align: justify;\">Ainda na ocasi\u00e3o, o presidente do TCE, conselheiro Ulices Andrade, destacou a import\u00e2ncia do di\u00e1logo com os representantes dos trabalhadores a fim de aprimorar o trabalho fiscalizat\u00f3rio desenvolvido pela Corte de Contas.<\/p>\n<p>&nbsp;<\/p>\n<p><a href=\"https:\/\/senoticias.com.br\/se\/wp-content\/uploads\/2018\/12\/Logomarca-fone-SE-4-2-1-1-1-1-1-1.jpg\"><img loading=\"lazy\" decoding=\"async\" class=\"aligncenter size-full wp-image-116642\" src=\"https:\/\/senoticias.com.br\/se\/wp-content\/uploads\/2018\/12\/Logomarca-fone-SE-4-2-1-1-1-1-1-1.jpg\" alt=\"\" width=\"599\" height=\"78\" srcset=\"https:\/\/senoticias.com.br\/se\/wp-content\/uploads\/2018\/12\/Logomarca-fone-SE-4-2-1-1-1-1-1-1.jpg 599w, https:\/\/senoticias.com.br\/se\/wp-content\/uploads\/2018\/12\/Logomarca-fone-SE-4-2-1-1-1-1-1-1-300x39.jpg 300w\" sizes=\"(max-width: 599px) 100vw, 599px\" \/><\/a><\/p>\n<p>&nbsp;<\/p>\n<p>&nbsp;<\/p>\n<p><em><strong>Acompanhe o SE Not\u00edcias no<\/strong><span class=\"apple-converted-space\"><b>\u00a0<\/b><\/span><a href=\"https:\/\/twitter.com\/Senoticias\" target=\"_blank\" rel=\"noopener\"><b>Twitter<\/b><\/a><strong>,<\/strong><span class=\"apple-converted-space\"><b>\u00a0<\/b><\/span><a href=\"https:\/\/www.facebook.com\/senoticias1\" target=\"_blank\" rel=\"noopener\"><b>Facebook<\/b><span class=\"apple-converted-space\"><b>\u00a0<\/b><\/span><\/a><strong>e no<\/strong><span class=\"apple-converted-space\"><b>\u00a0<\/b><\/span><b><a href=\"https:\/\/www.instagram.com\/senoticias\/\" target=\"_blank\" rel=\"noopener\">Instagram<\/a><\/b><\/em><\/p>\n<p><em>Por ascom\/TCE<\/em><\/p>\n","protected":false},"excerpt":{"rendered":"<p>O presidente do Tribunal de Contas do Estado (TCE\/SE), conselheiro Ulices Andrade, e o conselheiro Luiz Augusto Ribeiro, receberam na manh\u00e3 desta segunda-feira, 28, sindicalistas de seis profiss\u00f5es da \u00e1rea da sa\u00fade: Enfermeiros (Seese), M\u00e9dicos (Sindimed), Assistentes Sociais (Sindasse), Farmac\u00eauticos (Sindifarma), Fisioterapeutas (Sintrafa) e Nutricionistas (Sindinutrise). Em pauta, a contrata\u00e7\u00e3o emergencial de empresa terceirizada pela [&hellip;]<\/p>\n","protected":false},"author":6552,"featured_media":116961,"comment_status":"closed","ping_status":"closed","sticky":false,"template":"","format":"standard","meta":{"footnotes":""},"categories":[15,6],"tags":[213,529,11476,565,11475],"class_list":{"0":"post-116960","1":"post","2":"type-post","3":"status-publish","4":"format-standard","5":"has-post-thumbnail","7":"category-destaques","8":"category-politica","9":"tag-prefeitura-de-aracaju","10":"tag-tce","11":"tag-terceirizacao-da-saude","12":"tag-tribunal-de-contas-do-estado","13":"tag-unidade-de-pronto-atendimento-nestor-piva"},"_links":{"self":[{"href":"https:\/\/senoticias.com.br\/se\/wp-json\/wp\/v2\/posts\/116960"}],"collection":[{"href":"https:\/\/senoticias.com.br\/se\/wp-json\/wp\/v2\/posts"}],"about":[{"href":"https:\/\/senoticias.com.br\/se\/wp-json\/wp\/v2\/types\/post"}],"author":[{"embeddable":true,"href":"https:\/\/senoticias.com.br\/se\/wp-json\/wp\/v2\/users\/6552"}],"replies":[{"embeddable":true,"href":"https:\/\/senoticias.com.br\/se\/wp-json\/wp\/v2\/comments?post=116960"}],"version-history":[{"count":0,"href":"https:\/\/senoticias.com.br\/se\/wp-json\/wp\/v2\/posts\/116960\/revisions"}],"wp:featuredmedia":[{"embeddable":true,"href":"https:\/\/senoticias.com.br\/se\/wp-json\/wp\/v2\/media\/116961"}],"wp:attachment":[{"href":"https:\/\/senoticias.com.br\/se\/wp-json\/wp\/v2\/media?parent=116960"}],"wp:term":[{"taxonomy":"category","embeddable":true,"href":"https:\/\/senoticias.com.br\/se\/wp-json\/wp\/v2\/categories?post=116960"},{"taxonomy":"post_tag","embeddable":true,"href":"https:\/\/senoticias.com.br\/se\/wp-json\/wp\/v2\/tags?post=116960"}],"curies":[{"name":"wp","href":"https:\/\/api.w.org\/{rel}","templated":true}]}}