{"id":116942,"date":"2019-01-27T15:56:59","date_gmt":"2019-01-27T18:56:59","guid":{"rendered":"https:\/\/senoticias.com.br\/se\/?p=116942"},"modified":"2019-01-27T15:56:59","modified_gmt":"2019-01-27T18:56:59","slug":"ex-comandante-da-policia-militar-morre-em-aracaju-aos-76-anos","status":"publish","type":"post","link":"https:\/\/senoticias.com.br\/se\/ex-comandante-da-policia-militar-morre-em-aracaju-aos-76-anos\/","title":{"rendered":"Ex-comandante da Pol\u00edcia Militar morre em Aracaju aos 76 anos"},"content":{"rendered":"<div id=\"attachment_116943\" style=\"width: 328px\" class=\"wp-caption alignright\"><a href=\"https:\/\/senoticias.com.br\/se\/wp-content\/uploads\/2019\/01\/Coronel-Helio-Silva.png\"><img loading=\"lazy\" decoding=\"async\" aria-describedby=\"caption-attachment-116943\" class=\"size-full wp-image-116943\" src=\"https:\/\/senoticias.com.br\/se\/wp-content\/uploads\/2019\/01\/Coronel-Helio-Silva.png\" alt=\"\" width=\"318\" height=\"398\" srcset=\"https:\/\/senoticias.com.br\/se\/wp-content\/uploads\/2019\/01\/Coronel-Helio-Silva.png 318w, https:\/\/senoticias.com.br\/se\/wp-content\/uploads\/2019\/01\/Coronel-Helio-Silva-240x300.png 240w\" sizes=\"(max-width: 318px) 100vw, 318px\" \/><\/a><p id=\"caption-attachment-116943\" class=\"wp-caption-text\">O coronel H\u00e9lio deixa a esposa, dois filhos e al\u00e9m de tr\u00eas netos. (Foto: arquivo\/PMSE)<\/p><\/div>\n<p style=\"text-align: justify;\">Morreu na manh\u00e3 deste domingo (27), no Hospital S\u00e3o Lucas, no Bairro S\u00e3o Jos\u00e9, em Aracaju, o ex-comandante da Pol\u00edcia Militar de Sergipe, coronel H\u00e9lio Silva, aos 76 anos, ap\u00f3s sofrer uma parada card\u00edaca.<\/p>\n<p><strong>Pol\u00edcia Militar lamenta<\/strong><\/p>\n<p style=\"text-align: justify;\">A Pol\u00edcia Militar do Estado de Sergipe lamenta profundamente o falecimento do coronel da reserva e ex-comandante da Corpora\u00e7\u00e3o, H\u00e9lio Silva, de 76 anos, ocorrido na manh\u00e3 deste domingo, 27, no Hospital S\u00e3o Lucas, ap\u00f3s uma parada card\u00edaca.<\/p>\n<p style=\"text-align: justify;\">Ele assumiu o comando da PMSE entre janeiro de 1998 e dezembro de 1999, quando foi transferido para a reserva remunerada.<\/p>\n<p style=\"text-align: justify;\">O vel\u00f3rio est\u00e1 acontecendo no Cemit\u00e9rio Colina da Saudade, em Aracaju, onde ser\u00e1 sepultado nesta segunda-feira, 28, \u00e0s 11h.<\/p>\n<p style=\"text-align: justify;\">O coronel H\u00e9lio Silva deixa a esposa, dois filhos, entre eles o subtenente Heliomarto, al\u00e9m de tr\u00eas netos.<\/p>\n<p style=\"text-align: justify;\">Neste momento de luto deixamos os nossos sentimentos e express\u00f5es de conforto \u00e0 fam\u00edlia e amigos do coronel H\u00e9lio Silva, bem como, nos colocamos \u00e0 disposi\u00e7\u00e3o para o que se fizer necess\u00e1rio.<\/p>\n<p>&nbsp;<\/p>\n<p><em><strong>Acompanhe o SE Not\u00edcias no<\/strong><span class=\"apple-converted-space\"><b>\u00a0<\/b><\/span><a href=\"https:\/\/twitter.com\/Senoticias\" target=\"_blank\" rel=\"noopener\"><b>Twitter<\/b><\/a><strong>,<\/strong><span class=\"apple-converted-space\"><b>\u00a0<\/b><\/span><a href=\"https:\/\/www.facebook.com\/senoticias1\" target=\"_blank\" rel=\"noopener\"><b>Facebook<\/b><span class=\"apple-converted-space\"><b>\u00a0<\/b><\/span><\/a><strong>e no<\/strong><span class=\"apple-converted-space\"><b>\u00a0<\/b><\/span><a href=\"https:\/\/www.instagram.com\/senoticias\/\" target=\"_blank\" rel=\"noopener\"><b>Instagram<\/b><\/a><\/em><\/p>\n<p>&nbsp;<\/p>\n<p><a href=\"https:\/\/senoticias.com.br\/se\/wp-content\/uploads\/2018\/12\/Logomarca-fone-SE-4-2-1-1-1-1-1-1.jpg\"><img loading=\"lazy\" decoding=\"async\" class=\"aligncenter size-full wp-image-116642\" src=\"https:\/\/senoticias.com.br\/se\/wp-content\/uploads\/2018\/12\/Logomarca-fone-SE-4-2-1-1-1-1-1-1.jpg\" alt=\"\" width=\"599\" height=\"78\" srcset=\"https:\/\/senoticias.com.br\/se\/wp-content\/uploads\/2018\/12\/Logomarca-fone-SE-4-2-1-1-1-1-1-1.jpg 599w, https:\/\/senoticias.com.br\/se\/wp-content\/uploads\/2018\/12\/Logomarca-fone-SE-4-2-1-1-1-1-1-1-300x39.jpg 300w\" sizes=\"(max-width: 599px) 100vw, 599px\" \/><\/a><\/p>\n<p>&nbsp;<\/p>\n<p><em>Com informa\u00e7\u00f5es da PMSE<\/em><\/p>\n<p>&nbsp;<\/p>\n","protected":false},"excerpt":{"rendered":"<p>Morreu na manh\u00e3 deste domingo (27), no Hospital S\u00e3o Lucas, no Bairro S\u00e3o Jos\u00e9, em Aracaju, o ex-comandante da Pol\u00edcia Militar de Sergipe, coronel H\u00e9lio Silva, aos 76 anos, ap\u00f3s sofrer uma parada card\u00edaca. Pol\u00edcia Militar lamenta A Pol\u00edcia Militar do Estado de Sergipe lamenta profundamente o falecimento do coronel da reserva e ex-comandante da [&hellip;]<\/p>\n","protected":false},"author":6552,"featured_media":116943,"comment_status":"closed","ping_status":"closed","sticky":false,"template":"","format":"standard","meta":{"footnotes":""},"categories":[15,7],"tags":[11462,11461,11463],"class_list":{"0":"post-116942","1":"post","2":"type-post","3":"status-publish","4":"format-standard","5":"has-post-thumbnail","7":"category-destaques","8":"category-policia","9":"tag-cardiaca-policia-militar","10":"tag-coronel-helio-silva","11":"tag-falece-coronel-helio-silva"},"_links":{"self":[{"href":"https:\/\/senoticias.com.br\/se\/wp-json\/wp\/v2\/posts\/116942"}],"collection":[{"href":"https:\/\/senoticias.com.br\/se\/wp-json\/wp\/v2\/posts"}],"about":[{"href":"https:\/\/senoticias.com.br\/se\/wp-json\/wp\/v2\/types\/post"}],"author":[{"embeddable":true,"href":"https:\/\/senoticias.com.br\/se\/wp-json\/wp\/v2\/users\/6552"}],"replies":[{"embeddable":true,"href":"https:\/\/senoticias.com.br\/se\/wp-json\/wp\/v2\/comments?post=116942"}],"version-history":[{"count":0,"href":"https:\/\/senoticias.com.br\/se\/wp-json\/wp\/v2\/posts\/116942\/revisions"}],"wp:featuredmedia":[{"embeddable":true,"href":"https:\/\/senoticias.com.br\/se\/wp-json\/wp\/v2\/media\/116943"}],"wp:attachment":[{"href":"https:\/\/senoticias.com.br\/se\/wp-json\/wp\/v2\/media?parent=116942"}],"wp:term":[{"taxonomy":"category","embeddable":true,"href":"https:\/\/senoticias.com.br\/se\/wp-json\/wp\/v2\/categories?post=116942"},{"taxonomy":"post_tag","embeddable":true,"href":"https:\/\/senoticias.com.br\/se\/wp-json\/wp\/v2\/tags?post=116942"}],"curies":[{"name":"wp","href":"https:\/\/api.w.org\/{rel}","templated":true}]}}