{"id":116930,"date":"2019-01-26T06:42:33","date_gmt":"2019-01-26T09:42:33","guid":{"rendered":"https:\/\/senoticias.com.br\/se\/?p=116930"},"modified":"2019-01-26T06:42:33","modified_gmt":"2019-01-26T09:42:33","slug":"barragem-da-vale-se-rompe-em-brumadinho-grande-bh-ha-9-mortos-e-ate-300-desaparecidos","status":"publish","type":"post","link":"https:\/\/senoticias.com.br\/se\/barragem-da-vale-se-rompe-em-brumadinho-grande-bh-ha-9-mortos-e-ate-300-desaparecidos\/","title":{"rendered":"Barragem da Vale se rompe em Brumadinho, Grande BH; h\u00e1 9 mortos e at\u00e9 300 desaparecidos"},"content":{"rendered":"<p style=\"text-align: justify;\">\nO Governo de Minas Gerais anunciou na noite desta sexta-feira a morte de pelo menos nove pessoas v\u00edtimas do rompimento da barragem em Brumadinho. Segundo dados confirmados pelo Corpo de Bombeiros, j\u00e1 foram localizados sete corpos de v\u00edtimas. Ainda n\u00e3o h\u00e1 a identifica\u00e7\u00e3o das pessoas que morreram.<\/p>\n<p style=\"text-align: justify;\">Segundo o texto divulgado pelas autoridades, foram retiradas nove pessoas com vida da lama e cerca de 100 pessoas ilhadas foram resgatadas.<\/p>\n<div id=\"attachment_116931\" style=\"width: 609px\" class=\"wp-caption aligncenter\"><a href=\"https:\/\/senoticias.com.br\/se\/wp-content\/uploads\/2019\/01\/whatsapp-image-2019-01-26-at-07.09.42.jpeg\"><img loading=\"lazy\" decoding=\"async\" aria-describedby=\"caption-attachment-116931\" class=\"size-full wp-image-116931\" src=\"https:\/\/senoticias.com.br\/se\/wp-content\/uploads\/2019\/01\/whatsapp-image-2019-01-26-at-07.09.42-e1548495646754.jpeg\" alt=\"\" width=\"599\" height=\"337\" \/><\/a><p id=\"caption-attachment-116931\" class=\"wp-caption-text\">Imagem da opera\u00e7\u00e3o de resgate (Foto: Divulga\u00e7\u00e3o\/Bombeiros)<\/p><\/div>\n<p style=\"text-align: justify;\">Segundo dados transmitidos pelo representante da Vale ao governador mineiro, havia 427 pessoas no local, sendo que 279 foram resgatadas vivas. E s\u00e3o cerca de 150 pessoas desaparecidas, no momento, com vincula\u00e7\u00e3o \u00e0 empresa. Bombeiros j\u00e1 solicitaram o nome dos desaparecidos \u00e0 empresa.<\/p>\n<p style=\"text-align: justify;\">A Secretaria de Estado de Meio Ambiente e Desenvolvimento Sustent\u00e1vel (Semad) informou ter sido comunicada, \u00e0s 13h37, por meio do gerente de seguran\u00e7a e emerg\u00eancias ambientais da mineradora Vale S.A, sobre o rompimento da Barragem I de Conten\u00e7\u00e3o de Rejeitos da Mina Feij\u00e3o, localizada em Brumadinho, na Regi\u00e3o Metropolitana de Belo Horizonte.<\/p>\n<p style=\"text-align: justify;\">De acordo com a nota da Semad, a estrutura da barragem tinha \u00e1rea total de aproximadamente 27 hectares, 87 metros de altura e n\u00e3o recebia rejeitos desde 2015. A estabilidade estava atestada pelo auditor conforme declara\u00e7\u00e3o apresentada em agosto de 2018.<\/p>\n<p style=\"text-align: justify;\">O Corpo de Bombeiros informa que o acesso a Brumadinho pela rodovia BR-040 est\u00e1 bloqueado. Como por Casa Branca o percurso \u00e9 muito longo e est\u00e1 com problemas, o melhor acesso \u00e9 passar por Barreiro, Ibirit\u00e9 e M\u00e1rio Campo, at\u00e9 chegar em Brumadinho.<\/p>\n<p style=\"text-align: justify;\">As buscas por v\u00edtimas do rompimento da barragem foram interrompidas durante madrugada e ser\u00e3o retomadas nesta manh\u00e3. Ao longo da madrugada foi realizado cadastramento de familiares das v\u00edtimas.<\/p>\n<p>&nbsp;<\/p>\n<p><a href=\"https:\/\/senoticias.com.br\/se\/wp-content\/uploads\/2018\/12\/Logomarca-fone-SE-4-2-1-1-1-1-1-1.jpg\"><img loading=\"lazy\" decoding=\"async\" class=\"aligncenter size-full wp-image-116642\" src=\"https:\/\/senoticias.com.br\/se\/wp-content\/uploads\/2018\/12\/Logomarca-fone-SE-4-2-1-1-1-1-1-1.jpg\" alt=\"\" width=\"599\" height=\"78\" srcset=\"https:\/\/senoticias.com.br\/se\/wp-content\/uploads\/2018\/12\/Logomarca-fone-SE-4-2-1-1-1-1-1-1.jpg 599w, https:\/\/senoticias.com.br\/se\/wp-content\/uploads\/2018\/12\/Logomarca-fone-SE-4-2-1-1-1-1-1-1-300x39.jpg 300w\" sizes=\"(max-width: 599px) 100vw, 599px\" \/><\/a><\/p>\n<p>&nbsp;<\/p>\n<p><em><strong>Acompanhe o SE Not\u00edcias no<\/strong><span class=\"apple-converted-space\"><b>\u00a0<\/b><\/span><a href=\"https:\/\/twitter.com\/Senoticias\" target=\"_blank\" rel=\"noopener\"><b>Twitter<\/b><\/a><strong>,<\/strong><span class=\"apple-converted-space\"><b>\u00a0<\/b><\/span><a href=\"https:\/\/www.facebook.com\/senoticias1\" target=\"_blank\" rel=\"noopener\"><b>Facebook<\/b><span class=\"apple-converted-space\"><b>\u00a0<\/b><\/span><\/a><strong>e no<\/strong><span class=\"apple-converted-space\"><b>\u00a0<\/b><\/span><a href=\"https:\/\/www.instagram.com\/senoticias\/\" target=\"_blank\" rel=\"noopener\"><b>Instagram<\/b><\/a><\/em><\/p>\n<p>&nbsp;<\/p>\n<p>Com informa\u00e7\u00f5es do G1\/MG<\/p>\n","protected":false},"excerpt":{"rendered":"<p>O Governo de Minas Gerais anunciou na noite desta sexta-feira a morte de pelo menos nove pessoas v\u00edtimas do rompimento da barragem em Brumadinho. Segundo dados confirmados pelo Corpo de Bombeiros, j\u00e1 foram localizados sete corpos de v\u00edtimas. Ainda n\u00e3o h\u00e1 a identifica\u00e7\u00e3o das pessoas que morreram. Segundo o texto divulgado pelas autoridades, foram retiradas [&hellip;]<\/p>\n","protected":false},"author":6552,"featured_media":116931,"comment_status":"closed","ping_status":"closed","sticky":false,"template":"","format":"standard","meta":{"footnotes":""},"categories":[15,2961],"tags":[11457,11455,234,11456],"class_list":{"0":"post-116930","1":"post","2":"type-post","3":"status-publish","4":"format-standard","5":"has-post-thumbnail","7":"category-destaques","8":"category-nacional","9":"tag-barragem","10":"tag-brumadinho","11":"tag-minas-gerais","12":"tag-vale-do-rio-doce"},"_links":{"self":[{"href":"https:\/\/senoticias.com.br\/se\/wp-json\/wp\/v2\/posts\/116930"}],"collection":[{"href":"https:\/\/senoticias.com.br\/se\/wp-json\/wp\/v2\/posts"}],"about":[{"href":"https:\/\/senoticias.com.br\/se\/wp-json\/wp\/v2\/types\/post"}],"author":[{"embeddable":true,"href":"https:\/\/senoticias.com.br\/se\/wp-json\/wp\/v2\/users\/6552"}],"replies":[{"embeddable":true,"href":"https:\/\/senoticias.com.br\/se\/wp-json\/wp\/v2\/comments?post=116930"}],"version-history":[{"count":0,"href":"https:\/\/senoticias.com.br\/se\/wp-json\/wp\/v2\/posts\/116930\/revisions"}],"wp:featuredmedia":[{"embeddable":true,"href":"https:\/\/senoticias.com.br\/se\/wp-json\/wp\/v2\/media\/116931"}],"wp:attachment":[{"href":"https:\/\/senoticias.com.br\/se\/wp-json\/wp\/v2\/media?parent=116930"}],"wp:term":[{"taxonomy":"category","embeddable":true,"href":"https:\/\/senoticias.com.br\/se\/wp-json\/wp\/v2\/categories?post=116930"},{"taxonomy":"post_tag","embeddable":true,"href":"https:\/\/senoticias.com.br\/se\/wp-json\/wp\/v2\/tags?post=116930"}],"curies":[{"name":"wp","href":"https:\/\/api.w.org\/{rel}","templated":true}]}}