{"id":116878,"date":"2019-01-21T15:06:42","date_gmt":"2019-01-21T18:06:42","guid":{"rendered":"https:\/\/senoticias.com.br\/se\/?p=116878"},"modified":"2019-01-21T15:12:42","modified_gmt":"2019-01-21T18:12:42","slug":"grande-aracaju-registra-reducao-recorde-de-assaltos-a-onibus-em-2018","status":"publish","type":"post","link":"https:\/\/senoticias.com.br\/se\/grande-aracaju-registra-reducao-recorde-de-assaltos-a-onibus-em-2018\/","title":{"rendered":"Grande Aracaju registra redu\u00e7\u00e3o recorde de assaltos a \u00f4nibus em 2018"},"content":{"rendered":"<p style=\"text-align: justify;\">O Sindicato das Empresas de Transporte de Passageiros de Aracaju (Setransp) divulgou dados sobre o n\u00famero de assaltos aos \u00f4nibus que fazem o transporte coletivo na capital e Regi\u00e3o Metropolitana em todos os meses deste ano, em compara\u00e7\u00e3o com 2016 e 2017. E o resultado \u00e9 bastante positivo, os n\u00fameros apontam grandes redu\u00e7\u00f5es.<\/p>\n<div id=\"attachment_112882\" style=\"width: 609px\" class=\"wp-caption aligncenter\"><a href=\"https:\/\/senoticias.com.br\/se\/wp-content\/uploads\/2018\/05\/assalto-a-onibus-SENOTICIAS-e1526061532337.jpg\"><img loading=\"lazy\" decoding=\"async\" aria-describedby=\"caption-attachment-112882\" class=\"size-full wp-image-112882\" src=\"https:\/\/senoticias.com.br\/se\/wp-content\/uploads\/2018\/05\/assalto-a-onibus-SENOTICIAS-e1526061532337.jpg\" alt=\"\" width=\"599\" height=\"447\" \/><\/a><p id=\"caption-attachment-112882\" class=\"wp-caption-text\">O trabalho preventivo e investigativo das pol\u00edcias Militar e Civil, em parceria com o Setransp, tem sido intensificado e, por isso, os resultados melhoram a cada m\u00eas. (Foto: Ascom\/SSP)<\/p><\/div>\n<p style=\"text-align: justify;\">\n<p>Segundo as informa\u00e7\u00f5es repassadas pela entidade, houve uma queda de 68,70% no n\u00famero de a\u00e7\u00f5es criminosas nos \u00f4nibus que percorrem as quatro cidades quando comparado \u00e0 quantidade de casos registrados de janeiro a dezembro de 2016 e os contabilizados no mesmo per\u00edodo do ano passado.<\/p>\n<p style=\"text-align: justify;\">De acordo com os dados do Setransp, em 2016 foram 1.628 roubos a \u00f4nibus, decrescendo para 991 no ano seguinte e reduzindo para 508 em 2018. Os n\u00fameros representam uma redu\u00e7\u00e3o de 48,74% entre a quantidade de investidas criminosas registradas em 2017 e as contabilizadas em 2018. A queda na incid\u00eancia de assaltos ao transporte coletivo da capital \u00e9 ainda maior se comparado aos casos que ocorreram em 2016 e os apontados pela entidade no ano passado. O \u00edndice de redu\u00e7\u00e3o foi de 68,80%.<\/p>\n<p style=\"text-align: justify;\">O trabalho preventivo e investigativo das pol\u00edcias Militar e Civil, em parceria com o Setransp, tem sido intensificado e, por isso, os resultados melhoram a cada m\u00eas. Vale ressaltar que a troca de informa\u00e7\u00f5es entre o sindicato das empresas de \u00f4nibus e as institui\u00e7\u00f5es que comp\u00f5em a seguran\u00e7a p\u00fablica de Sergipe tamb\u00e9m s\u00e3o fundamentais para possibilitar essa redu\u00e7\u00e3o.<\/p>\n<p style=\"text-align: justify;\">Patrulhamento de rotina, abordagens aos ve\u00edculos e amplia\u00e7\u00e3o na quantidade de c\u00e2meras dos coletivos, assim como o r\u00e1pido fornecimento dessas imagens, est\u00e3o sendo primordiais na queda do n\u00famero de roubos no transporte coletivo metropolitano.<\/p>\n<p style=\"text-align: justify;\"><strong>Redu\u00e7\u00e3o m\u00eas a m\u00eas (2016-2018)<\/strong><\/p>\n<p style=\"text-align: justify;\">Comparando a quantidade de assaltos em 2016 e 2018, m\u00eas a m\u00eas, sempre houve uma grande redu\u00e7\u00e3o. Em janeiro, uma queda de 76,06% (188 para 45 casos); fevereiro marcou 71,43% (175 para 50); mar\u00e7o registrou 55,77% (156 para 69); em abril o n\u00famero foi de 71,56% (109 para 31); a redu\u00e7\u00e3o em maio foi de 60% (130 para 52); junho obteve 80,47% (215 para 42), a maior marca; o m\u00eas seguinte registrou 53,04% (115 para 54); enquanto em agosto a queda foi de 66,10% (118 para 40); em setembro, o n\u00famero subiu para 68% (100 para 32); outubro registrou 66,67% (99 para 33); j\u00e1 em novembro a redu\u00e7\u00e3o foi ainda maior, 75,86% (116 para 28); e no \u00faltimo m\u00eas de 2018 houve tamb\u00e9m uma grande queda, de 107 para 32 casos, o equivalente a 70,09%.<\/p>\n<p>&nbsp;<\/p>\n<p>&nbsp;<\/p>\n<p><a href=\"https:\/\/senoticias.com.br\/se\/wp-content\/uploads\/2018\/12\/Logomarca-fone-SE-4-2-1-1-1-1-1-1.jpg\"><img loading=\"lazy\" decoding=\"async\" class=\"aligncenter size-full wp-image-116642\" src=\"https:\/\/senoticias.com.br\/se\/wp-content\/uploads\/2018\/12\/Logomarca-fone-SE-4-2-1-1-1-1-1-1.jpg\" alt=\"\" width=\"599\" height=\"78\" srcset=\"https:\/\/senoticias.com.br\/se\/wp-content\/uploads\/2018\/12\/Logomarca-fone-SE-4-2-1-1-1-1-1-1.jpg 599w, https:\/\/senoticias.com.br\/se\/wp-content\/uploads\/2018\/12\/Logomarca-fone-SE-4-2-1-1-1-1-1-1-300x39.jpg 300w\" sizes=\"(max-width: 599px) 100vw, 599px\" \/><\/a><\/p>\n<p>&nbsp;<\/p>\n<p>&nbsp;<\/p>\n<p><em><strong>Acompanhe o SE Not\u00edcias no\u00a0<\/strong><a href=\"https:\/\/twitter.com\/Senoticias\" target=\"_blank\" rel=\"noopener\"><b>Twitter<\/b><\/a><strong>,\u00a0<\/strong><a href=\"https:\/\/www.facebook.com\/senoticias1\" target=\"_blank\" rel=\"noopener\"><b>Facebook\u00a0<\/b><\/a><strong>e no\u00a0<\/strong><a href=\"https:\/\/www.instagram.com\/senoticias\/\" target=\"_blank\" rel=\"noopener\"><b>Instagram<\/b><\/a><\/em><\/p>\n<p><em>Por ascom\/SSP\/SE<\/em><\/p>\n<p>&nbsp;<\/p>\n<p>&nbsp;<\/p>\n","protected":false},"excerpt":{"rendered":"<p>O Sindicato das Empresas de Transporte de Passageiros de Aracaju (Setransp) divulgou dados sobre o n\u00famero de assaltos aos \u00f4nibus que fazem o transporte coletivo na capital e Regi\u00e3o Metropolitana em todos os meses deste ano, em compara\u00e7\u00e3o com 2016 e 2017. E o resultado \u00e9 bastante positivo, os n\u00fameros apontam grandes redu\u00e7\u00f5es. Segundo as [&hellip;]<\/p>\n","protected":false},"author":6552,"featured_media":112882,"comment_status":"closed","ping_status":"closed","sticky":false,"template":"","format":"standard","meta":{"footnotes":""},"categories":[15,7],"tags":[11418,322,78,86,3246],"class_list":{"0":"post-116878","1":"post","2":"type-post","3":"status-publish","4":"format-standard","5":"has-post-thumbnail","7":"category-destaques","8":"category-policia","9":"tag-assalto-a-onibus","10":"tag-grande-aracaju","11":"tag-policia-civil","12":"tag-policia-militar","13":"tag-setransp"},"_links":{"self":[{"href":"https:\/\/senoticias.com.br\/se\/wp-json\/wp\/v2\/posts\/116878"}],"collection":[{"href":"https:\/\/senoticias.com.br\/se\/wp-json\/wp\/v2\/posts"}],"about":[{"href":"https:\/\/senoticias.com.br\/se\/wp-json\/wp\/v2\/types\/post"}],"author":[{"embeddable":true,"href":"https:\/\/senoticias.com.br\/se\/wp-json\/wp\/v2\/users\/6552"}],"replies":[{"embeddable":true,"href":"https:\/\/senoticias.com.br\/se\/wp-json\/wp\/v2\/comments?post=116878"}],"version-history":[{"count":0,"href":"https:\/\/senoticias.com.br\/se\/wp-json\/wp\/v2\/posts\/116878\/revisions"}],"wp:featuredmedia":[{"embeddable":true,"href":"https:\/\/senoticias.com.br\/se\/wp-json\/wp\/v2\/media\/112882"}],"wp:attachment":[{"href":"https:\/\/senoticias.com.br\/se\/wp-json\/wp\/v2\/media?parent=116878"}],"wp:term":[{"taxonomy":"category","embeddable":true,"href":"https:\/\/senoticias.com.br\/se\/wp-json\/wp\/v2\/categories?post=116878"},{"taxonomy":"post_tag","embeddable":true,"href":"https:\/\/senoticias.com.br\/se\/wp-json\/wp\/v2\/tags?post=116878"}],"curies":[{"name":"wp","href":"https:\/\/api.w.org\/{rel}","templated":true}]}}