{"id":116876,"date":"2019-01-21T10:25:07","date_gmt":"2019-01-21T13:25:07","guid":{"rendered":"https:\/\/senoticias.com.br\/se\/?p=116876"},"modified":"2019-01-21T11:44:44","modified_gmt":"2019-01-21T14:44:44","slug":"organizacao-mundial-da-saude-lista-as-10-principais-ameacas-para-a-saude-em-2019","status":"publish","type":"post","link":"https:\/\/senoticias.com.br\/se\/organizacao-mundial-da-saude-lista-as-10-principais-ameacas-para-a-saude-em-2019\/","title":{"rendered":"Organiza\u00e7\u00e3o Mundial da Sa\u00fade lista as 10 principais amea\u00e7as para a sa\u00fade em 2019"},"content":{"rendered":"<p style=\"text-align: justify;\">Surtos de doen\u00e7as preven\u00edveis por vacina\u00e7\u00e3o, altas taxas de obesidade infantil e sedentarismo, al\u00e9m de impactos \u00e0 sa\u00fade causados pela polui\u00e7\u00e3o, pelas mudan\u00e7as clim\u00e1ticas e pelas crises humanit\u00e1rias. Estes s\u00e3o alguns dos itens que integram a lista das 10 principais amea\u00e7as \u00e0 sa\u00fade global em 2019, divulgada nesta semana pela Organiza\u00e7\u00e3o Mundial da Sa\u00fade (OMS).<\/p>\n<div id=\"attachment_110929\" style=\"width: 609px\" class=\"wp-caption aligncenter\"><a href=\"https:\/\/senoticias.com.br\/se\/wp-content\/uploads\/2018\/02\/HPV-vacina-SENOTICIAS-e1519159060168.png\"><img loading=\"lazy\" decoding=\"async\" aria-describedby=\"caption-attachment-110929\" class=\"size-full wp-image-110929\" src=\"https:\/\/senoticias.com.br\/se\/wp-content\/uploads\/2018\/02\/HPV-vacina-SENOTICIAS-e1519159060168.png\" alt=\"\" width=\"599\" height=\"399\" \/><\/a><p id=\"caption-attachment-110929\" class=\"wp-caption-text\">OMS lista as 10 principais amea\u00e7as para a sa\u00fade em 2019: Ascom \/ ASN)<\/p><\/div>\n<p style=\"text-align: justify;\">A entidade pretende colocar em pr\u00e1tica um novo plano estrat\u00e9gico, com dura\u00e7\u00e3o de cinco anos, com o objetivo de garantir que 1 bilh\u00e3o de pessoas a mais se beneficiem do acesso \u00e0 sa\u00fade e da cobertura universal de sa\u00fade; estejam protegidas de emerg\u00eancias de sa\u00fade; 1 bilh\u00e3o desfrutem de melhor sa\u00fade e bem-estar.<\/p>\n<p style=\"text-align: justify;\">De acordo com a OMS, s\u00e3o as seguintes as quest\u00f5es que v\u00e3o demandar mais aten\u00e7\u00e3o da organiza\u00e7\u00e3o e de seus parceiros neste ano:<\/p>\n<p><strong>Polui\u00e7\u00e3o do ar e mudan\u00e7as clim\u00e1ticas<\/strong><\/p>\n<p style=\"text-align: justify;\">A estimativa da Organiza\u00e7\u00e3o Mundial da Sa\u00fade \u00e9 que nove em cada 10 pessoas respiram ar polu\u00eddo todos os dias. Poluentes microsc\u00f3picos podem penetrar nos sistemas respirat\u00f3rio e circulat\u00f3rio, danificando pulm\u00f5es, cora\u00e7\u00e3o e c\u00e9rebro, o que resulta na morte prematura de 7 milh\u00f5es de pessoas todos os anos por enfermidades como c\u00e2ncer, acidente vascular cerebral e doen\u00e7as cardiovasculares e pulmonares.<\/p>\n<p style=\"text-align: justify;\"><strong>Doen\u00e7as cr\u00f4nicas n\u00e3o transmiss\u00edveis<\/strong><\/p>\n<p style=\"text-align: justify;\">Dados da entidade mostram que doen\u00e7as cr\u00f4nicas n\u00e3o transmiss\u00edveis, como diabetes, c\u00e2ncer e doen\u00e7as cardiovasculares, s\u00e3o respons\u00e1veis por mais de 70% de todas as mortes no mundo \u2013 o equivalente a 41 milh\u00f5es de pessoas. Isso inclui 15 milh\u00f5es de pessoas que morrem prematuramente (entre 30 e 69 anos), sendo que mais de 85% dessas mortes prematuras ocorrem em pa\u00edses de baixa e m\u00e9dia renda.<\/p>\n<p style=\"text-align: justify;\"><strong>Pandemia de influenza<\/strong><\/p>\n<p style=\"text-align: justify;\">O mundo enfrentar\u00e1 outra pandemia de influenza \u2013 a \u00fanica coisa que ainda n\u00e3o se sabe \u00e9 quando chegar\u00e1 e o qu\u00e3o grave ser\u00e1. O alerta \u00e9 da pr\u00f3pria OMS, que diz monitorar constantemente a circula\u00e7\u00e3o dos v\u00edrus para detectar poss\u00edveis cepas pand\u00eamicas.<\/p>\n<p><strong>Cen\u00e1rios de fragilidade e vulnerabilidade<\/strong><\/p>\n<p style=\"text-align: justify;\">A entidade destacou que mais de 1,6 bilh\u00e3o de pessoas \u2013 22% da popula\u00e7\u00e3o mundial \u2013 vivem em locais com crises prolongadas (uma combina\u00e7\u00e3o de fatores como seca, fome, conflitos e deslocamento populacional) e servi\u00e7os de sa\u00fade mais fr\u00e1geis. Nesses cen\u00e1rios, metade das principais metas de desenvolvimento sustent\u00e1vel, incluindo sa\u00fade infantil e materna, permanece n\u00e3o atendida.<\/p>\n<p style=\"text-align: justify;\"><strong>Resist\u00eancia antimicrobiana<\/strong><\/p>\n<p style=\"text-align: justify;\">A resist\u00eancia antimicrobiana \u2013 capacidade de bact\u00e9rias, parasitos, v\u00edrus e fungos resistirem a medicamentos como antibi\u00f3ticos e antivirais \u2013 amea\u00e7a, segundo a OMS, mandar a humanidade de volta a uma \u00e9poca em que n\u00e3o conseguia tratar facilmente infec\u00e7\u00f5es como pneumonia, tuberculose, gonorreia e salmonelose. \u201cA incapacidade de prevenir infec\u00e7\u00f5es pode comprometer seriamente cirurgias e procedimentos como a quimioterapia\u201d, alertou.<\/p>\n<p><strong>Ebola<\/strong><\/p>\n<p style=\"text-align: justify;\">No ano passado, a Rep\u00fablica Democr\u00e1tica do Congo passou por dois surtos de ebola, que se espalharam para cidades com mais de 1 milh\u00e3o de pessoas. Uma das prov\u00edncias afetadas tamb\u00e9m est\u00e1 em zona de conflito ativo. Em dezembro, representantes dos setores de sa\u00fade p\u00fablica, sa\u00fade animal, transporte e turismo pediram \u00e0 OMS e seus parceiros que considerem 2019 um \u201cano de a\u00e7\u00e3o sobre a prepara\u00e7\u00e3o para emerg\u00eancias de sa\u00fade\u201d.<\/p>\n<p style=\"text-align: justify;\"><strong>Aten\u00e7\u00e3o prim\u00e1ria<\/strong><\/p>\n<p style=\"text-align: justify;\">Sistemas de sa\u00fade com aten\u00e7\u00e3o prim\u00e1ria forte s\u00e3o classificados pela entidade como necess\u00e1rios para se alcan\u00e7ar a cobertura universal de sa\u00fade. No entanto, muitos pa\u00edses n\u00e3o t\u00eam instala\u00e7\u00f5es de aten\u00e7\u00e3o prim\u00e1ria de sa\u00fade adequadas. Em outubro de 2018, todos os pa\u00edses-membro se comprometeram a renovar seu compromisso com a aten\u00e7\u00e3o prim\u00e1ria de sa\u00fade, oficializado na declara\u00e7\u00e3o de Alma-Ata em 1978.<\/p>\n<p><strong>Vacina\u00e7\u00e3o<\/strong><\/p>\n<p style=\"text-align: justify;\">Segundo a OMS, a relut\u00e2ncia ou a recusa para vacinar, apesar da disponibilidade da dose, amea\u00e7a reverter o progresso feito no combate a doen\u00e7as evit\u00e1veis por imuniza\u00e7\u00e3o. O sarampo, por exemplo, teve aumento de 30% nos casos em todo o mundo. \u201c[A vacina] \u00e9 uma das formas mais custo-efetivas para evitar doen\u00e7as \u2013 atualmente, previnem-se cerca de 2 milh\u00f5es a 3 milh\u00f5es de mortes por ano\u201d, diz a OMS. Al\u00e9m disso, 1,5 milh\u00e3o de mortes poderiam ser evitadas se a cobertura global de vacina\u00e7\u00e3o tivesse maior alcance.<\/p>\n<p style=\"text-align: justify;\"><strong>Dengue<\/strong><\/p>\n<p style=\"text-align: justify;\">Um grande n\u00famero de casos de dengue \u00e9 comumente registrado durante esta\u00e7\u00f5es chuvosas de pa\u00edses como Bangladesh e \u00cdndia. Dados da OMS mostram que, atualmente, os casos v\u00eam aumentando significativamente e que a doen\u00e7a j\u00e1 se espalha para pa\u00edses menos tropicais e mais temperados, como o Nepal. A estimativa \u00e9 que 40% de todo o mundo esteja em risco de contrair o v\u00edrus \u2013 cerca de 390 milh\u00f5es de infec\u00e7\u00f5es por ano.<\/p>\n<p style=\"text-align: justify;\"><strong>HIV<\/strong><\/p>\n<p style=\"text-align: justify;\">De acordo com a entidade, apesar dos progressos, a epidemia de Aids continua a se alastrar pelo mundo, com quase 1 milh\u00e3o de pessoas morrendo por HIV\/aids a cada ano. Desde o in\u00edcio, mais de 70 milh\u00f5es de pessoas adquiriram a infec\u00e7\u00e3o e cerca de 35 milh\u00f5es morreram. Atualmente, cerca de 37 milh\u00f5es vivem com HIV no mundo. Um grupo cada vez mais afetado s\u00e3o as adolescentes e as mulheres jovens (entre 15 e 24 anos), que representam uma em cada quatro infec\u00e7\u00f5es por HIV na \u00c1frica Subsaariana.<\/p>\n<p>&nbsp;<\/p>\n<p><a href=\"https:\/\/senoticias.com.br\/se\/wp-content\/uploads\/2018\/12\/Logomarca-fone-SE-4-2-1-1-1-1-1-1.jpg\"><img loading=\"lazy\" decoding=\"async\" class=\"aligncenter size-full wp-image-116642\" src=\"https:\/\/senoticias.com.br\/se\/wp-content\/uploads\/2018\/12\/Logomarca-fone-SE-4-2-1-1-1-1-1-1.jpg\" alt=\"\" width=\"599\" height=\"78\" srcset=\"https:\/\/senoticias.com.br\/se\/wp-content\/uploads\/2018\/12\/Logomarca-fone-SE-4-2-1-1-1-1-1-1.jpg 599w, https:\/\/senoticias.com.br\/se\/wp-content\/uploads\/2018\/12\/Logomarca-fone-SE-4-2-1-1-1-1-1-1-300x39.jpg 300w\" sizes=\"(max-width: 599px) 100vw, 599px\" \/><\/a><\/p>\n<p>&nbsp;<\/p>\n<p><em><strong>Acompanhe o SE Not\u00edcias no<\/strong><a href=\"https:\/\/twitter.com\/Senoticias\" target=\"_blank\" rel=\"noopener\"><b>Twitter<\/b><\/a><strong>,\u00a0<\/strong><a href=\"https:\/\/www.facebook.com\/senoticias1\" target=\"_blank\" rel=\"noopener\"><b>Facebook\u00a0<\/b><\/a><strong>e no<\/strong><a href=\"https:\/\/www.instagram.com\/senoticias\/\" target=\"_blank\" rel=\"noopener\"><b>Instagram<\/b><\/a><\/em><\/p>\n<p>Fonte: Ag\u00eancia Brasil<\/p>\n","protected":false},"excerpt":{"rendered":"<p>Surtos de doen\u00e7as preven\u00edveis por vacina\u00e7\u00e3o, altas taxas de obesidade infantil e sedentarismo, al\u00e9m de impactos \u00e0 sa\u00fade causados pela polui\u00e7\u00e3o, pelas mudan\u00e7as clim\u00e1ticas e pelas crises humanit\u00e1rias. Estes s\u00e3o alguns dos itens que integram a lista das 10 principais amea\u00e7as \u00e0 sa\u00fade global em 2019, divulgada nesta semana pela Organiza\u00e7\u00e3o Mundial da Sa\u00fade (OMS). [&hellip;]<\/p>\n","protected":false},"author":6552,"featured_media":110929,"comment_status":"closed","ping_status":"closed","sticky":false,"template":"","format":"standard","meta":{"footnotes":""},"categories":[15,2961,1],"tags":[11417,2287,11416,663],"class_list":{"0":"post-116876","1":"post","2":"type-post","3":"status-publish","4":"format-standard","5":"has-post-thumbnail","7":"category-destaques","8":"category-nacional","9":"category-sem-categoria","10":"tag-10-principais-ameacas-para-a-saude","11":"tag-alerta-oms","12":"tag-mudancas-climaticas","13":"tag-organizacao-mundial-da-saude"},"_links":{"self":[{"href":"https:\/\/senoticias.com.br\/se\/wp-json\/wp\/v2\/posts\/116876"}],"collection":[{"href":"https:\/\/senoticias.com.br\/se\/wp-json\/wp\/v2\/posts"}],"about":[{"href":"https:\/\/senoticias.com.br\/se\/wp-json\/wp\/v2\/types\/post"}],"author":[{"embeddable":true,"href":"https:\/\/senoticias.com.br\/se\/wp-json\/wp\/v2\/users\/6552"}],"replies":[{"embeddable":true,"href":"https:\/\/senoticias.com.br\/se\/wp-json\/wp\/v2\/comments?post=116876"}],"version-history":[{"count":0,"href":"https:\/\/senoticias.com.br\/se\/wp-json\/wp\/v2\/posts\/116876\/revisions"}],"wp:featuredmedia":[{"embeddable":true,"href":"https:\/\/senoticias.com.br\/se\/wp-json\/wp\/v2\/media\/110929"}],"wp:attachment":[{"href":"https:\/\/senoticias.com.br\/se\/wp-json\/wp\/v2\/media?parent=116876"}],"wp:term":[{"taxonomy":"category","embeddable":true,"href":"https:\/\/senoticias.com.br\/se\/wp-json\/wp\/v2\/categories?post=116876"},{"taxonomy":"post_tag","embeddable":true,"href":"https:\/\/senoticias.com.br\/se\/wp-json\/wp\/v2\/tags?post=116876"}],"curies":[{"name":"wp","href":"https:\/\/api.w.org\/{rel}","templated":true}]}}