{"id":116830,"date":"2019-01-17T06:39:04","date_gmt":"2019-01-17T09:39:04","guid":{"rendered":"https:\/\/senoticias.com.br\/se\/?p=116830"},"modified":"2019-01-17T06:40:19","modified_gmt":"2019-01-17T09:40:19","slug":"wesley-safadao-e-devinho-novaes-sao-atracoes-do-fest-verao-sergipe","status":"publish","type":"post","link":"https:\/\/senoticias.com.br\/se\/wesley-safadao-e-devinho-novaes-sao-atracoes-do-fest-verao-sergipe\/","title":{"rendered":"Wesley Safad\u00e3o e Devinho Novaes s\u00e3o atra\u00e7\u00f5es do Fest Ver\u00e3o Sergipe; confira a programa\u00e7\u00e3o"},"content":{"rendered":"<p style=\"text-align: justify;\">Aracaju j\u00e1 est\u00e1 em clima do Fest Ver\u00e3o Sergipe que est\u00e1 na quinta edi\u00e7\u00e3o e ocorre na sexta-feira (18) e no s\u00e1bado (19). O evento ocorre na Arena de Eventos, Bairro Coroa do Meio, na Zona Sul da capital e deve reunir cerca de 100 mil pessoas.<\/p>\n<p>Entra as tra\u00e7\u00f5es que sobem ao palco est\u00e3o os cantores Wesley Safad\u00e3o, Ivete Sangalo e o sergipano Devinho Novaes. Nas duas noites a festa come\u00e7a \u00e0s 21h, com as batidas eletr\u00f4nicas de DJs sergipanos, que se revezar\u00e3o nos espa\u00e7os da festa.<\/p>\n<p style=\"text-align: justify;\">Na sexta-feira ainda passam pelo palco: Ferrugem, Bell Marques, Devinho Novaes, Wesley Safad\u00e3o e Mano Walter. J\u00e1 no s\u00e1bado, Ivete Sangalo, L\u00e9o Santana, Xandy Avi\u00e3o, Mariana Fagundes e Z\u00e9 Neto &amp; Cristiano.<\/p>\n<div id=\"attachment_116831\" style=\"width: 609px\" class=\"wp-caption aligncenter\"><a href=\"https:\/\/senoticias.com.br\/se\/wp-content\/uploads\/2019\/01\/max-6574-e1547717808463.jpg\"><img loading=\"lazy\" decoding=\"async\" aria-describedby=\"caption-attachment-116831\" class=\"size-full wp-image-116831\" src=\"https:\/\/senoticias.com.br\/se\/wp-content\/uploads\/2019\/01\/max-6574-e1547717808463.jpg\" alt=\"\" width=\"599\" height=\"400\" \/><\/a><p id=\"caption-attachment-116831\" class=\"wp-caption-text\">Wesley Safad\u00e3o \u00e9 destaque nesta sexta-feira, 18. (Foto: Max Haack\/Ag Haack)<\/p><\/div>\n<p style=\"text-align: justify;\">Para curtir a festa, o foli\u00e3o tem a op\u00e7\u00e3o de tr\u00eas espa\u00e7os: lounge, camarote AJU e arena. As estruturas v\u00e3o dispor de bares, pra\u00e7a de alimenta\u00e7\u00e3o, banheiros e postos de atendimento ao p\u00fablico. No lounge haver\u00e1 o espa\u00e7o beleza, para que d\u00e1 aquele retoque na maquiagem.<\/p>\n<p style=\"text-align: justify;\">Os ingressos est\u00e3o \u00e0 venda na Central do Ticket, no primeiro piso do RioMar Shopping. Mais informa\u00e7\u00f5es pelos n\u00fameros (79) 3219-2069 e 99198-2069.<\/p>\n<p>&nbsp;<\/p>\n<p><a href=\"https:\/\/senoticias.com.br\/se\/wp-content\/uploads\/2018\/12\/Logomarca-fone-SE-4-2-1-1-1-1-1.jpg\"><img loading=\"lazy\" decoding=\"async\" class=\"aligncenter size-full wp-image-116350\" src=\"https:\/\/senoticias.com.br\/se\/wp-content\/uploads\/2018\/12\/Logomarca-fone-SE-4-2-1-1-1-1-1.jpg\" alt=\"\" width=\"599\" height=\"78\" srcset=\"https:\/\/senoticias.com.br\/se\/wp-content\/uploads\/2018\/12\/Logomarca-fone-SE-4-2-1-1-1-1-1.jpg 599w, https:\/\/senoticias.com.br\/se\/wp-content\/uploads\/2018\/12\/Logomarca-fone-SE-4-2-1-1-1-1-1-300x39.jpg 300w\" sizes=\"(max-width: 599px) 100vw, 599px\" \/><\/a><\/p>\n<p>&nbsp;<\/p>\n<p><em><strong>Acompanhe o SE Not\u00edcias no<\/strong><span class=\"apple-converted-space\"><b>\u00a0<\/b><\/span><a href=\"https:\/\/twitter.com\/Senoticias\" target=\"_blank\" rel=\"noopener\"><b>Twitter<\/b><\/a><strong>,<\/strong><span class=\"apple-converted-space\"><b>\u00a0<\/b><\/span><a href=\"https:\/\/www.facebook.com\/senoticias1\" target=\"_blank\" rel=\"noopener\"><b>Facebook<\/b><span class=\"apple-converted-space\"><b>\u00a0<\/b><\/span><\/a><strong>e no<\/strong><span class=\"apple-converted-space\"><b>\u00a0<\/b><\/span><a href=\"https:\/\/www.instagram.com\/senoticias\/\" target=\"_blank\" rel=\"noopener\"><b>Instagram<\/b><\/a><\/em><\/p>\n<p>&nbsp;<\/p>\n<p><strong><em>Com informa\u00e7\u00f5es do G1 SE<\/em><\/strong><\/p>\n","protected":false},"excerpt":{"rendered":"<p>Aracaju j\u00e1 est\u00e1 em clima do Fest Ver\u00e3o Sergipe que est\u00e1 na quinta edi\u00e7\u00e3o e ocorre na sexta-feira (18) e no s\u00e1bado (19). O evento ocorre na Arena de Eventos, Bairro Coroa do Meio, na Zona Sul da capital e deve reunir cerca de 100 mil pessoas. Entra as tra\u00e7\u00f5es que sobem ao palco est\u00e3o [&hellip;]<\/p>\n","protected":false},"author":6552,"featured_media":116831,"comment_status":"closed","ping_status":"closed","sticky":false,"template":"","format":"standard","meta":{"footnotes":""},"categories":[15,21],"tags":[7634,11363,6311,11399,971],"class_list":{"0":"post-116830","1":"post","2":"type-post","3":"status-publish","4":"format-standard","5":"has-post-thumbnail","7":"category-destaques","8":"category-entretenimento","9":"tag-devinho-novaes","10":"tag-fest-verao-sergipe","11":"tag-ivete-sangalo","12":"tag-mano-walter","13":"tag-wesley-safadao"},"_links":{"self":[{"href":"https:\/\/senoticias.com.br\/se\/wp-json\/wp\/v2\/posts\/116830"}],"collection":[{"href":"https:\/\/senoticias.com.br\/se\/wp-json\/wp\/v2\/posts"}],"about":[{"href":"https:\/\/senoticias.com.br\/se\/wp-json\/wp\/v2\/types\/post"}],"author":[{"embeddable":true,"href":"https:\/\/senoticias.com.br\/se\/wp-json\/wp\/v2\/users\/6552"}],"replies":[{"embeddable":true,"href":"https:\/\/senoticias.com.br\/se\/wp-json\/wp\/v2\/comments?post=116830"}],"version-history":[{"count":0,"href":"https:\/\/senoticias.com.br\/se\/wp-json\/wp\/v2\/posts\/116830\/revisions"}],"wp:featuredmedia":[{"embeddable":true,"href":"https:\/\/senoticias.com.br\/se\/wp-json\/wp\/v2\/media\/116831"}],"wp:attachment":[{"href":"https:\/\/senoticias.com.br\/se\/wp-json\/wp\/v2\/media?parent=116830"}],"wp:term":[{"taxonomy":"category","embeddable":true,"href":"https:\/\/senoticias.com.br\/se\/wp-json\/wp\/v2\/categories?post=116830"},{"taxonomy":"post_tag","embeddable":true,"href":"https:\/\/senoticias.com.br\/se\/wp-json\/wp\/v2\/tags?post=116830"}],"curies":[{"name":"wp","href":"https:\/\/api.w.org\/{rel}","templated":true}]}}