{"id":116828,"date":"2019-01-17T06:24:14","date_gmt":"2019-01-17T09:24:14","guid":{"rendered":"https:\/\/senoticias.com.br\/se\/?p=116828"},"modified":"2019-01-17T06:24:14","modified_gmt":"2019-01-17T09:24:14","slug":"policia-civil-realiza-operacao-apreende-armas-de-fogo-e-acusado-de-roubos-morre-em-confronto","status":"publish","type":"post","link":"https:\/\/senoticias.com.br\/se\/policia-civil-realiza-operacao-apreende-armas-de-fogo-e-acusado-de-roubos-morre-em-confronto\/","title":{"rendered":"Pol\u00edcia Civil realiza opera\u00e7\u00e3o, apreende armas de fogo e acusado de roubos morre em confronto"},"content":{"rendered":"<div id=\"attachment_116829\" style=\"width: 333px\" class=\"wp-caption alignright\"><a href=\"https:\/\/senoticias.com.br\/se\/wp-content\/uploads\/2019\/01\/estancia-.png\"><img loading=\"lazy\" decoding=\"async\" aria-describedby=\"caption-attachment-116829\" class=\"size-full wp-image-116829\" src=\"https:\/\/senoticias.com.br\/se\/wp-content\/uploads\/2019\/01\/estancia-.png\" alt=\"\" width=\"323\" height=\"425\" srcset=\"https:\/\/senoticias.com.br\/se\/wp-content\/uploads\/2019\/01\/estancia-.png 323w, https:\/\/senoticias.com.br\/se\/wp-content\/uploads\/2019\/01\/estancia--228x300.png 228w\" sizes=\"(max-width: 323px) 100vw, 323px\" \/><\/a><p id=\"caption-attachment-116829\" class=\"wp-caption-text\">Na a\u00e7\u00e3o, um suspeito morreu. (Foto: SSP\/SE)<\/p><\/div>\n<p style=\"text-align: justify;\">Policiais Civis da Delegacia Regional de Est\u00e2ncia deflagraram opera\u00e7\u00e3o que resultou na localiza\u00e7\u00e3o de Jos\u00e9 M\u00e1rcio e na apreens\u00e3o de um adolescente de 16 anos, ambos acusados de roubo. A a\u00e7\u00e3o ocorreu nesta quarta-feira, 16, no conjunto Albano Franco.<\/p>\n<p style=\"text-align: justify;\">\n<p style=\"text-align: justify;\">De acordo com o delegado Allan Faustino, Jos\u00e9 M\u00e1rcio em conjunto com o adolescente,\u00a0foram reconhecidos como autores do roubo de uma motocicleta na cidade de Santa Luzia, assim como de aparelhos celulares, em Est\u00e2ncia. Durante a a\u00e7\u00e3o, Jos\u00e9 M\u00e1rcio reagiu a abordagem policial e entrou em confronto com os policiais. Ele foi atingido, socorrido, mas n\u00e3o resistiu aos ferimentos e morreu logo ap\u00f3s a a\u00e7\u00e3o.<\/p>\n<p style=\"text-align: justify;\">\n<p style=\"text-align: justify;\">Al\u00e9m da motocicleta roubada, com a dupla tamb\u00e9m foram apreendidos um rev\u00f3lver calibre 32 e uma escopeta calibre 12, de fabrica\u00e7\u00e3o artesanal; al\u00e9m de um simulacro de arma de fogo, que era utilizado nos assaltos.\u00a0O adolescente foi apreendido e ficar\u00e1 \u00e0 disposi\u00e7\u00e3o da Justi\u00e7a. A opera\u00e7\u00e3o tamb\u00e9m contou com o apoio operacional das equipes dos delegados Vivianne Jardim e Cledson Ferreira.<\/p>\n<p>&nbsp;<\/p>\n<p><em><strong>Acompanhe o SE Not\u00edcias no<\/strong><span class=\"apple-converted-space\"><b>\u00a0<\/b><\/span><a href=\"https:\/\/twitter.com\/Senoticias\" target=\"_blank\" rel=\"noopener\"><b>Twitter<\/b><\/a><strong>,<\/strong><span class=\"apple-converted-space\"><b>\u00a0<\/b><\/span><a href=\"https:\/\/www.facebook.com\/senoticias1\" target=\"_blank\" rel=\"noopener\"><b>Facebook<\/b><span class=\"apple-converted-space\"><b>\u00a0<\/b><\/span><\/a><strong>e no<\/strong><span class=\"apple-converted-space\"><b>\u00a0<\/b><\/span><a href=\"https:\/\/www.instagram.com\/senoticias\/\" target=\"_blank\" rel=\"noopener\"><b>Instagram<\/b><\/a><\/em><\/p>\n<p>&nbsp;<\/p>\n<p><a href=\"https:\/\/senoticias.com.br\/se\/wp-content\/uploads\/2018\/12\/Logomarca-fone-SE-4-2-1-1-1-1-1-1.jpg\"><img loading=\"lazy\" decoding=\"async\" class=\"aligncenter size-full wp-image-116642\" src=\"https:\/\/senoticias.com.br\/se\/wp-content\/uploads\/2018\/12\/Logomarca-fone-SE-4-2-1-1-1-1-1-1.jpg\" alt=\"\" width=\"599\" height=\"78\" srcset=\"https:\/\/senoticias.com.br\/se\/wp-content\/uploads\/2018\/12\/Logomarca-fone-SE-4-2-1-1-1-1-1-1.jpg 599w, https:\/\/senoticias.com.br\/se\/wp-content\/uploads\/2018\/12\/Logomarca-fone-SE-4-2-1-1-1-1-1-1-300x39.jpg 300w\" sizes=\"(max-width: 599px) 100vw, 599px\" \/><\/a><\/p>\n<p>&nbsp;<\/p>\n<p><em>Mat\u00e9ria extra\u00edda do site da SSP\/SE<\/em><\/p>\n","protected":false},"excerpt":{"rendered":"<p>Policiais Civis da Delegacia Regional de Est\u00e2ncia deflagraram opera\u00e7\u00e3o que resultou na localiza\u00e7\u00e3o de Jos\u00e9 M\u00e1rcio e na apreens\u00e3o de um adolescente de 16 anos, ambos acusados de roubo. A a\u00e7\u00e3o ocorreu nesta quarta-feira, 16, no conjunto Albano Franco. De acordo com o delegado Allan Faustino, Jos\u00e9 M\u00e1rcio em conjunto com o adolescente,\u00a0foram reconhecidos como [&hellip;]<\/p>\n","protected":false},"author":6552,"featured_media":116829,"comment_status":"closed","ping_status":"closed","sticky":false,"template":"","format":"standard","meta":{"footnotes":""},"categories":[15,7],"tags":[11398,78,495],"class_list":{"0":"post-116828","1":"post","2":"type-post","3":"status-publish","4":"format-standard","5":"has-post-thumbnail","7":"category-destaques","8":"category-policia","9":"tag-delegacia-regional-de-estancia","10":"tag-policia-civil","11":"tag-ssp-se"},"_links":{"self":[{"href":"https:\/\/senoticias.com.br\/se\/wp-json\/wp\/v2\/posts\/116828"}],"collection":[{"href":"https:\/\/senoticias.com.br\/se\/wp-json\/wp\/v2\/posts"}],"about":[{"href":"https:\/\/senoticias.com.br\/se\/wp-json\/wp\/v2\/types\/post"}],"author":[{"embeddable":true,"href":"https:\/\/senoticias.com.br\/se\/wp-json\/wp\/v2\/users\/6552"}],"replies":[{"embeddable":true,"href":"https:\/\/senoticias.com.br\/se\/wp-json\/wp\/v2\/comments?post=116828"}],"version-history":[{"count":0,"href":"https:\/\/senoticias.com.br\/se\/wp-json\/wp\/v2\/posts\/116828\/revisions"}],"wp:featuredmedia":[{"embeddable":true,"href":"https:\/\/senoticias.com.br\/se\/wp-json\/wp\/v2\/media\/116829"}],"wp:attachment":[{"href":"https:\/\/senoticias.com.br\/se\/wp-json\/wp\/v2\/media?parent=116828"}],"wp:term":[{"taxonomy":"category","embeddable":true,"href":"https:\/\/senoticias.com.br\/se\/wp-json\/wp\/v2\/categories?post=116828"},{"taxonomy":"post_tag","embeddable":true,"href":"https:\/\/senoticias.com.br\/se\/wp-json\/wp\/v2\/tags?post=116828"}],"curies":[{"name":"wp","href":"https:\/\/api.w.org\/{rel}","templated":true}]}}