{"id":116776,"date":"2019-01-11T12:21:22","date_gmt":"2019-01-11T15:21:22","guid":{"rendered":"https:\/\/senoticias.com.br\/se\/?p=116776"},"modified":"2019-01-11T12:22:17","modified_gmt":"2019-01-11T15:22:17","slug":"116776-2","status":"publish","type":"post","link":"https:\/\/senoticias.com.br\/se\/116776-2\/","title":{"rendered":"Prefeitura reforma UPA Fernando Franco, na zona sul de Aracaju"},"content":{"rendered":"<p>A Prefeitura de Aracaju, visando uma melhor qualidade do atendimento oferecido aos cidad\u00e3os, est\u00e1 realizando reformas e restaura\u00e7\u00f5es no hospital municipal Fernando Franco, na zona Sul da capital sergipana. Com essas obras, a Secretaria Municipal da Sa\u00fade (SMS) espera proporcionar mais comodidade e conforto \u00e0 popula\u00e7\u00e3o e aos funcion\u00e1rios remanejados da UPA Nestor Piva.<\/p>\n<div id=\"attachment_116777\" style=\"width: 511px\" class=\"wp-caption aligncenter\"><a href=\"https:\/\/senoticias.com.br\/se\/wp-content\/uploads\/2019\/01\/foto_upa.jpg\"><img loading=\"lazy\" decoding=\"async\" aria-describedby=\"caption-attachment-116777\" class=\"wp-image-116777\" src=\"https:\/\/senoticias.com.br\/se\/wp-content\/uploads\/2019\/01\/foto_upa-251x300.jpg\" alt=\"\" width=\"501\" height=\"599\" srcset=\"https:\/\/senoticias.com.br\/se\/wp-content\/uploads\/2019\/01\/foto_upa-251x300.jpg 251w, https:\/\/senoticias.com.br\/se\/wp-content\/uploads\/2019\/01\/foto_upa-768x918.jpg 768w, https:\/\/senoticias.com.br\/se\/wp-content\/uploads\/2019\/01\/foto_upa.jpg 857w\" sizes=\"(max-width: 501px) 100vw, 501px\" \/><\/a><p id=\"caption-attachment-116777\" class=\"wp-caption-text\">UPA Fernando Franco passa por reformas, mas continua sem atendimento para a popula\u00e7\u00e3o. Foto: Ascom SMS<\/p><\/div>\n<p>Segundo a secret\u00e1ria Waneska Barboza, os servi\u00e7os foram iniciados neste momento devido ao fato da unidade de sa\u00fade encontrar-se interditada eticamente pelo Conselho Regional de Medicina (CRM). \u201cComo o munic\u00edpio ainda n\u00e3o conseguiu resolver esta quest\u00e3o das escalas m\u00e9dicas, devido \u00e0 falta dos trabalhadores no credenciamento dos profissionais, aproveitamos que o movimento do hospital est\u00e1 bem menor e resolvemos fazer todas as adequa\u00e7\u00f5es necess\u00e1rias, para poder acolher a popula\u00e7\u00e3o e os servidores que ser\u00e3o transferidos do hospital zona Norte para o zona Sul\u201d, afirmou.<\/p>\n<p>Waneska acrescentou que as reformas j\u00e1 estavam planejadas no calend\u00e1rio da SMS para este ano, com o hospital funcionando plenamente. Ela garantiu tamb\u00e9m que mesmo com a decis\u00e3o de adiantar os trabalhos, o posterior retorno das atividades n\u00e3o ser\u00e1 prejudicado.<\/p>\n<p>\u201cComo o hospital continua interditado, n\u00f3s estamos fazendo estas adequa\u00e7\u00f5es, mas assim que as escalas estejam recompostas, o hospital ser\u00e1 reaberto e a reforma poder\u00e1 continuar sendo feita, isolando somente os setores, como sempre fizemos em todas as unidades, a exemplo as UBS, que inclusive est\u00e3o em processo de finaliza\u00e7\u00e3o\u201d, enfatizou.<\/p>\n<p>Com a reestrutura\u00e7\u00e3o, est\u00e1 sendo feita a troca dos condicionadores de ar, reformas estruturais da sala de observa\u00e7\u00e3o adulto e infantil, sala de estabiliza\u00e7\u00e3o, implanta\u00e7\u00e3o da sala de Ortopedia e da farm\u00e1cia sat\u00e9lite.<\/p>\n<p>\u201cVisamos com isto aumentar a qualidade do servi\u00e7o e ampliar o atendimento, permitindo aos servidores desenvolverem atividades de maneira mais completa, disponibilizando toda a sua capacidade t\u00e9cnica aos cidad\u00e3os, que ter\u00e3o um acolhimento \u00e1gil e uma oferta de servi\u00e7o de sa\u00fade cada vez melhor\u201d, disse a gerente administrativa do hospital Fernando Franco, Joseneide de Oliveira.<\/p>\n<p>Da Ascom SMS<\/p>\n<p><a href=\"https:\/\/senoticias.com.br\/se\/wp-content\/uploads\/2018\/12\/Logomarca-fone-SE-4-2-1-1-1-1-1-1.jpg\"><img loading=\"lazy\" decoding=\"async\" class=\"aligncenter wp-image-116642 size-full\" src=\"https:\/\/senoticias.com.br\/se\/wp-content\/uploads\/2018\/12\/Logomarca-fone-SE-4-2-1-1-1-1-1-1.jpg\" alt=\"\" width=\"599\" height=\"78\" srcset=\"https:\/\/senoticias.com.br\/se\/wp-content\/uploads\/2018\/12\/Logomarca-fone-SE-4-2-1-1-1-1-1-1.jpg 599w, https:\/\/senoticias.com.br\/se\/wp-content\/uploads\/2018\/12\/Logomarca-fone-SE-4-2-1-1-1-1-1-1-300x39.jpg 300w\" sizes=\"(max-width: 599px) 100vw, 599px\" \/><\/a><\/p>\n","protected":false},"excerpt":{"rendered":"<p>A Prefeitura de Aracaju, visando uma melhor qualidade do atendimento oferecido aos cidad\u00e3os, est\u00e1 realizando reformas e restaura\u00e7\u00f5es no hospital municipal Fernando Franco, na zona Sul da capital sergipana. Com essas obras, a Secretaria Municipal da Sa\u00fade (SMS) espera proporcionar mais comodidade e conforto \u00e0 popula\u00e7\u00e3o e aos funcion\u00e1rios remanejados da UPA Nestor Piva. Segundo [&hellip;]<\/p>\n","protected":false},"author":6553,"featured_media":0,"comment_status":"closed","ping_status":"closed","sticky":false,"template":"","format":"standard","meta":{"footnotes":""},"categories":[15,38],"tags":[339,671,5715,213,2897,1304,223],"class_list":{"0":"post-116776","1":"post","2":"type-post","3":"status-publish","4":"format-standard","6":"category-destaques","7":"category-municipios","8":"tag-aracaju","9":"tag-crise","10":"tag-fernando-franco","11":"tag-prefeitura-de-aracaju","12":"tag-reforma","13":"tag-saude","14":"tag-sergipe"},"_links":{"self":[{"href":"https:\/\/senoticias.com.br\/se\/wp-json\/wp\/v2\/posts\/116776"}],"collection":[{"href":"https:\/\/senoticias.com.br\/se\/wp-json\/wp\/v2\/posts"}],"about":[{"href":"https:\/\/senoticias.com.br\/se\/wp-json\/wp\/v2\/types\/post"}],"author":[{"embeddable":true,"href":"https:\/\/senoticias.com.br\/se\/wp-json\/wp\/v2\/users\/6553"}],"replies":[{"embeddable":true,"href":"https:\/\/senoticias.com.br\/se\/wp-json\/wp\/v2\/comments?post=116776"}],"version-history":[{"count":0,"href":"https:\/\/senoticias.com.br\/se\/wp-json\/wp\/v2\/posts\/116776\/revisions"}],"wp:attachment":[{"href":"https:\/\/senoticias.com.br\/se\/wp-json\/wp\/v2\/media?parent=116776"}],"wp:term":[{"taxonomy":"category","embeddable":true,"href":"https:\/\/senoticias.com.br\/se\/wp-json\/wp\/v2\/categories?post=116776"},{"taxonomy":"post_tag","embeddable":true,"href":"https:\/\/senoticias.com.br\/se\/wp-json\/wp\/v2\/tags?post=116776"}],"curies":[{"name":"wp","href":"https:\/\/api.w.org\/{rel}","templated":true}]}}