{"id":116743,"date":"2019-01-08T13:06:52","date_gmt":"2019-01-08T16:06:52","guid":{"rendered":"https:\/\/senoticias.com.br\/se\/?p=116743"},"modified":"2019-01-08T23:09:59","modified_gmt":"2019-01-09T02:09:59","slug":"governo-de-sergipe-utilizara-porvir-como-marca-oficial","status":"publish","type":"post","link":"https:\/\/senoticias.com.br\/se\/governo-de-sergipe-utilizara-porvir-como-marca-oficial\/","title":{"rendered":"Governo de Sergipe utilizar\u00e1 Porvir como marca oficial"},"content":{"rendered":"<div style=\"text-align: justify;\">O Projeto de Lei, n\u00ba 138\/2018, que disp\u00f5e sobre utiliza\u00e7\u00e3o do bras\u00e3o de Sergipe como s\u00edmbolo oficial do Estado, foi aprovado pelos deputados estaduais, por unanimidade, na Assembleia Legislativa de Sergipe. O Projeto que determina as normas de utiliza\u00e7\u00e3o do s\u00edmbolo oficial do Estado em documentos, atos normativos, ve\u00edculos, obras, instala\u00e7\u00f5es e servi\u00e7os, aguarda san\u00e7\u00e3o do governador Belivaldo Chagas para se tornar Lei.<a href=\"https:\/\/senoticias.com.br\/se\/wp-content\/uploads\/2019\/01\/52b09b3426c89745357bf525e68f28f1-e1546963459775.jpeg\"><img loading=\"lazy\" decoding=\"async\" class=\"aligncenter size-full wp-image-116744\" src=\"https:\/\/senoticias.com.br\/se\/wp-content\/uploads\/2019\/01\/52b09b3426c89745357bf525e68f28f1-e1546963459775.jpeg\" alt=\"\" width=\"599\" height=\"562\" \/><\/a><\/div>\n<div style=\"text-align: justify;\"><\/div>\n<div style=\"text-align: justify;\">O texto foi encaminhado \u00e0 Alese pelo governador Belivaldo Chagas com o intuito de atender os princ\u00edpios da administra\u00e7\u00e3o p\u00fablica que compreendem a impessoalidade e a economicidade. &#8220;O objetivo \u00e9 fixar o Porvir estadual como logomarca oficial do governo do Estado, al\u00e9m de proibir o uso de logomarcas de gest\u00e3o a cada mudan\u00e7a de governo. A medida se aproxima dos anseios da sociedade, que busca nos governantes uma maior efic\u00e1cia no uso dos recursos p\u00fablicos. O objetivo \u00e9 cumprir o princ\u00edpio de uma administra\u00e7\u00e3o impessoal e aprofundar o princ\u00edpio da economicidade, j\u00e1 que o uso cont\u00ednuo do bras\u00e3o em todas as gest\u00f5es que vir\u00e3o evitar\u00e1 desperd\u00edcios&#8221;, explicou Belivaldo Chagas.<\/div>\n<div><\/div>\n<div style=\"text-align: justify;\">Com a medida, os \u00f3rg\u00e3os, as entidades aut\u00e1rquicas e funcionais do Poder Executivo devem utilizar o s\u00edmbolo em documentos, atos normativos, ve\u00edculos, obras, instala\u00e7\u00f5es e servi\u00e7os.<\/div>\n<div style=\"text-align: justify;\"><\/div>\n<div style=\"text-align: justify;\">Pela lei, \u00e9 vedada a utiliza\u00e7\u00e3o de outros sinais gr\u00e1ficos, &#8220;como logomarcas, lemas ou &#8216;slogans&#8217;, que objetivem a simplesmente fazer alus\u00e3o \u00e0 determinada administra\u00e7\u00e3o, autoridade, ou, ainda, a fazer refer\u00eancias a agremia\u00e7\u00f5es pol\u00edtico-partid\u00e1rias em documentos, atos normativos, ve\u00edculos, obras, instala\u00e7\u00f5es e servi\u00e7os da Administra\u00e7\u00e3o Estadual.<\/div>\n<div style=\"text-align: justify;\"><\/div>\n<div style=\"text-align: justify;\"><strong>Bras\u00e3o<\/strong><\/div>\n<div style=\"text-align: justify;\"><\/div>\n<div style=\"text-align: justify;\">O Bras\u00e3o de Sergipe \u00e9 um dos s\u00edmbolos oficias do estado e foi oficializado pela Lei n\u00ba 2, de 5 de junho de 1892. Criado pelo professor Br\u00edcio Cardoso, sua simbologia traz elementos do passado e do futuro. O \u00edndio Serigy embarcando em um bal\u00e3o representa a hist\u00f3ria. J\u00e1 o PORVIR, localizado no centro do bal\u00e3o, remete ao futuro. Abaixo do cesto do bal\u00e3o, a legenda Sub Lege Libertas &#8211; Sob a Lei a Liberdade. Encerrando a faixa, a data 18 de maio de 1892 faz lembrete \u00e0 primeira Constitui\u00e7\u00e3o do estado.<\/div>\n<div><\/div>\n<div><\/div>\n<div><a href=\"https:\/\/senoticias.com.br\/se\/wp-content\/uploads\/2018\/12\/Logomarca-fone-SE-4-2-1-1-1-1-1-1.jpg\"><img loading=\"lazy\" decoding=\"async\" class=\"aligncenter size-full wp-image-116642\" src=\"https:\/\/senoticias.com.br\/se\/wp-content\/uploads\/2018\/12\/Logomarca-fone-SE-4-2-1-1-1-1-1-1.jpg\" alt=\"\" width=\"599\" height=\"78\" srcset=\"https:\/\/senoticias.com.br\/se\/wp-content\/uploads\/2018\/12\/Logomarca-fone-SE-4-2-1-1-1-1-1-1.jpg 599w, https:\/\/senoticias.com.br\/se\/wp-content\/uploads\/2018\/12\/Logomarca-fone-SE-4-2-1-1-1-1-1-1-300x39.jpg 300w\" sizes=\"(max-width: 599px) 100vw, 599px\" \/><\/a><\/div>\n<div><\/div>\n<div><\/div>\n<div><em><strong>Acompanhe o SE Not\u00edcias no<\/strong><span class=\"apple-converted-space\"><b>\u00a0<\/b><\/span><a href=\"https:\/\/twitter.com\/Senoticias\" target=\"_blank\" rel=\"noopener\"><b>Twitter<\/b><\/a><strong>,<\/strong><span class=\"apple-converted-space\"><b>\u00a0<\/b><\/span><a href=\"https:\/\/www.facebook.com\/senoticias1\" target=\"_blank\" rel=\"noopener\"><b>Facebook<\/b><span class=\"apple-converted-space\"><b>\u00a0<\/b><\/span><\/a><strong>e no<\/strong><span class=\"apple-converted-space\"><b>\u00a0<\/b><\/span><a href=\"https:\/\/www.instagram.com\/senoticias\/\" target=\"_blank\" rel=\"noopener\"><b>Instagram<\/b><\/a><\/em><\/div>\n<div><\/div>\n<div><strong><em>Da Ag\u00eancia Sergipe de Not\u00edcias<\/em><\/strong><\/div>\n","protected":false},"excerpt":{"rendered":"<p>O Projeto de Lei, n\u00ba 138\/2018, que disp\u00f5e sobre utiliza\u00e7\u00e3o do bras\u00e3o de Sergipe como s\u00edmbolo oficial do Estado, foi aprovado pelos deputados estaduais, por unanimidade, na Assembleia Legislativa de Sergipe. O Projeto que determina as normas de utiliza\u00e7\u00e3o do s\u00edmbolo oficial do Estado em documentos, atos normativos, ve\u00edculos, obras, instala\u00e7\u00f5es e servi\u00e7os, aguarda san\u00e7\u00e3o [&hellip;]<\/p>\n","protected":false},"author":6552,"featured_media":0,"comment_status":"closed","ping_status":"closed","sticky":false,"template":"","format":"standard","meta":{"footnotes":""},"categories":[15,6],"tags":[448,11352,11353],"class_list":{"0":"post-116743","1":"post","2":"type-post","3":"status-publish","4":"format-standard","6":"category-destaques","7":"category-politica","8":"tag-governo-de-sergipe","9":"tag-poder-executivo","10":"tag-porvir"},"_links":{"self":[{"href":"https:\/\/senoticias.com.br\/se\/wp-json\/wp\/v2\/posts\/116743"}],"collection":[{"href":"https:\/\/senoticias.com.br\/se\/wp-json\/wp\/v2\/posts"}],"about":[{"href":"https:\/\/senoticias.com.br\/se\/wp-json\/wp\/v2\/types\/post"}],"author":[{"embeddable":true,"href":"https:\/\/senoticias.com.br\/se\/wp-json\/wp\/v2\/users\/6552"}],"replies":[{"embeddable":true,"href":"https:\/\/senoticias.com.br\/se\/wp-json\/wp\/v2\/comments?post=116743"}],"version-history":[{"count":0,"href":"https:\/\/senoticias.com.br\/se\/wp-json\/wp\/v2\/posts\/116743\/revisions"}],"wp:attachment":[{"href":"https:\/\/senoticias.com.br\/se\/wp-json\/wp\/v2\/media?parent=116743"}],"wp:term":[{"taxonomy":"category","embeddable":true,"href":"https:\/\/senoticias.com.br\/se\/wp-json\/wp\/v2\/categories?post=116743"},{"taxonomy":"post_tag","embeddable":true,"href":"https:\/\/senoticias.com.br\/se\/wp-json\/wp\/v2\/tags?post=116743"}],"curies":[{"name":"wp","href":"https:\/\/api.w.org\/{rel}","templated":true}]}}