{"id":116739,"date":"2019-01-08T11:21:22","date_gmt":"2019-01-08T14:21:22","guid":{"rendered":"https:\/\/senoticias.com.br\/se\/?p=116739"},"modified":"2019-01-08T11:21:22","modified_gmt":"2019-01-08T14:21:22","slug":"rosario-do-catete-uma-familia-no-poder","status":"publish","type":"post","link":"https:\/\/senoticias.com.br\/se\/rosario-do-catete-uma-familia-no-poder\/","title":{"rendered":"Ros\u00e1rio do Catete: uma fam\u00edlia no poder"},"content":{"rendered":"<p>Mais um membro da Fam\u00edlia Barreto, do prefeito de Ros\u00e1rio do Catete, Etelvino Barreto (MDB), assume um cargo no primeiro escal\u00e3o da gest\u00e3o municipal, informa o portal NE Not\u00edcias.<\/p>\n<p>Na edi\u00e7\u00e3o desta segunda, 7, do Di\u00e1rio Oficial do Munic\u00edpio, o vereador Walter Barreto, filho do prefeito, assumiu a Secretaria de Finan\u00e7as. Uma pasta estrat\u00e9gica, pois dela saem todas as ordens de pagamento da gest\u00e3o.<\/p>\n<p style=\"text-align: justify;\">Desde que tomou posse, Vino n\u00e3o fez qualquer cerim\u00f4nia para nomear seus familiares. Sua filha Tirzah Barreto \u00e9 secret\u00e1ria de Comunica\u00e7\u00e3o e acumula a pasta da Cultura e Turismo, por onde passam todos os eventos e contrata\u00e7\u00f5es do munic\u00edpio.<\/p>\n<div id=\"attachment_116740\" style=\"width: 601px\" class=\"wp-caption aligncenter\"><a href=\"https:\/\/senoticias.com.br\/se\/wp-content\/uploads\/2019\/01\/Etelvino-Barreto.jpg\"><img loading=\"lazy\" decoding=\"async\" aria-describedby=\"caption-attachment-116740\" class=\"size-full wp-image-116740\" src=\"https:\/\/senoticias.com.br\/se\/wp-content\/uploads\/2019\/01\/Etelvino-Barreto.jpg\" alt=\"\" width=\"591\" height=\"827\" srcset=\"https:\/\/senoticias.com.br\/se\/wp-content\/uploads\/2019\/01\/Etelvino-Barreto.jpg 591w, https:\/\/senoticias.com.br\/se\/wp-content\/uploads\/2019\/01\/Etelvino-Barreto-214x300.jpg 214w\" sizes=\"(max-width: 591px) 100vw, 591px\" \/><\/a><p id=\"caption-attachment-116740\" class=\"wp-caption-text\">O prefeito Etelvino Barreto (MDB), nomeou o filho para o primeiro escal\u00e3o na prefeitura de Ros\u00e1rio do Catete. (Foto: arquivo\/PMRC)<\/p><\/div>\n<p style=\"text-align: justify;\">Epaminondas Barreto, irm\u00e3o de Vino, comanda a pasta da Infraestrutura, onde est\u00e3o concentradas todas as obras e servi\u00e7os urbanos da cidade.<\/p>\n<p style=\"text-align: justify;\">E ainda tem Maria das Gra\u00e7as Resende Barreto, esposa do prefeito. Servidora lotada na Secretaria de Educa\u00e7\u00e3o, ela est\u00e1 dispon\u00edvel no gabinete do marido, exercendo uma esp\u00e9cie de super secretaria, comandando as a\u00e7\u00f5es da Sa\u00fade, Assist\u00eancia Social e da pr\u00f3pria Educa\u00e7\u00e3o. Quem \u00e9 de Ros\u00e1rio sabe que nada acontece sem a sua aprova\u00e7\u00e3o.<\/p>\n<p style=\"text-align: justify;\">A nomea\u00e7\u00e3o de Walter Barreto promete dar muito o que falar. O custo com a fam\u00edlia Barreto, entre sal\u00e1rios, ve\u00edculos, gratifica\u00e7\u00f5es e di\u00e1rias, j\u00e1 est\u00e1 acima da capacidade financeira da Prefeitura.<\/p>\n<p><em>Mat\u00e9ria publicada originalmente no <a href=\"http:\/\/www.nenoticias.com.br\/111889_rosario-do-catete-uma-familia-no-poder.html\"><strong>site<\/strong><\/a> NE Not\u00edcias<\/em><\/p>\n<p>&nbsp;<\/p>\n<p>&nbsp;<\/p>\n<p><a href=\"https:\/\/senoticias.com.br\/se\/wp-content\/uploads\/2018\/12\/Logomarca-fone-SE-4-2-1-1-1-1-1-1.jpg\"><img loading=\"lazy\" decoding=\"async\" class=\"aligncenter size-full wp-image-116642\" src=\"https:\/\/senoticias.com.br\/se\/wp-content\/uploads\/2018\/12\/Logomarca-fone-SE-4-2-1-1-1-1-1-1.jpg\" alt=\"\" width=\"599\" height=\"78\" srcset=\"https:\/\/senoticias.com.br\/se\/wp-content\/uploads\/2018\/12\/Logomarca-fone-SE-4-2-1-1-1-1-1-1.jpg 599w, https:\/\/senoticias.com.br\/se\/wp-content\/uploads\/2018\/12\/Logomarca-fone-SE-4-2-1-1-1-1-1-1-300x39.jpg 300w\" sizes=\"(max-width: 599px) 100vw, 599px\" \/><\/a><\/p>\n<p>&nbsp;<\/p>\n<p><em><strong>Acompanhe o SE Not\u00edcias no<\/strong><span class=\"apple-converted-space\"><b>\u00a0<\/b><\/span><a href=\"https:\/\/twitter.com\/Senoticias\" target=\"_blank\" rel=\"noopener\"><b>Twitter<\/b><\/a><strong>,<\/strong><span class=\"apple-converted-space\"><b>\u00a0<\/b><\/span><a href=\"https:\/\/www.facebook.com\/senoticias1\" target=\"_blank\" rel=\"noopener\"><b>Facebook<\/b><span class=\"apple-converted-space\"><b>\u00a0<\/b><\/span><\/a><strong>e no<\/strong><span class=\"apple-converted-space\"><b>\u00a0<\/b><\/span><a href=\"https:\/\/www.instagram.com\/senoticias\/\" target=\"_blank\" rel=\"noopener\"><b>Instagram<\/b><\/a><\/em><\/p>\n<p>&nbsp;<\/p>\n<p>&nbsp;<\/p>\n","protected":false},"excerpt":{"rendered":"<p>Mais um membro da Fam\u00edlia Barreto, do prefeito de Ros\u00e1rio do Catete, Etelvino Barreto (MDB), assume um cargo no primeiro escal\u00e3o da gest\u00e3o municipal, informa o portal NE Not\u00edcias. Na edi\u00e7\u00e3o desta segunda, 7, do Di\u00e1rio Oficial do Munic\u00edpio, o vereador Walter Barreto, filho do prefeito, assumiu a Secretaria de Finan\u00e7as. Uma pasta estrat\u00e9gica, pois [&hellip;]<\/p>\n","protected":false},"author":6552,"featured_media":116740,"comment_status":"closed","ping_status":"closed","sticky":false,"template":"","format":"standard","meta":{"footnotes":""},"categories":[15,38],"tags":[2245,3734],"class_list":{"0":"post-116739","1":"post","2":"type-post","3":"status-publish","4":"format-standard","5":"has-post-thumbnail","7":"category-destaques","8":"category-municipios","9":"tag-prefeito-de-rosario-do-catete","10":"tag-vino"},"_links":{"self":[{"href":"https:\/\/senoticias.com.br\/se\/wp-json\/wp\/v2\/posts\/116739"}],"collection":[{"href":"https:\/\/senoticias.com.br\/se\/wp-json\/wp\/v2\/posts"}],"about":[{"href":"https:\/\/senoticias.com.br\/se\/wp-json\/wp\/v2\/types\/post"}],"author":[{"embeddable":true,"href":"https:\/\/senoticias.com.br\/se\/wp-json\/wp\/v2\/users\/6552"}],"replies":[{"embeddable":true,"href":"https:\/\/senoticias.com.br\/se\/wp-json\/wp\/v2\/comments?post=116739"}],"version-history":[{"count":0,"href":"https:\/\/senoticias.com.br\/se\/wp-json\/wp\/v2\/posts\/116739\/revisions"}],"wp:featuredmedia":[{"embeddable":true,"href":"https:\/\/senoticias.com.br\/se\/wp-json\/wp\/v2\/media\/116740"}],"wp:attachment":[{"href":"https:\/\/senoticias.com.br\/se\/wp-json\/wp\/v2\/media?parent=116739"}],"wp:term":[{"taxonomy":"category","embeddable":true,"href":"https:\/\/senoticias.com.br\/se\/wp-json\/wp\/v2\/categories?post=116739"},{"taxonomy":"post_tag","embeddable":true,"href":"https:\/\/senoticias.com.br\/se\/wp-json\/wp\/v2\/tags?post=116739"}],"curies":[{"name":"wp","href":"https:\/\/api.w.org\/{rel}","templated":true}]}}