{"id":116703,"date":"2019-01-03T11:59:29","date_gmt":"2019-01-03T14:59:29","guid":{"rendered":"https:\/\/senoticias.com.br\/se\/?p=116703"},"modified":"2019-01-03T12:05:35","modified_gmt":"2019-01-03T15:05:35","slug":"lojistas-enaltecem-papel-da-policia-militar-no-final-do-ano","status":"publish","type":"post","link":"https:\/\/senoticias.com.br\/se\/lojistas-enaltecem-papel-da-policia-militar-no-final-do-ano\/","title":{"rendered":"Lojistas enaltecem papel da Pol\u00edcia Militar no final do ano"},"content":{"rendered":"<p align=\"justify\"><span style=\"font-family: Verdana, sans-serif;\">Os presidentes da FCDL\/Sergipe, Edivaldo Cunha, e da CDL\/Aracaju, Brenno Barreto, prestigiaram o ato solene de posse do novo governador de Sergipe, Belivaldo Chagas.<\/span><\/p>\n<div id=\"attachment_116704\" style=\"width: 609px\" class=\"wp-caption aligncenter\"><a href=\"https:\/\/senoticias.com.br\/se\/wp-content\/uploads\/2019\/01\/IMG-20190102-WA0383-e1546527742758.jpg\"><img loading=\"lazy\" decoding=\"async\" aria-describedby=\"caption-attachment-116704\" class=\"size-full wp-image-116704\" src=\"https:\/\/senoticias.com.br\/se\/wp-content\/uploads\/2019\/01\/IMG-20190102-WA0383-e1546527742758.jpg\" alt=\"\" width=\"599\" height=\"799\" \/><\/a><p id=\"caption-attachment-116704\" class=\"wp-caption-text\">Os presidentes da FCDL\/Sergipe, Edivaldo Cunha, e da CDL\/Aracaju, Brenno Barreto, prestigiaram o ato solene de posse do novo governador de Sergipe, Belivaldo Chagas. (Foto: Divulga\u00e7\u00e3o\/CDL)<\/p><\/div>\n<p align=\"justify\"><span style=\"font-family: Verdana, sans-serif;\">Os l\u00edderes lojistas destacaram o pepel democr\u00e1tico e conciliador do governador, sempre aberto ao di\u00e1logo e atencioso para com as reivindica\u00e7\u00f5es dos empres\u00e1rios do com\u00e9rcio, j\u00e1 tendo demonstrado isso na pr\u00e1tica desde que assumiu o governo em abril do ano passado.<\/span><\/p>\n<p align=\"justify\">Edivaldo e Brenno estavam ainda acompanhado do assessor t\u00e9cnico das duas entidades, Edmilson Andrade. Tamb\u00e9m eles se encontraram com o prefeito e Aracaju, Edvaldo Nogueira, onde trocaram informa\u00e7\u00f5es sobre a cidade e os projetos da PMA para a classe lojista da capital sergipana.<\/p>\n<p style=\"text-align: justify;\" align=\"justify\">Mais uma vez os representantes das entidades lojista de Aracaju e Sergipe \u2013 CDL e FCDL \u2013 enalteceram o importante papel desempenhado pela Pol\u00edcia Militar na cobertura de todo Centro comercial da cidade, Siqueira Campos e 13 de julho durante todo o per\u00edodo de final de ano, pico maior de vendas do com\u00e9rcio.<\/p>\n<p style=\"text-align: justify;\" align=\"justify\">Brenno Barreto e Edivaldo Cunha destacaram a a\u00e7\u00e3o da PM atrav\u00e9s do projeto \u201cCom\u00e9rcio Seguro\u201d, com o deslocamento de policiais e refor\u00e7o do efetivo por meio de v\u00e1rias formas, viaturas e policiamento ostensivo, o que fez diminuir sensivelmente o n\u00famero de ocorr\u00eancias, roubos e assaltos na principal \u00e1rea comercial da cidade. \u201cAgradecemos o esfor\u00e7o de todos da PM, do comandante geral ao soldado e tamb\u00e9m ao governador Belivaldo Chagas\u201d, disse Brenno.<\/p>\n<p style=\"text-align: justify;\" align=\"justify\">A C\u00e2mara de Dirigentes Lojistas (CDL)\u00a0vem\u00a0atuando\u00a0em conjunto com a Pol\u00edcia Militar e montou\u00a0uma base para que os clientes fa\u00e7am o cadastro no sistema lan\u00e7ado pela Secretaria da Seguran\u00e7a P\u00fablica (SSP\/SE)\u00a0visando\u00a0alertar furtos, roubos e perda de celulares.<\/p>\n<p align=\"justify\"><a href=\"https:\/\/senoticias.com.br\/se\/wp-content\/uploads\/2018\/12\/Logomarca-fone-SE-4-2-1-1-1-1-1-1.jpg\"><img loading=\"lazy\" decoding=\"async\" class=\"aligncenter size-full wp-image-116642\" src=\"https:\/\/senoticias.com.br\/se\/wp-content\/uploads\/2018\/12\/Logomarca-fone-SE-4-2-1-1-1-1-1-1.jpg\" alt=\"\" width=\"599\" height=\"78\" srcset=\"https:\/\/senoticias.com.br\/se\/wp-content\/uploads\/2018\/12\/Logomarca-fone-SE-4-2-1-1-1-1-1-1.jpg 599w, https:\/\/senoticias.com.br\/se\/wp-content\/uploads\/2018\/12\/Logomarca-fone-SE-4-2-1-1-1-1-1-1-300x39.jpg 300w\" sizes=\"(max-width: 599px) 100vw, 599px\" \/><\/a><\/p>\n<p align=\"justify\"><em><strong>Acompanhe o SE Not\u00edcias no<\/strong><span class=\"apple-converted-space\"><b>\u00a0<\/b><\/span><a href=\"https:\/\/twitter.com\/Senoticias\" target=\"_blank\" rel=\"noopener\"><b>Twitter<\/b><\/a><strong>,<\/strong><span class=\"apple-converted-space\"><b>\u00a0<\/b><\/span><a href=\"https:\/\/www.facebook.com\/senoticias1\" target=\"_blank\" rel=\"noopener\"><b>Facebook<\/b><span class=\"apple-converted-space\"><b>\u00a0<\/b><\/span><\/a><strong>e no<\/strong><span class=\"apple-converted-space\"><b>\u00a0<\/b><\/span><a href=\"https:\/\/www.instagram.com\/senoticias\/\" target=\"_blank\" rel=\"noopener\"><b>Instagram<\/b><\/a><\/em><\/p>\n<p align=\"justify\"><strong><em>Da Assessoria de Comunica\u00e7\u00e3o<\/em><\/strong><\/p>\n","protected":false},"excerpt":{"rendered":"<p>Os presidentes da FCDL\/Sergipe, Edivaldo Cunha, e da CDL\/Aracaju, Brenno Barreto, prestigiaram o ato solene de posse do novo governador de Sergipe, Belivaldo Chagas. Os l\u00edderes lojistas destacaram o pepel democr\u00e1tico e conciliador do governador, sempre aberto ao di\u00e1logo e atencioso para com as reivindica\u00e7\u00f5es dos empres\u00e1rios do com\u00e9rcio, j\u00e1 tendo demonstrado isso na pr\u00e1tica [&hellip;]<\/p>\n","protected":false},"author":6552,"featured_media":116704,"comment_status":"closed","ping_status":"closed","sticky":false,"template":"","format":"standard","meta":{"footnotes":""},"categories":[15,8],"tags":[7622,11335,485,11336,86],"class_list":{"0":"post-116703","1":"post","2":"type-post","3":"status-publish","4":"format-standard","5":"has-post-thumbnail","7":"category-destaques","8":"category-esporte-e-cultura","9":"tag-ano-novo","10":"tag-edivaldo-cunha","11":"tag-fcdl","12":"tag-lojistas","13":"tag-policia-militar"},"_links":{"self":[{"href":"https:\/\/senoticias.com.br\/se\/wp-json\/wp\/v2\/posts\/116703"}],"collection":[{"href":"https:\/\/senoticias.com.br\/se\/wp-json\/wp\/v2\/posts"}],"about":[{"href":"https:\/\/senoticias.com.br\/se\/wp-json\/wp\/v2\/types\/post"}],"author":[{"embeddable":true,"href":"https:\/\/senoticias.com.br\/se\/wp-json\/wp\/v2\/users\/6552"}],"replies":[{"embeddable":true,"href":"https:\/\/senoticias.com.br\/se\/wp-json\/wp\/v2\/comments?post=116703"}],"version-history":[{"count":0,"href":"https:\/\/senoticias.com.br\/se\/wp-json\/wp\/v2\/posts\/116703\/revisions"}],"wp:featuredmedia":[{"embeddable":true,"href":"https:\/\/senoticias.com.br\/se\/wp-json\/wp\/v2\/media\/116704"}],"wp:attachment":[{"href":"https:\/\/senoticias.com.br\/se\/wp-json\/wp\/v2\/media?parent=116703"}],"wp:term":[{"taxonomy":"category","embeddable":true,"href":"https:\/\/senoticias.com.br\/se\/wp-json\/wp\/v2\/categories?post=116703"},{"taxonomy":"post_tag","embeddable":true,"href":"https:\/\/senoticias.com.br\/se\/wp-json\/wp\/v2\/tags?post=116703"}],"curies":[{"name":"wp","href":"https:\/\/api.w.org\/{rel}","templated":true}]}}