{"id":116701,"date":"2019-01-03T11:11:56","date_gmt":"2019-01-03T14:11:56","guid":{"rendered":"https:\/\/senoticias.com.br\/se\/?p=116701"},"modified":"2019-01-03T11:11:56","modified_gmt":"2019-01-03T14:11:56","slug":"maia-recebe-apoio-do-prb-entrega-vice-presidencia-ao-partido-e-busca-apoio-do-pt","status":"publish","type":"post","link":"https:\/\/senoticias.com.br\/se\/maia-recebe-apoio-do-prb-entrega-vice-presidencia-ao-partido-e-busca-apoio-do-pt\/","title":{"rendered":"Maia recebe apoio do PRB, entrega vice-presid\u00eancia ao partido e busca apoio do PT"},"content":{"rendered":"<p>O presidente da C\u00e2mara, Rodrigo Maia (DEM-RJ), se reuniu na manh\u00e3 desta quinta-feira (3) com deputados do PRB e fechou apoio do partido \u00e0 sua reelei\u00e7\u00e3o na presid\u00eancia da Casa.<\/p>\n<p style=\"text-align: justify;\">O deputado Jo\u00e3o Campos (PRB) \u2013 que era um dos candidatos \u2013 comunicou a Maia oficialmente que estava fora da disputa. Maia negociou a vice-presid\u00eancia com o PRB.<\/p>\n<div id=\"attachment_116702\" style=\"width: 609px\" class=\"wp-caption aligncenter\"><a href=\"https:\/\/senoticias.com.br\/se\/wp-content\/uploads\/2019\/01\/maia-novissima-2.jpg\"><img loading=\"lazy\" decoding=\"async\" aria-describedby=\"caption-attachment-116702\" class=\"size-full wp-image-116702\" src=\"https:\/\/senoticias.com.br\/se\/wp-content\/uploads\/2019\/01\/maia-novissima-2-e1546524478124.jpg\" alt=\"\" width=\"599\" height=\"487\" \/><\/a><p id=\"caption-attachment-116702\" class=\"wp-caption-text\">O deputado Rodrigo Maia (DEM-RJ) durante discurso na C\u00e2mara dos Deputados. (Foto: Alex Ferreira\/C\u00e2mara dos Deputados)<\/p><\/div>\n<p style=\"text-align: justify;\">Campos era um dos candidatos que tinha a simpatia do grupo Bolsonaro, antes de o PSL fechar apoio a Maia nesta quarta-feira (2).<\/p>\n<p style=\"text-align: justify;\">Sobre a rea\u00e7\u00e3o da esquerda ao apoio do PSL, publicada pelo blog mais cedo, Maia disse \u00e0 reportagem que &#8220;elei\u00e7\u00e3o da C\u00e2mara n\u00e3o \u00e9 elei\u00e7\u00e3o para presidente&#8221; \u2013 e que ele vai procurar o PT para conversar.<\/p>\n<p style=\"text-align: justify;\">&#8220;Minha inten\u00e7\u00e3o sempre foi respeitar os dois maiores partidos na governan\u00e7a da Casa \u2013 PT e PSL \u2013 e vou conversar com o PT tamb\u00e9m. Inclusive, avisei isso ao PSL ontem&#8221;, disse o presidente da C\u00e2mara.<\/p>\n<p style=\"text-align: justify;\">Segundo Maia, &#8220;n\u00e3o tem como&#8221; partidos como PT, PCdoB e PSB estarem fora da governan\u00e7a da Casa.<\/p>\n<p>&nbsp;<\/p>\n<p><a href=\"https:\/\/senoticias.com.br\/se\/wp-content\/uploads\/2018\/12\/Logomarca-fone-SE-4-2-1-1-1-1-1-1.jpg\"><img loading=\"lazy\" decoding=\"async\" class=\"aligncenter size-full wp-image-116642\" src=\"https:\/\/senoticias.com.br\/se\/wp-content\/uploads\/2018\/12\/Logomarca-fone-SE-4-2-1-1-1-1-1-1.jpg\" alt=\"\" width=\"599\" height=\"78\" srcset=\"https:\/\/senoticias.com.br\/se\/wp-content\/uploads\/2018\/12\/Logomarca-fone-SE-4-2-1-1-1-1-1-1.jpg 599w, https:\/\/senoticias.com.br\/se\/wp-content\/uploads\/2018\/12\/Logomarca-fone-SE-4-2-1-1-1-1-1-1-300x39.jpg 300w\" sizes=\"(max-width: 599px) 100vw, 599px\" \/><\/a><\/p>\n<p>&nbsp;<\/p>\n<p>&nbsp;<\/p>\n<p><em><strong>Acompanhe o SE Not\u00edcias no<\/strong><span class=\"apple-converted-space\"><b>\u00a0<\/b><\/span><a href=\"https:\/\/twitter.com\/Senoticias\" target=\"_blank\" rel=\"noopener\"><b>Twitter<\/b><\/a><strong>,<\/strong><span class=\"apple-converted-space\"><b>\u00a0<\/b><\/span><a href=\"https:\/\/www.facebook.com\/senoticias1\" target=\"_blank\" rel=\"noopener\"><b>Facebook<\/b><span class=\"apple-converted-space\"><b>\u00a0<\/b><\/span><\/a><strong>e no<\/strong><span class=\"apple-converted-space\"><b>\u00a0<\/b><\/span><a href=\"https:\/\/www.instagram.com\/senoticias\/\" target=\"_blank\" rel=\"noopener\"><b>Instagram<\/b><\/a><\/em><\/p>\n<p>&nbsp;<\/p>\n<p><em>Por Andr\u00e9ia Sadi, <a href=\"https:\/\/g1.globo.com\/politica\/blog\/andreia-sadi\/post\/2019\/01\/03\/apos-psl-maia-fecha-com-prb-entrega-vice-presidencia-e-busca-apoio-do-pt.ghtml\"><strong>G1<\/strong><\/a><\/em><\/p>\n","protected":false},"excerpt":{"rendered":"<p>O presidente da C\u00e2mara, Rodrigo Maia (DEM-RJ), se reuniu na manh\u00e3 desta quinta-feira (3) com deputados do PRB e fechou apoio do partido \u00e0 sua reelei\u00e7\u00e3o na presid\u00eancia da Casa. O deputado Jo\u00e3o Campos (PRB) \u2013 que era um dos candidatos \u2013 comunicou a Maia oficialmente que estava fora da disputa. Maia negociou a vice-presid\u00eancia [&hellip;]<\/p>\n","protected":false},"author":6552,"featured_media":116702,"comment_status":"closed","ping_status":"closed","sticky":false,"template":"","format":"standard","meta":{"footnotes":""},"categories":[15,2961],"tags":[3272,899,10059,7253],"class_list":{"0":"post-116701","1":"post","2":"type-post","3":"status-publish","4":"format-standard","5":"has-post-thumbnail","7":"category-destaques","8":"category-nacional","9":"tag-bolsonaro","10":"tag-camara-dos-deputados","11":"tag-psl","12":"tag-rodrigo-maia"},"_links":{"self":[{"href":"https:\/\/senoticias.com.br\/se\/wp-json\/wp\/v2\/posts\/116701"}],"collection":[{"href":"https:\/\/senoticias.com.br\/se\/wp-json\/wp\/v2\/posts"}],"about":[{"href":"https:\/\/senoticias.com.br\/se\/wp-json\/wp\/v2\/types\/post"}],"author":[{"embeddable":true,"href":"https:\/\/senoticias.com.br\/se\/wp-json\/wp\/v2\/users\/6552"}],"replies":[{"embeddable":true,"href":"https:\/\/senoticias.com.br\/se\/wp-json\/wp\/v2\/comments?post=116701"}],"version-history":[{"count":0,"href":"https:\/\/senoticias.com.br\/se\/wp-json\/wp\/v2\/posts\/116701\/revisions"}],"wp:featuredmedia":[{"embeddable":true,"href":"https:\/\/senoticias.com.br\/se\/wp-json\/wp\/v2\/media\/116702"}],"wp:attachment":[{"href":"https:\/\/senoticias.com.br\/se\/wp-json\/wp\/v2\/media?parent=116701"}],"wp:term":[{"taxonomy":"category","embeddable":true,"href":"https:\/\/senoticias.com.br\/se\/wp-json\/wp\/v2\/categories?post=116701"},{"taxonomy":"post_tag","embeddable":true,"href":"https:\/\/senoticias.com.br\/se\/wp-json\/wp\/v2\/tags?post=116701"}],"curies":[{"name":"wp","href":"https:\/\/api.w.org\/{rel}","templated":true}]}}