{"id":116684,"date":"2019-01-02T10:40:14","date_gmt":"2019-01-02T13:40:14","guid":{"rendered":"https:\/\/senoticias.com.br\/se\/?p=116684"},"modified":"2019-01-02T10:40:14","modified_gmt":"2019-01-02T13:40:14","slug":"prf-em-sergipe-encerra-segunda-etapa-da-operacao-fim-de-ano-2018","status":"publish","type":"post","link":"https:\/\/senoticias.com.br\/se\/prf-em-sergipe-encerra-segunda-etapa-da-operacao-fim-de-ano-2018\/","title":{"rendered":"PRF em Sergipe encerra segunda etapa da opera\u00e7\u00e3o \u201cFim de Ano 2018\u201d"},"content":{"rendered":"<p>Iniciada na \u00faltima sexta-feira de 2018, e finalizada \u00e0 meia-noite de ontem, 01, a segunda etapa da opera\u00e7\u00e3o \u201cFim de Ano 2018\u201d realizada pela Pol\u00edcia Rodovi\u00e1ria Federal (PRF) em Sergipe registrou nove acidentes, em que 13 pessoas ficaram feridas e sem registro de mortes nas rodovias federais que cortam o estado. O efetivo da PRF foi refor\u00e7ado nesse per\u00edodo, atuando principalmente nos trechos considerados cr\u00edticos, que possuem maiores \u00edndices de acidentes relacionados com o excesso de velocidade e ultrapassagens indevidas.<\/p>\n<div id=\"attachment_116685\" style=\"width: 459px\" class=\"wp-caption aligncenter\"><a href=\"https:\/\/senoticias.com.br\/se\/wp-content\/uploads\/2019\/01\/PRF-SE-radar-portatil-28dez18-e1546436373281.jpeg\"><img loading=\"lazy\" decoding=\"async\" aria-describedby=\"caption-attachment-116685\" class=\"wp-image-116685 size-full\" src=\"https:\/\/senoticias.com.br\/se\/wp-content\/uploads\/2019\/01\/PRF-SE-radar-portatil-28dez18-e1546436373281.jpeg\" alt=\"\" width=\"449\" height=\"599\" \/><\/a><p id=\"caption-attachment-116685\" class=\"wp-caption-text\">Foto: PRF\/SE<\/p><\/div>\n<p>Excesso de velocidade e ultrapassagens \u2013 Durante os cinco dias de opera\u00e7\u00e3o, os agentes federais contabilizaram mais de 1,3 mil flagrantes de excesso de velocidade (267 flagrantes\/dia). O n\u00famero \u00e9 alto o que faz aumentar o risco de acidentes fatais. No quesito ultrapassagem indevida, a PRF notificou 61 condutores realizando esse tipo de infra\u00e7\u00e3o de tr\u00e2nsito. O n\u00famero s\u00f3 n\u00e3o foi maior, pois a presen\u00e7a ostensiva da PRF inibiu o cometimento de mais ocorr\u00eancias desse tipo.<\/p>\n<p>Dispositivos de reten\u00e7\u00e3o para crian\u00e7as \u2013 De acordo com a resolu\u00e7\u00e3o n\u00ba 277\/08 do Conselho Nacional de Tr\u00e2nsito \u2013 CONTRAN, \u00e9 obrigat\u00f3rio o transporte de crian\u00e7as em dispositivos de reten\u00e7\u00e3o adequados ao peso e altura, sendo para isso utilizados o \u201cbeb\u00ea conforto\u201d, a \u201ccadeirinha\u201d e o \u201cassento de eleva\u00e7\u00e3o\u201d. O descumprimento dessa resolu\u00e7\u00e3o \u00e9 considerado uma infra\u00e7\u00e3o grav\u00edssima, cuja penalidade \u00e9 multa no valor de R$ 293,47, al\u00e9m de sete pontos lan\u00e7ados no prontu\u00e1rio do condutor infrator. Mais que isso, a n\u00e3o utiliza\u00e7\u00e3o dos dispositivos de reten\u00e7\u00e3o pode gerar consequ\u00eancias irrevers\u00edveis. Somente nas festividades de R\u00e9veillon, a PRF em Sergipe notificou dez condutores pelo transporte de crian\u00e7as sem observ\u00e2ncia \u00e0s normas de seguran\u00e7a.<\/p>\n<p>Alcoolemia &#8211; Mais de 700 testes de alcoolemia foram realizados e seis condutores foram notificados por dirigirem sob efeito de \u00e1lcool, sendo que um deles foi detido por ultrapassar o limite de 0,34 mg\/L (miligramas de \u00e1lcool por litro de ar expelido pelos pulm\u00f5es) e responder\u00e1 pelo crime de tr\u00e2nsito cometido.<\/p>\n<p>Educa\u00e7\u00e3o para o tr\u00e2nsito &#8211; Em Sergipe, as a\u00e7\u00f5es educativas com o objetivo de sensibilizar motoristas e passageiros de seus pap\u00e9is na constru\u00e7\u00e3o de um tr\u00e2nsito mais seguro, alcan\u00e7aram 519 pessoas, entre palestras e abordagens educativas.<\/p>\n<p>&nbsp;<\/p>\n<p><a href=\"https:\/\/senoticias.com.br\/se\/wp-content\/uploads\/2018\/12\/Logomarca-fone-SE-4-2-1-1-1-1-1-1.jpg\"><img loading=\"lazy\" decoding=\"async\" class=\"aligncenter wp-image-116642 size-full\" src=\"https:\/\/senoticias.com.br\/se\/wp-content\/uploads\/2018\/12\/Logomarca-fone-SE-4-2-1-1-1-1-1-1.jpg\" alt=\"\" width=\"599\" height=\"78\" srcset=\"https:\/\/senoticias.com.br\/se\/wp-content\/uploads\/2018\/12\/Logomarca-fone-SE-4-2-1-1-1-1-1-1.jpg 599w, https:\/\/senoticias.com.br\/se\/wp-content\/uploads\/2018\/12\/Logomarca-fone-SE-4-2-1-1-1-1-1-1-300x39.jpg 300w\" sizes=\"(max-width: 599px) 100vw, 599px\" \/><\/a><\/p>\n<p>Da Assessoria da PRF\/SE<\/p>\n","protected":false},"excerpt":{"rendered":"<p>Iniciada na \u00faltima sexta-feira de 2018, e finalizada \u00e0 meia-noite de ontem, 01, a segunda etapa da opera\u00e7\u00e3o \u201cFim de Ano 2018\u201d realizada pela Pol\u00edcia Rodovi\u00e1ria Federal (PRF) em Sergipe registrou nove acidentes, em que 13 pessoas ficaram feridas e sem registro de mortes nas rodovias federais que cortam o estado. O efetivo da PRF [&hellip;]<\/p>\n","protected":false},"author":6553,"featured_media":0,"comment_status":"closed","ping_status":"closed","sticky":false,"template":"","format":"standard","meta":{"footnotes":""},"categories":[15,7],"tags":[371,1303,77,7462,223,3320],"class_list":{"0":"post-116684","1":"post","2":"type-post","3":"status-publish","4":"format-standard","6":"category-destaques","7":"category-policia","8":"tag-371","9":"tag-policia","10":"tag-prf","11":"tag-reveillon","12":"tag-sergipe","13":"tag-transito"},"_links":{"self":[{"href":"https:\/\/senoticias.com.br\/se\/wp-json\/wp\/v2\/posts\/116684"}],"collection":[{"href":"https:\/\/senoticias.com.br\/se\/wp-json\/wp\/v2\/posts"}],"about":[{"href":"https:\/\/senoticias.com.br\/se\/wp-json\/wp\/v2\/types\/post"}],"author":[{"embeddable":true,"href":"https:\/\/senoticias.com.br\/se\/wp-json\/wp\/v2\/users\/6553"}],"replies":[{"embeddable":true,"href":"https:\/\/senoticias.com.br\/se\/wp-json\/wp\/v2\/comments?post=116684"}],"version-history":[{"count":0,"href":"https:\/\/senoticias.com.br\/se\/wp-json\/wp\/v2\/posts\/116684\/revisions"}],"wp:attachment":[{"href":"https:\/\/senoticias.com.br\/se\/wp-json\/wp\/v2\/media?parent=116684"}],"wp:term":[{"taxonomy":"category","embeddable":true,"href":"https:\/\/senoticias.com.br\/se\/wp-json\/wp\/v2\/categories?post=116684"},{"taxonomy":"post_tag","embeddable":true,"href":"https:\/\/senoticias.com.br\/se\/wp-json\/wp\/v2\/tags?post=116684"}],"curies":[{"name":"wp","href":"https:\/\/api.w.org\/{rel}","templated":true}]}}