{"id":116647,"date":"2018-12-28T19:55:46","date_gmt":"2018-12-28T22:55:46","guid":{"rendered":"https:\/\/senoticias.com.br\/se\/?p=116647"},"modified":"2018-12-28T19:55:46","modified_gmt":"2018-12-28T22:55:46","slug":"governo-do-estado-inicia-pagamento-de-servidores-no-sabado-dia-29-2","status":"publish","type":"post","link":"https:\/\/senoticias.com.br\/se\/governo-do-estado-inicia-pagamento-de-servidores-no-sabado-dia-29-2\/","title":{"rendered":"Governo do Estado inicia pagamento de servidores no s\u00e1bado, dia 29"},"content":{"rendered":"<p>O governo do Estado inicia o pagamento de servidores estaduais referente ao sal\u00e1rio do m\u00eas de dezembro de 2018 no pr\u00f3ximo s\u00e1bado, dia 29, quando recebem integralmente os servidores da Educa\u00e7\u00e3o &#8211; o magist\u00e9rio e administrativos lotados em escolas &#8211; Segrase, Agrese, Ipesa\u00fade e Sergipeprevid\u00eancia.<\/p>\n<div id=\"attachment_113202\" style=\"width: 609px\" class=\"wp-caption aligncenter\"><a href=\"https:\/\/senoticias.com.br\/se\/wp-content\/uploads\/2018\/05\/nota-p\u00fablica-e1527183950346.png\"><img loading=\"lazy\" decoding=\"async\" aria-describedby=\"caption-attachment-113202\" class=\"wp-image-113202 size-full\" src=\"https:\/\/senoticias.com.br\/se\/wp-content\/uploads\/2018\/05\/nota-p\u00fablica-e1527183950346.png\" alt=\"\" width=\"599\" height=\"599\" \/><\/a><p id=\"caption-attachment-113202\" class=\"wp-caption-text\">Arte: ASN<\/p><\/div>\n<p>Tamb\u00e9m ser\u00e3o pagos nessa data, todos os servidores ativos, aposentados e pensionistas que recebem at\u00e9 R$ 3 mil.<\/p>\n<p>Com isso, o governo do Estado paga o correspondente a 70% do funcionalismo p\u00fablico.<\/p>\n<p>Todos os demais servidores ativos, aposentados e pensionistas que recebem acima desse valor (R$ 3 mil), receber\u00e3o na \u00edntegra no dia 12 de janeiro de 2019.<\/p>\n<p>Da ASN<\/p>\n<p><a href=\"https:\/\/senoticias.com.br\/se\/wp-content\/uploads\/2018\/12\/Logomarca-fone-SE-4-2-1-1-1-1-1-1.jpg\"><img loading=\"lazy\" decoding=\"async\" class=\"aligncenter wp-image-116642 size-full\" src=\"https:\/\/senoticias.com.br\/se\/wp-content\/uploads\/2018\/12\/Logomarca-fone-SE-4-2-1-1-1-1-1-1.jpg\" alt=\"\" width=\"599\" height=\"78\" srcset=\"https:\/\/senoticias.com.br\/se\/wp-content\/uploads\/2018\/12\/Logomarca-fone-SE-4-2-1-1-1-1-1-1.jpg 599w, https:\/\/senoticias.com.br\/se\/wp-content\/uploads\/2018\/12\/Logomarca-fone-SE-4-2-1-1-1-1-1-1-300x39.jpg 300w\" sizes=\"(max-width: 599px) 100vw, 599px\" \/><\/a><!--more--><\/p>\n","protected":false},"excerpt":{"rendered":"<p>O governo do Estado inicia o pagamento de servidores estaduais referente ao sal\u00e1rio do m\u00eas de dezembro de 2018 no pr\u00f3ximo s\u00e1bado, dia 29, quando recebem integralmente os servidores da Educa\u00e7\u00e3o &#8211; o magist\u00e9rio e administrativos lotados em escolas &#8211; Segrase, Agrese, Ipesa\u00fade e Sergipeprevid\u00eancia. Tamb\u00e9m ser\u00e3o pagos nessa data, todos os servidores ativos, aposentados [&hellip;]<\/p>\n","protected":false},"author":6553,"featured_media":0,"comment_status":"closed","ping_status":"closed","sticky":false,"template":"","format":"standard","meta":{"footnotes":""},"categories":[15,6],"tags":[4470,2168,3539,223,2936],"class_list":{"0":"post-116647","1":"post","2":"type-post","3":"status-publish","4":"format-standard","6":"category-destaques","7":"category-politica","8":"tag-dezembro","9":"tag-politica","10":"tag-salario","11":"tag-sergipe","12":"tag-servidores"},"_links":{"self":[{"href":"https:\/\/senoticias.com.br\/se\/wp-json\/wp\/v2\/posts\/116647"}],"collection":[{"href":"https:\/\/senoticias.com.br\/se\/wp-json\/wp\/v2\/posts"}],"about":[{"href":"https:\/\/senoticias.com.br\/se\/wp-json\/wp\/v2\/types\/post"}],"author":[{"embeddable":true,"href":"https:\/\/senoticias.com.br\/se\/wp-json\/wp\/v2\/users\/6553"}],"replies":[{"embeddable":true,"href":"https:\/\/senoticias.com.br\/se\/wp-json\/wp\/v2\/comments?post=116647"}],"version-history":[{"count":0,"href":"https:\/\/senoticias.com.br\/se\/wp-json\/wp\/v2\/posts\/116647\/revisions"}],"wp:attachment":[{"href":"https:\/\/senoticias.com.br\/se\/wp-json\/wp\/v2\/media?parent=116647"}],"wp:term":[{"taxonomy":"category","embeddable":true,"href":"https:\/\/senoticias.com.br\/se\/wp-json\/wp\/v2\/categories?post=116647"},{"taxonomy":"post_tag","embeddable":true,"href":"https:\/\/senoticias.com.br\/se\/wp-json\/wp\/v2\/tags?post=116647"}],"curies":[{"name":"wp","href":"https:\/\/api.w.org\/{rel}","templated":true}]}}