{"id":116640,"date":"2018-12-28T09:52:16","date_gmt":"2018-12-28T12:52:16","guid":{"rendered":"https:\/\/senoticias.com.br\/se\/?p=116640"},"modified":"2018-12-28T09:52:16","modified_gmt":"2018-12-28T12:52:16","slug":"governo-do-estado-inicia-pagamento-de-servidores-no-sabado-dia-29","status":"publish","type":"post","link":"https:\/\/senoticias.com.br\/se\/governo-do-estado-inicia-pagamento-de-servidores-no-sabado-dia-29\/","title":{"rendered":"Governo do Estado inicia pagamento de servidores no s\u00e1bado, dia 29"},"content":{"rendered":"<p style=\"text-align: justify;\">O governo do Estado inicia o pagamento de servidores estaduais referente ao sal\u00e1rio do m\u00eas de dezembro de 2018 no pr\u00f3ximo s\u00e1bado, dia 29, quando recebem integralmente os servidores da Educa\u00e7\u00e3o &#8211; o magist\u00e9rio e administrativos lotados em escolas &#8211; Segrase, Agrese, Ipesa\u00fade e Sergipeprevid\u00eancia.<\/p>\n<div id=\"attachment_116641\" style=\"width: 609px\" class=\"wp-caption aligncenter\"><a href=\"https:\/\/senoticias.com.br\/se\/wp-content\/uploads\/2018\/12\/dinheiro-sal\u00e1rio.jpg\"><img loading=\"lazy\" decoding=\"async\" aria-describedby=\"caption-attachment-116641\" class=\"size-full wp-image-116641\" src=\"https:\/\/senoticias.com.br\/se\/wp-content\/uploads\/2018\/12\/dinheiro-sal\u00e1rio-e1546001321315.jpg\" alt=\"\" width=\"599\" height=\"327\" \/><\/a><p id=\"caption-attachment-116641\" class=\"wp-caption-text\">O governo do Estado inicia o pagamento de servidores estaduais referente ao sal\u00e1rio do m\u00eas de dezembro de 2018 no pr\u00f3ximo s\u00e1bado, dia 29. (Foto: Ag\u00eancia Brasil)<\/p><\/div>\n<p style=\"text-align: justify;\">Tamb\u00e9m ser\u00e3o pagos nessa data, todos os servidores ativos, aposentados e pensionistas que recebem at\u00e9 R$ 3 mil.<\/p>\n<p style=\"text-align: justify;\">Com isso, o governo do Estado paga o correspondente a 70% do funcionalismo p\u00fablico.<\/p>\n<p style=\"text-align: justify;\">Todos os demais servidores ativos, aposentados e pensionistas que recebem acima desse valor (R$ 3 mil), receber\u00e3o na \u00edntegra no dia 12 de janeiro de 2019.<\/p>\n<p>&nbsp;<\/p>\n<p><a href=\"https:\/\/senoticias.com.br\/se\/wp-content\/uploads\/2018\/12\/Logomarca-fone-SE-4-2-1-1-1-1-1-1.jpg\"><img loading=\"lazy\" decoding=\"async\" class=\"aligncenter size-full wp-image-116642\" src=\"https:\/\/senoticias.com.br\/se\/wp-content\/uploads\/2018\/12\/Logomarca-fone-SE-4-2-1-1-1-1-1-1.jpg\" alt=\"\" width=\"599\" height=\"78\" srcset=\"https:\/\/senoticias.com.br\/se\/wp-content\/uploads\/2018\/12\/Logomarca-fone-SE-4-2-1-1-1-1-1-1.jpg 599w, https:\/\/senoticias.com.br\/se\/wp-content\/uploads\/2018\/12\/Logomarca-fone-SE-4-2-1-1-1-1-1-1-300x39.jpg 300w\" sizes=\"(max-width: 599px) 100vw, 599px\" \/><\/a><\/p>\n<p>&nbsp;<\/p>\n<p>&nbsp;<\/p>\n<p><em><strong>Acompanhe o SE Not\u00edcias no<\/strong><span class=\"apple-converted-space\"><b>\u00a0<\/b><\/span><a href=\"https:\/\/twitter.com\/Senoticias\" target=\"_blank\" rel=\"noopener\"><b>Twitter<\/b><\/a><strong>,<\/strong><span class=\"apple-converted-space\"><b>\u00a0<\/b><\/span><a href=\"https:\/\/www.facebook.com\/senoticias1\" target=\"_blank\" rel=\"noopener\"><b>Facebook<\/b><span class=\"apple-converted-space\"><b>\u00a0<\/b><\/span><\/a><strong>e no<\/strong><span class=\"apple-converted-space\"><b>\u00a0<\/b><\/span><a href=\"https:\/\/www.instagram.com\/senoticias\/\" target=\"_blank\" rel=\"noopener\"><b>Instagram<\/b><\/a><\/em><\/p>\n<p>&nbsp;<\/p>\n<p><em>Ag\u00eancia Sergipe de Not\u00edcias<\/em><\/p>\n","protected":false},"excerpt":{"rendered":"<p>O governo do Estado inicia o pagamento de servidores estaduais referente ao sal\u00e1rio do m\u00eas de dezembro de 2018 no pr\u00f3ximo s\u00e1bado, dia 29, quando recebem integralmente os servidores da Educa\u00e7\u00e3o &#8211; o magist\u00e9rio e administrativos lotados em escolas &#8211; Segrase, Agrese, Ipesa\u00fade e Sergipeprevid\u00eancia. Tamb\u00e9m ser\u00e3o pagos nessa data, todos os servidores ativos, aposentados [&hellip;]<\/p>\n","protected":false},"author":6552,"featured_media":116641,"comment_status":"closed","ping_status":"closed","sticky":false,"template":"","format":"standard","meta":{"footnotes":""},"categories":[6],"tags":[448,911,3197],"class_list":{"0":"post-116640","1":"post","2":"type-post","3":"status-publish","4":"format-standard","5":"has-post-thumbnail","7":"category-politica","8":"tag-governo-de-sergipe","9":"tag-governo-do-estado","10":"tag-pagamento-de-servidores"},"_links":{"self":[{"href":"https:\/\/senoticias.com.br\/se\/wp-json\/wp\/v2\/posts\/116640"}],"collection":[{"href":"https:\/\/senoticias.com.br\/se\/wp-json\/wp\/v2\/posts"}],"about":[{"href":"https:\/\/senoticias.com.br\/se\/wp-json\/wp\/v2\/types\/post"}],"author":[{"embeddable":true,"href":"https:\/\/senoticias.com.br\/se\/wp-json\/wp\/v2\/users\/6552"}],"replies":[{"embeddable":true,"href":"https:\/\/senoticias.com.br\/se\/wp-json\/wp\/v2\/comments?post=116640"}],"version-history":[{"count":0,"href":"https:\/\/senoticias.com.br\/se\/wp-json\/wp\/v2\/posts\/116640\/revisions"}],"wp:featuredmedia":[{"embeddable":true,"href":"https:\/\/senoticias.com.br\/se\/wp-json\/wp\/v2\/media\/116641"}],"wp:attachment":[{"href":"https:\/\/senoticias.com.br\/se\/wp-json\/wp\/v2\/media?parent=116640"}],"wp:term":[{"taxonomy":"category","embeddable":true,"href":"https:\/\/senoticias.com.br\/se\/wp-json\/wp\/v2\/categories?post=116640"},{"taxonomy":"post_tag","embeddable":true,"href":"https:\/\/senoticias.com.br\/se\/wp-json\/wp\/v2\/tags?post=116640"}],"curies":[{"name":"wp","href":"https:\/\/api.w.org\/{rel}","templated":true}]}}