{"id":116631,"date":"2018-12-27T08:27:26","date_gmt":"2018-12-27T11:27:26","guid":{"rendered":"https:\/\/senoticias.com.br\/se\/?p=116631"},"modified":"2018-12-27T14:08:16","modified_gmt":"2018-12-27T17:08:16","slug":"aluna-do-colegio-estadual-murilo-braga-e-selecionada-para-curso-na-universidade-de-cambridge","status":"publish","type":"post","link":"https:\/\/senoticias.com.br\/se\/aluna-do-colegio-estadual-murilo-braga-e-selecionada-para-curso-na-universidade-de-cambridge\/","title":{"rendered":"Aluna do Col\u00e9gio Estadual Murilo Braga \u00e9 selecionada para curso na Universidade de Cambridge"},"content":{"rendered":"<p style=\"font-weight: 400; text-align: justify;\">A Universidade de Cambridge, na Inglaterra, oferece cursos de ver\u00e3o e de primavera anualmente para alunos mundo inteiro. Apesar de serem cursos pagos, s\u00e3o oferecidas cinco bolsas integrais e parciais para estudantes de todo o mundo, e uma das contempladas foi a aluna Larissa Pavani Santos, estudante do 2\u00ba ano do Col\u00e9gio Estadual Murilo Braga, em Itabaiana.<\/p>\n<div id=\"attachment_116634\" style=\"width: 609px\" class=\"wp-caption aligncenter\"><a href=\"https:\/\/senoticias.com.br\/se\/wp-content\/uploads\/2018\/12\/2712201812535237987_7skku-e1545930015735.jpg\"><img loading=\"lazy\" decoding=\"async\" aria-describedby=\"caption-attachment-116634\" class=\"size-full wp-image-116634\" src=\"https:\/\/senoticias.com.br\/se\/wp-content\/uploads\/2018\/12\/2712201812535237987_7skku-e1545930015735.jpg\" alt=\"\" width=\"599\" height=\"377\" \/><\/a><p id=\"caption-attachment-116634\" class=\"wp-caption-text\">Estudante de col\u00e9gio estadual \u00e9 selecionada para Universidade de Cambridge. (Foto: Jana\u00edna Santos\/ASN)<\/p><\/div>\n<p style=\"font-weight: 400; text-align: justify;\">A sele\u00e7\u00e3o passou por duas fases, sendo que a primeira foi uma reda\u00e7\u00e3o, escrita toda em ingl\u00eas, cujo tema foi: \u201cSe voc\u00ea tivesse um bilh\u00e3o de d\u00f3lares para investir no seu pa\u00eds, em que voc\u00ea investiria e por qu\u00ea?\u201d. Larissa escreveu que investiria em Educa\u00e7\u00e3o, contando um pouco da sua hist\u00f3ria pessoal e mostrando como ela gostaria que fossem as escolas p\u00fablicas.<\/p>\n<p style=\"font-weight: 400; text-align: justify;\">Ela enviou a reda\u00e7\u00e3o para a Universidade de Cambridge, juntamente com uma carta de recomenda\u00e7\u00e3o de um professor e o hist\u00f3rico escolar com as suas notas, e foi pr\u00e9-selecionada para a fase da entrevista presencial, tamb\u00e9m feita em ingl\u00eas, na qual tamb\u00e9m foi selecionada e contemplada com uma bolsa de estudos parcial de 50% de desconto, cujo valor \u00e9 1.150 libras. A bolsa cobre as despesas de estada, duas refei\u00e7\u00f5es di\u00e1rias e traslado do aeroporto para a universidade.<\/p>\n<p style=\"font-weight: 400; text-align: justify;\">\u201cS\u00e3o cursos pr\u00e9-universit\u00e1rios de duas a tr\u00eas semanas de dura\u00e7\u00e3o, mas que s\u00e3o pagos. Eu n\u00e3o esperava ser selecionada, n\u00e3o estava otimista, porque s\u00e3o apenas cinco vagas em todo o mundo. Mas dei o meu melhor na reda\u00e7\u00e3o e consegui passar. Fiquei muito feliz. Para mim foi gratificante, e eu queria muito que a minha participa\u00e7\u00e3o nesse curso pudesse incentivar os estudantes da minha comunidade a se espelharem em mim de alguma forma, para verem que \u00e9 poss\u00edvel\u201d, declarou.<\/p>\n<p style=\"font-weight: 400; text-align: justify;\">A t\u00e9cnica da Assessoria Internacional da Secretaria de Estado da Educa\u00e7\u00e3o, Nadia Cardoso, destacou que, para Sergipe, \u00e9 bastante significativo uma aluna da rede estadual ser selecionada em um curso na Universidade de Cambridge. \u201cO tema explorado por ela em sua reda\u00e7\u00e3o, que foi a Educa\u00e7\u00e3o, vem comprovar o n\u00edvel de consci\u00eancia e cidadania dos nossos alunos quanto \u00e0 import\u00e2ncia do seu papel na sociedade\u201d, afirmou.<\/p>\n<p style=\"font-weight: 400; text-align: justify;\"><b><strong>Jovem Embaixadora<\/strong><\/b><\/p>\n<p style=\"font-weight: 400; text-align: justify;\">A estudante sergipana Larissa Pavani tamb\u00e9m foi selecionada pela Embaixada dos Estados Unidos no Brasil para representar Sergipe no programa Jovens Embaixadores. No dia 8 de janeiro ela estar\u00e1 embarcando para os Estados Unidos, onde ficar\u00e1 at\u00e9 o dia 4 de fevereiro, participando do programa de interc\u00e2mbio, juntamente com mais 50 alunos que representar\u00e3o o Brasil no programa Jovens Embaixadores. O programa \u00e9 voltado para alunos de escolas p\u00fablicas de 15 a 18 anos de idade, com um bom n\u00edvel de ingl\u00eas e que tenham, no m\u00ednimo, um ano de trabalho volunt\u00e1rio.<\/p>\n<p style=\"font-weight: 400; text-align: justify;\">Larissa Pavani est\u00e1 cheia de expectativas para o interc\u00e2mbio nos EUA. &#8220;Espero, com essa experi\u00eancia, me redescobrir como profissional e como algu\u00e9m que tem papel de lideran\u00e7a em minha comunidade. Quero descobrir quais s\u00e3o as minhas vontades e meus projetos. Pretendo tamb\u00e9m aprimorar o idioma ingl\u00eas e conhecer outras pessoas. Temos que estar sempre abertos a outras culturas e formas de pensar&#8221;, declarou.<\/p>\n<p style=\"font-weight: 400; text-align: justify;\">Ela desenvolve um trabalho volunt\u00e1rio ensinando ingl\u00eas a pessoas pobres em sua comunidade. Larissa revelou que come\u00e7ou a aprender o idioma americano aos 13 anos. &#8220;Para mim era uma inspira\u00e7\u00e3o quando eu via na internet pessoas falando ingl\u00eas. Me senti com vontade de saber falar e passei a aprender sozinha. Eu, como aluna da escola p\u00fablica, posso provar que temos sim a capacidade de sermos selecionados em programas como esse. Acreditem e se esforcem, pois todos s\u00e3o capazes de aprender ingl\u00eas. O mais importante \u00e9 o seu papel como l\u00edder, como uma pessoa que se engaja com a sua comunidade&#8221;, afirmou.<\/p>\n<p>&nbsp;<\/p>\n<p><a href=\"https:\/\/senoticias.com.br\/se\/wp-content\/uploads\/2018\/12\/Logomarca-fone-SE-4-2-1-1-1-1-1.jpg\"><img loading=\"lazy\" decoding=\"async\" class=\"aligncenter size-full wp-image-116350\" src=\"https:\/\/senoticias.com.br\/se\/wp-content\/uploads\/2018\/12\/Logomarca-fone-SE-4-2-1-1-1-1-1.jpg\" alt=\"\" width=\"599\" height=\"78\" srcset=\"https:\/\/senoticias.com.br\/se\/wp-content\/uploads\/2018\/12\/Logomarca-fone-SE-4-2-1-1-1-1-1.jpg 599w, https:\/\/senoticias.com.br\/se\/wp-content\/uploads\/2018\/12\/Logomarca-fone-SE-4-2-1-1-1-1-1-300x39.jpg 300w\" sizes=\"(max-width: 599px) 100vw, 599px\" \/><\/a><\/p>\n<p>&nbsp;<\/p>\n<p><em><strong>Acompanhe o SE Not\u00edcias no<\/strong><span class=\"apple-converted-space\"><b>\u00a0<\/b><\/span><a href=\"https:\/\/twitter.com\/Senoticias\" target=\"_blank\" rel=\"noopener\"><b>Twitter<\/b><\/a><strong>,<\/strong><span class=\"apple-converted-space\"><b>\u00a0<\/b><\/span><a href=\"https:\/\/www.facebook.com\/senoticias1\" target=\"_blank\" rel=\"noopener\"><b>Facebook<\/b><span class=\"apple-converted-space\"><b>\u00a0<\/b><\/span><\/a><strong>e no<\/strong><span class=\"apple-converted-space\"><b>\u00a0<\/b><\/span><a href=\"https:\/\/www.instagram.com\/senoticias\/\" target=\"_blank\" rel=\"noopener\"><b>Instagram<\/b><\/a><\/em><\/p>\n<p>&nbsp;<\/p>\n<p><em>Ag\u00eancia Sergipe de Not\u00edcias<\/em><\/p>\n","protected":false},"excerpt":{"rendered":"<p>A Universidade de Cambridge, na Inglaterra, oferece cursos de ver\u00e3o e de primavera anualmente para alunos mundo inteiro. Apesar de serem cursos pagos, s\u00e3o oferecidas cinco bolsas integrais e parciais para estudantes de todo o mundo, e uma das contempladas foi a aluna Larissa Pavani Santos, estudante do 2\u00ba ano do Col\u00e9gio Estadual Murilo Braga, [&hellip;]<\/p>\n","protected":false},"author":6552,"featured_media":116634,"comment_status":"closed","ping_status":"closed","sticky":false,"template":"","format":"standard","meta":{"footnotes":""},"categories":[6,1],"tags":[11304,7613,11303],"class_list":{"0":"post-116631","1":"post","2":"type-post","3":"status-publish","4":"format-standard","5":"has-post-thumbnail","7":"category-politica","8":"category-sem-categoria","9":"tag-colegio-estadual-murilo-braga","10":"tag-secretaria-de-estado-da-educacao","11":"tag-universidade-de-cambridge"},"_links":{"self":[{"href":"https:\/\/senoticias.com.br\/se\/wp-json\/wp\/v2\/posts\/116631"}],"collection":[{"href":"https:\/\/senoticias.com.br\/se\/wp-json\/wp\/v2\/posts"}],"about":[{"href":"https:\/\/senoticias.com.br\/se\/wp-json\/wp\/v2\/types\/post"}],"author":[{"embeddable":true,"href":"https:\/\/senoticias.com.br\/se\/wp-json\/wp\/v2\/users\/6552"}],"replies":[{"embeddable":true,"href":"https:\/\/senoticias.com.br\/se\/wp-json\/wp\/v2\/comments?post=116631"}],"version-history":[{"count":0,"href":"https:\/\/senoticias.com.br\/se\/wp-json\/wp\/v2\/posts\/116631\/revisions"}],"wp:featuredmedia":[{"embeddable":true,"href":"https:\/\/senoticias.com.br\/se\/wp-json\/wp\/v2\/media\/116634"}],"wp:attachment":[{"href":"https:\/\/senoticias.com.br\/se\/wp-json\/wp\/v2\/media?parent=116631"}],"wp:term":[{"taxonomy":"category","embeddable":true,"href":"https:\/\/senoticias.com.br\/se\/wp-json\/wp\/v2\/categories?post=116631"},{"taxonomy":"post_tag","embeddable":true,"href":"https:\/\/senoticias.com.br\/se\/wp-json\/wp\/v2\/tags?post=116631"}],"curies":[{"name":"wp","href":"https:\/\/api.w.org\/{rel}","templated":true}]}}