{"id":116615,"date":"2018-12-24T17:01:43","date_gmt":"2018-12-24T20:01:43","guid":{"rendered":"https:\/\/senoticias.com.br\/se\/?p=116615"},"modified":"2018-12-24T17:01:43","modified_gmt":"2018-12-24T20:01:43","slug":"suspeitos-tentam-fugir-de-bloqueio-e-um-deles-morre-em-confronto-com-a-policia-militar","status":"publish","type":"post","link":"https:\/\/senoticias.com.br\/se\/suspeitos-tentam-fugir-de-bloqueio-e-um-deles-morre-em-confronto-com-a-policia-militar\/","title":{"rendered":"Suspeitos tentam fugir de bloqueio e um deles morre em confronto  com a Pol\u00edcia Militar"},"content":{"rendered":"<p style=\"text-align: justify;\">Dois rapazes ocupavam uma motocicleta roubada e tentaram fugir de um bloqueio policial, mas um deles acabou morrendo durante confronto com policiais da For\u00e7a T\u00e1tica do 1<sup>o<\/sup>\u00a0Batalh\u00e3o da Pol\u00edcia Militar de Sergipe. De acordo com informa\u00e7\u00f5es do tenente-coronel Hil\u00e1rio Santana, comandante daquele BPM, a motocicleta e a arma que um dos suspeitos usou para atirar contra os policiais foram apreendidas durante a opera\u00e7\u00e3o policial, informa a jornalista C\u00e1ssia Santana do <a href=\"https:\/\/infonet.com.br\/noticias\/cidade\/suspeitos-tentam-fugir-de-bloqueio-e-um-deles-morre-em-confronto\/\"><strong>portal Infonet<\/strong><\/a><\/p>\n<div id=\"attachment_116616\" style=\"width: 609px\" class=\"wp-caption aligncenter\"><a href=\"https:\/\/senoticias.com.br\/se\/wp-content\/uploads\/2018\/12\/moto_apreendida_suspeito_foto_pm_24122018-e1545681558564.jpg\"><img loading=\"lazy\" decoding=\"async\" aria-describedby=\"caption-attachment-116616\" class=\"size-full wp-image-116616\" src=\"https:\/\/senoticias.com.br\/se\/wp-content\/uploads\/2018\/12\/moto_apreendida_suspeito_foto_pm_24122018-e1545681558564.jpg\" alt=\"\" width=\"599\" height=\"514\" \/><\/a><p id=\"caption-attachment-116616\" class=\"wp-caption-text\">Moto utilizada pelos suspeitos (Foto: Pol\u00edcia Militar)<\/p><\/div>\n<p style=\"text-align: justify;\" align=\"left\">Por volta de 1h15 da madrugada desta segunda-feira, 24, os suspeitos foram vistos, circulando na avenida Tancredo Neves, em Aracaju. Conforme o comandante, os policiais visualizaram os dois rapazes em atitude suspeita e, quando eles perceberam a aproxima\u00e7\u00e3o da equipe da For\u00e7a T\u00e1tica, um deles disparou tiros contra os policiais, que reagiram. Na troca de tiros, um deles foi atingido e socorrido. Mas, n\u00e3o resistiu e morreu no Hospital de Urg\u00eancia de Sergipe (Huse).<\/p>\n<p style=\"text-align: justify;\" align=\"left\">Nesta ocorr\u00eancia, os policiais apreenderam a motocicleta, que apresentava restri\u00e7\u00e3o por roubo, e tamb\u00e9m um rev\u00f3lver de calibre 38, com seis muni\u00e7\u00f5es, entre elas tr\u00eas estavam deflagradas. A arma seria a utilizada pelos suspeitos para reagir \u00e0 persegui\u00e7\u00e3o policial.<\/p>\n<p align=\"left\">\n<p align=\"left\"><a href=\"https:\/\/senoticias.com.br\/se\/wp-content\/uploads\/2018\/12\/Logomarca-fone-SE-4-2-1-1-1-1-1.jpg\"><img loading=\"lazy\" decoding=\"async\" class=\"aligncenter size-full wp-image-116350\" src=\"https:\/\/senoticias.com.br\/se\/wp-content\/uploads\/2018\/12\/Logomarca-fone-SE-4-2-1-1-1-1-1.jpg\" alt=\"\" width=\"599\" height=\"78\" srcset=\"https:\/\/senoticias.com.br\/se\/wp-content\/uploads\/2018\/12\/Logomarca-fone-SE-4-2-1-1-1-1-1.jpg 599w, https:\/\/senoticias.com.br\/se\/wp-content\/uploads\/2018\/12\/Logomarca-fone-SE-4-2-1-1-1-1-1-300x39.jpg 300w\" sizes=\"(max-width: 599px) 100vw, 599px\" \/><\/a><\/p>\n<p align=\"left\">\n<p align=\"left\"><em><strong>Acompanhe o SE Not\u00edcias no<\/strong><span class=\"apple-converted-space\"><b>\u00a0<\/b><\/span><a href=\"https:\/\/twitter.com\/Senoticias\" target=\"_blank\" rel=\"noopener\"><b>Twitter<\/b><\/a><strong>,<\/strong><span class=\"apple-converted-space\"><b>\u00a0<\/b><\/span><a href=\"https:\/\/www.facebook.com\/senoticias1\" target=\"_blank\" rel=\"noopener\"><b>Facebook<\/b><span class=\"apple-converted-space\"><b>\u00a0<\/b><\/span><\/a><strong>e no<\/strong><span class=\"apple-converted-space\"><b>\u00a0<\/b><\/span><a href=\"https:\/\/www.instagram.com\/senoticias\/\" target=\"_blank\" rel=\"noopener\"><b>Instagram<\/b><\/a><\/em><\/p>\n<p align=\"left\">\n","protected":false},"excerpt":{"rendered":"<p>Dois rapazes ocupavam uma motocicleta roubada e tentaram fugir de um bloqueio policial, mas um deles acabou morrendo durante confronto com policiais da For\u00e7a T\u00e1tica do 1o\u00a0Batalh\u00e3o da Pol\u00edcia Militar de Sergipe. De acordo com informa\u00e7\u00f5es do tenente-coronel Hil\u00e1rio Santana, comandante daquele BPM, a motocicleta e a arma que um dos suspeitos usou para atirar [&hellip;]<\/p>\n","protected":false},"author":6552,"featured_media":116616,"comment_status":"closed","ping_status":"closed","sticky":false,"template":"","format":"standard","meta":{"footnotes":""},"categories":[15,7],"tags":[11298,10046,86],"class_list":{"0":"post-116615","1":"post","2":"type-post","3":"status-publish","4":"format-standard","5":"has-post-thumbnail","7":"category-destaques","8":"category-policia","9":"tag-forca-tatica","10":"tag-morre-em-confronto-com-a-policia","11":"tag-policia-militar"},"_links":{"self":[{"href":"https:\/\/senoticias.com.br\/se\/wp-json\/wp\/v2\/posts\/116615"}],"collection":[{"href":"https:\/\/senoticias.com.br\/se\/wp-json\/wp\/v2\/posts"}],"about":[{"href":"https:\/\/senoticias.com.br\/se\/wp-json\/wp\/v2\/types\/post"}],"author":[{"embeddable":true,"href":"https:\/\/senoticias.com.br\/se\/wp-json\/wp\/v2\/users\/6552"}],"replies":[{"embeddable":true,"href":"https:\/\/senoticias.com.br\/se\/wp-json\/wp\/v2\/comments?post=116615"}],"version-history":[{"count":0,"href":"https:\/\/senoticias.com.br\/se\/wp-json\/wp\/v2\/posts\/116615\/revisions"}],"wp:featuredmedia":[{"embeddable":true,"href":"https:\/\/senoticias.com.br\/se\/wp-json\/wp\/v2\/media\/116616"}],"wp:attachment":[{"href":"https:\/\/senoticias.com.br\/se\/wp-json\/wp\/v2\/media?parent=116615"}],"wp:term":[{"taxonomy":"category","embeddable":true,"href":"https:\/\/senoticias.com.br\/se\/wp-json\/wp\/v2\/categories?post=116615"},{"taxonomy":"post_tag","embeddable":true,"href":"https:\/\/senoticias.com.br\/se\/wp-json\/wp\/v2\/tags?post=116615"}],"curies":[{"name":"wp","href":"https:\/\/api.w.org\/{rel}","templated":true}]}}