{"id":116611,"date":"2018-12-24T11:45:23","date_gmt":"2018-12-24T14:45:23","guid":{"rendered":"https:\/\/senoticias.com.br\/se\/?p=116611"},"modified":"2018-12-24T11:49:35","modified_gmt":"2018-12-24T14:49:35","slug":"homem-perde-o-controle-de-veiculo-e-atinge-poste-na-treze-de-julho","status":"publish","type":"post","link":"https:\/\/senoticias.com.br\/se\/homem-perde-o-controle-de-veiculo-e-atinge-poste-na-treze-de-julho\/","title":{"rendered":"Homem perde o controle de ve\u00edculo e atinge poste na Treze de Julho"},"content":{"rendered":"<p style=\"text-align: justify;\" align=\"justify\">Um Foccus colidiu contra um poste de ilumina\u00e7\u00e3o p\u00fablica na Praia 13 de Julho e deixou os moradores sem energia el\u00e9trica. O acidente foi registrado pela Superintend\u00eancia Municipal de Transporte e Tr\u00e2nsito (SMTT) de Aracaju, pr\u00f3ximo ao Batist\u00e3o, por volta das 4h30 da madrugada desta segunda-feira, 24. N\u00e3o h\u00e1 feridos, segundo informa\u00e7\u00f5es do agente de tr\u00e2nsito Ot\u00e1vio Augusto Nascimento, que chegou ao local depois que a equipe da Companhia de Pol\u00edcia de Tr\u00e2nsito (Cptran) deixou o local no in\u00edcio da manh\u00e3, <a href=\"https:\/\/infonet.com.br\/noticias\/cidade\/veiculo-derruba-poste-e-comunidade-fica-sem-energia-na-13-de-julho\/\">informa a jornalista\u00a0Cassia Santana do portal Infonet<\/a><\/p>\n<p style=\"text-align: justify;\" align=\"justify\">O agente informou que o condutor do ve\u00edculo n\u00e3o foi localizado para prestar esclarecimentos, mas confirmou que h\u00e1 pend\u00eancias na documenta\u00e7\u00e3o do ve\u00edculo. Sobre a causa do acidente, as informa\u00e7\u00f5es s\u00e3o divergentes, segundo o agente. \u201cAlguns falam que foi fuga e outros falam em pega\u201d, destacou.<\/p>\n<div id=\"attachment_116612\" style=\"width: 609px\" class=\"wp-caption aligncenter\"><a href=\"https:\/\/senoticias.com.br\/se\/wp-content\/uploads\/2018\/12\/qw-e1545662826634.png\"><img loading=\"lazy\" decoding=\"async\" aria-describedby=\"caption-attachment-116612\" class=\"size-full wp-image-116612\" src=\"https:\/\/senoticias.com.br\/se\/wp-content\/uploads\/2018\/12\/qw-e1545662826634.png\" alt=\"\" width=\"599\" height=\"1065\" \/><\/a><p id=\"caption-attachment-116612\" class=\"wp-caption-text\">Segundo a pol\u00edcia, ele disse que estava fugindo de um assalto. (Foto: redes sociais)<\/p><\/div>\n<p style=\"text-align: justify;\" align=\"justify\">Segundo o agente Ot\u00e1vio Augusto, a situa\u00e7\u00e3o est\u00e1 controlada. Equipes da Empresa Distribuidora de Energia El\u00e9trica (Energisa) estiveram no local e suspenderam o fornecimento de energia el\u00e9trica.<\/p>\n<p align=\"justify\">\n<p align=\"justify\">\n<p align=\"justify\"><em><strong>Acompanhe o SE Not\u00edcias no<\/strong><span class=\"apple-converted-space\"><b>\u00a0<\/b><\/span><a href=\"https:\/\/twitter.com\/Senoticias\" target=\"_blank\" rel=\"noopener\"><b>Twitter<\/b><\/a><strong>,<\/strong><span class=\"apple-converted-space\"><b>\u00a0<\/b><\/span><a href=\"https:\/\/www.facebook.com\/senoticias1\" target=\"_blank\" rel=\"noopener\"><b>Facebook<\/b><span class=\"apple-converted-space\"><b>\u00a0<\/b><\/span><\/a><strong>e no<\/strong><span class=\"apple-converted-space\"><b>\u00a0<\/b><\/span><a href=\"https:\/\/www.instagram.com\/senoticias\/\" target=\"_blank\" rel=\"noopener\"><b>Instagram<\/b><\/a><\/em><\/p>\n<p align=\"justify\">\n<p align=\"justify\"><a href=\"https:\/\/senoticias.com.br\/se\/wp-content\/uploads\/2018\/12\/Logomarca-fone-SE-4-2-1-1-1-1-1.jpg\"><img loading=\"lazy\" decoding=\"async\" class=\"aligncenter size-full wp-image-116350\" src=\"https:\/\/senoticias.com.br\/se\/wp-content\/uploads\/2018\/12\/Logomarca-fone-SE-4-2-1-1-1-1-1.jpg\" alt=\"\" width=\"599\" height=\"78\" srcset=\"https:\/\/senoticias.com.br\/se\/wp-content\/uploads\/2018\/12\/Logomarca-fone-SE-4-2-1-1-1-1-1.jpg 599w, https:\/\/senoticias.com.br\/se\/wp-content\/uploads\/2018\/12\/Logomarca-fone-SE-4-2-1-1-1-1-1-300x39.jpg 300w\" sizes=\"(max-width: 599px) 100vw, 599px\" \/><\/a><\/p>\n","protected":false},"excerpt":{"rendered":"<p>Um Foccus colidiu contra um poste de ilumina\u00e7\u00e3o p\u00fablica na Praia 13 de Julho e deixou os moradores sem energia el\u00e9trica. O acidente foi registrado pela Superintend\u00eancia Municipal de Transporte e Tr\u00e2nsito (SMTT) de Aracaju, pr\u00f3ximo ao Batist\u00e3o, por volta das 4h30 da madrugada desta segunda-feira, 24. N\u00e3o h\u00e1 feridos, segundo informa\u00e7\u00f5es do agente de [&hellip;]<\/p>\n","protected":false},"author":6552,"featured_media":116612,"comment_status":"closed","ping_status":"closed","sticky":false,"template":"","format":"standard","meta":{"footnotes":""},"categories":[15,1],"tags":[11297,339,2979,11226],"class_list":{"0":"post-116611","1":"post","2":"type-post","3":"status-publish","4":"format-standard","5":"has-post-thumbnail","7":"category-destaques","8":"category-sem-categoria","9":"tag-acidente-na-treze-de-julho","10":"tag-aracaju","11":"tag-smtt","12":"tag-violencia-no-transito"},"_links":{"self":[{"href":"https:\/\/senoticias.com.br\/se\/wp-json\/wp\/v2\/posts\/116611"}],"collection":[{"href":"https:\/\/senoticias.com.br\/se\/wp-json\/wp\/v2\/posts"}],"about":[{"href":"https:\/\/senoticias.com.br\/se\/wp-json\/wp\/v2\/types\/post"}],"author":[{"embeddable":true,"href":"https:\/\/senoticias.com.br\/se\/wp-json\/wp\/v2\/users\/6552"}],"replies":[{"embeddable":true,"href":"https:\/\/senoticias.com.br\/se\/wp-json\/wp\/v2\/comments?post=116611"}],"version-history":[{"count":0,"href":"https:\/\/senoticias.com.br\/se\/wp-json\/wp\/v2\/posts\/116611\/revisions"}],"wp:featuredmedia":[{"embeddable":true,"href":"https:\/\/senoticias.com.br\/se\/wp-json\/wp\/v2\/media\/116612"}],"wp:attachment":[{"href":"https:\/\/senoticias.com.br\/se\/wp-json\/wp\/v2\/media?parent=116611"}],"wp:term":[{"taxonomy":"category","embeddable":true,"href":"https:\/\/senoticias.com.br\/se\/wp-json\/wp\/v2\/categories?post=116611"},{"taxonomy":"post_tag","embeddable":true,"href":"https:\/\/senoticias.com.br\/se\/wp-json\/wp\/v2\/tags?post=116611"}],"curies":[{"name":"wp","href":"https:\/\/api.w.org\/{rel}","templated":true}]}}