{"id":116550,"date":"2018-12-19T12:19:18","date_gmt":"2018-12-19T15:19:18","guid":{"rendered":"https:\/\/senoticias.com.br\/se\/?p=116550"},"modified":"2018-12-19T12:29:37","modified_gmt":"2018-12-19T15:29:37","slug":"material-escolar-procon-lista-o-que-nao-pode-ser-solicitado","status":"publish","type":"post","link":"https:\/\/senoticias.com.br\/se\/material-escolar-procon-lista-o-que-nao-pode-ser-solicitado\/","title":{"rendered":"Na aus\u00eancia de Temer, Rodrigo Maia sanciona texto que afrouxa Lei de Responsabilidade Fiscal"},"content":{"rendered":"<p style=\"text-align: justify;\">No exerc\u00edcio da Presid\u00eancia da Rep\u00fablica, o presidente da C\u00e2mara, Rodrigo Maia (DEM-RJ), sancionou a lei que afrouxa a Lei de Responsabilidade Fiscal para permitir que munic\u00edpios estourem o limite de gastos com pessoal sem sofrer puni\u00e7\u00f5es se houver queda na receita.<\/p>\n<div id=\"attachment_116552\" style=\"width: 609px\" class=\"wp-caption aligncenter\"><a href=\"https:\/\/senoticias.com.br\/se\/wp-content\/uploads\/2018\/12\/rodrigo-maia-nova-e1545233034927.jpg\"><img loading=\"lazy\" decoding=\"async\" aria-describedby=\"caption-attachment-116552\" class=\"size-full wp-image-116552\" src=\"https:\/\/senoticias.com.br\/se\/wp-content\/uploads\/2018\/12\/rodrigo-maia-nova-e1545233034927.jpg\" alt=\"\" width=\"599\" height=\"392\" \/><\/a><p id=\"caption-attachment-116552\" class=\"wp-caption-text\">O presidente da C\u00e2mara dos Deputados, Rodrigo Maia, durante evento em Bras\u00edlia, nesta quarta-feira (19). (Foto: Najara Araujo\/C\u00e2mara dos Deputados)<\/p><\/div>\n<p style=\"text-align: justify;\">O texto j\u00e1 tinha sido aprovado pelo Senado e pela C\u00e2mara e foi publicado em uma edi\u00e7\u00e3o extra do \u201cDi\u00e1rio Oficial da Uni\u00e3o\u201d com data desta ter\u00e7a-feira (18).<\/p>\n<p style=\"text-align: justify;\">Nesta quarta-feira (19), o presidente Michel Temer divulgou uma nota \u00e0 imprensa dizendo que a mat\u00e9ria foi sancionada enquanto ele estava em viagem ao Uruguai para reuni\u00e3o do Mercosul. (Leia a \u00edntegra da nota ao final desta reportagem)<\/p>\n<p style=\"text-align: justify;\">Acrescentou ainda que pretendia seguir a orienta\u00e7\u00e3o das \u00e1reas t\u00e9cnicas do governo, minist\u00e9rios da Fazenda e Planejamento, que defendiam o veto da mat\u00e9ria \u2013 que poderia ser decidido at\u00e9 o dia 28 de dezembro.<\/p>\n<p style=\"text-align: justify;\">A LRF define que o limite das despesas dos munic\u00edpios com pessoal \u00e9 de 60% da receita corrente l\u00edquida, obtida com tributos, descontados os repasses determinados pela Constitui\u00e7\u00e3o.<\/p>\n<p style=\"text-align: justify;\">Pelas regras atuais, o munic\u00edpio que ultrapassa o limite tem at\u00e9 8 meses para se adequar. Se n\u00e3o fizer isso, pode sofrer san\u00e7\u00f5es, entre as quais: n\u00e3o pode receber transfer\u00eancias volunt\u00e1rias e n\u00e3o pode contratar opera\u00e7\u00f5es de cr\u00e9dito, salvo as que forem para reduzir despesas de pessoal ou refinanciar a d\u00edvida.<\/p>\n<p style=\"text-align: justify;\">O texto, contudo, permite que os munic\u00edpios com queda de receita superior a 10% n\u00e3o sofram restri\u00e7\u00f5es se ultrapassarem o limite de gastos.<\/p>\n<p style=\"text-align: justify;\">A proposta define que a queda dever\u00e1 ter sido provocada pela redu\u00e7\u00e3o do repasse do Fundo de Participa\u00e7\u00e3o dos Munic\u00edpios ou pela diminui\u00e7\u00e3o de receita com royalties e participa\u00e7\u00f5es especiais.<\/p>\n<p style=\"text-align: justify;\">Leia a \u00edntegra da nota do presidente Temer:<\/p>\n<p style=\"text-align: justify;\"><em><strong>Nota \u00e0 imprensa<\/strong><\/em><\/p>\n<p style=\"text-align: justify;\"><em>O presidente Michel Temer n\u00e3o sancionou no dia de ontem altera\u00e7\u00f5es no texto da Lei de Responsabilidade Fiscal aprovado pelo Congresso, at\u00e9 porque estava em viagem oficial ao Uruguai para reuni\u00e3o do Mercosul. As \u00e1reas t\u00e9cnicas do governo, minist\u00e9rios da Fazenda e Planejamento, defendiam o veto da mat\u00e9ria \u2013 que poderia ser decidido at\u00e9 o dia 28 de dezembro. E a inten\u00e7\u00e3o do presidente Temer era seguir essa orienta\u00e7\u00e3o, como \u00e9 de sua praxe.<\/em><\/p>\n<p>O texto com altera\u00e7\u00f5es foi assinado pelo presidente da Rep\u00fablica em exerc\u00edcio, durante a tarde de ontem e publicado em edi\u00e7\u00e3o extra no mesmo dia, ainda quando o presidente Temer estava fora do pa\u00eds.<\/p>\n<p>Secretaria Especial de Comunica\u00e7\u00e3o Social da Presid\u00eancia da Rep\u00fablica.<\/p>\n<p>&nbsp;<\/p>\n<p><a href=\"https:\/\/senoticias.com.br\/se\/wp-content\/uploads\/2018\/12\/Logomarca-fone-SE-4-2-1-1-1-1-1.jpg\"><img loading=\"lazy\" decoding=\"async\" class=\"aligncenter size-full wp-image-116350\" src=\"https:\/\/senoticias.com.br\/se\/wp-content\/uploads\/2018\/12\/Logomarca-fone-SE-4-2-1-1-1-1-1.jpg\" alt=\"\" width=\"599\" height=\"78\" srcset=\"https:\/\/senoticias.com.br\/se\/wp-content\/uploads\/2018\/12\/Logomarca-fone-SE-4-2-1-1-1-1-1.jpg 599w, https:\/\/senoticias.com.br\/se\/wp-content\/uploads\/2018\/12\/Logomarca-fone-SE-4-2-1-1-1-1-1-300x39.jpg 300w\" sizes=\"(max-width: 599px) 100vw, 599px\" \/><\/a><\/p>\n<p>&nbsp;<\/p>\n<p>&nbsp;<\/p>\n<p><em><strong>Acompanhe o SE Not\u00edcias no<\/strong><span class=\"apple-converted-space\"><b>\u00a0<\/b><\/span><a href=\"https:\/\/twitter.com\/Senoticias\" target=\"_blank\" rel=\"noopener\"><b>Twitter<\/b><\/a><strong>,<\/strong><span class=\"apple-converted-space\"><b>\u00a0<\/b><\/span><a href=\"https:\/\/www.facebook.com\/senoticias1\" target=\"_blank\" rel=\"noopener\"><b>Facebook<\/b><span class=\"apple-converted-space\"><b>\u00a0<\/b><\/span><\/a><strong>e no<\/strong><span class=\"apple-converted-space\"><b>\u00a0<\/b><\/span><a href=\"https:\/\/www.instagram.com\/senoticias\/\" target=\"_blank\" rel=\"noopener\"><b>Instagram<\/b><\/a><\/em><\/p>\n<p>&nbsp;<\/p>\n<p><strong><em>Por Fernanda Calgaro, <\/em><a href=\"https:\/\/g1.globo.com\/politica\/noticia\/2018\/12\/19\/na-ausencia-de-temer-maia-sanciona-texto-que-afrouxa-lei-de-responsabilidade-fiscal-para-municipios.ghtml\"><em>G1<\/em><\/a><em> \u2014 Bras\u00edlia<\/em><\/strong><\/p>\n","protected":false},"excerpt":{"rendered":"<p>No exerc\u00edcio da Presid\u00eancia da Rep\u00fablica, o presidente da C\u00e2mara, Rodrigo Maia (DEM-RJ), sancionou a lei que afrouxa a Lei de Responsabilidade Fiscal para permitir que munic\u00edpios estourem o limite de gastos com pessoal sem sofrer puni\u00e7\u00f5es se houver queda na receita. O texto j\u00e1 tinha sido aprovado pelo Senado e pela C\u00e2mara e foi [&hellip;]<\/p>\n","protected":false},"author":6552,"featured_media":116552,"comment_status":"closed","ping_status":"closed","sticky":false,"template":"","format":"standard","meta":{"footnotes":""},"categories":[15,2961],"tags":[11279,10861,7253,637],"class_list":{"0":"post-116550","1":"post","2":"type-post","3":"status-publish","4":"format-standard","5":"has-post-thumbnail","7":"category-destaques","8":"category-nacional","9":"tag-lei-de-responsabilidade-fiscal","10":"tag-presidencia-da-republica","11":"tag-rodrigo-maia","12":"tag-temer"},"_links":{"self":[{"href":"https:\/\/senoticias.com.br\/se\/wp-json\/wp\/v2\/posts\/116550"}],"collection":[{"href":"https:\/\/senoticias.com.br\/se\/wp-json\/wp\/v2\/posts"}],"about":[{"href":"https:\/\/senoticias.com.br\/se\/wp-json\/wp\/v2\/types\/post"}],"author":[{"embeddable":true,"href":"https:\/\/senoticias.com.br\/se\/wp-json\/wp\/v2\/users\/6552"}],"replies":[{"embeddable":true,"href":"https:\/\/senoticias.com.br\/se\/wp-json\/wp\/v2\/comments?post=116550"}],"version-history":[{"count":0,"href":"https:\/\/senoticias.com.br\/se\/wp-json\/wp\/v2\/posts\/116550\/revisions"}],"wp:featuredmedia":[{"embeddable":true,"href":"https:\/\/senoticias.com.br\/se\/wp-json\/wp\/v2\/media\/116552"}],"wp:attachment":[{"href":"https:\/\/senoticias.com.br\/se\/wp-json\/wp\/v2\/media?parent=116550"}],"wp:term":[{"taxonomy":"category","embeddable":true,"href":"https:\/\/senoticias.com.br\/se\/wp-json\/wp\/v2\/categories?post=116550"},{"taxonomy":"post_tag","embeddable":true,"href":"https:\/\/senoticias.com.br\/se\/wp-json\/wp\/v2\/tags?post=116550"}],"curies":[{"name":"wp","href":"https:\/\/api.w.org\/{rel}","templated":true}]}}