{"id":116533,"date":"2018-12-18T05:59:41","date_gmt":"2018-12-18T08:59:41","guid":{"rendered":"https:\/\/senoticias.com.br\/se\/?p=116533"},"modified":"2018-12-18T06:05:55","modified_gmt":"2018-12-18T09:05:55","slug":"governo-de-sergipe-abre-inscricoes-para-processo-seletivo-do-curso-pre-universitario-da-seed","status":"publish","type":"post","link":"https:\/\/senoticias.com.br\/se\/governo-de-sergipe-abre-inscricoes-para-processo-seletivo-do-curso-pre-universitario-da-seed\/","title":{"rendered":"Governo de Sergipe abre inscri\u00e7\u00f5es para processo seletivo do Curso Pr\u00e9-Universit\u00e1rio da Seed"},"content":{"rendered":"<p style=\"text-align: justify;\">O Governo de Sergipe, por meio da Secretaria de Estado da Educa\u00e7\u00e3o (Seed), Departamento de Apoio ao Sistema Educacional (Dase), abriu nesta segunda-feira (17), as inscri\u00e7\u00f5es para o Processo Seletivo do Curso Pr\u00e9-Universit\u00e1rio. Atrav\u00e9s do portal da\u00a0<a href=\"http:\/\/www.seed.se.gov.br\/\" target=\"_blank\" rel=\"noopener\">Seed<\/a>, o candidato pode se inscrever at\u00e9 \u00e0s 23h59 de 13 de janeiro de 2019. Est\u00e3o sendo ofertadas 5.580 vagas e n\u00e3o ser\u00e1 cobrada taxa pela inscri\u00e7\u00e3o dos candidatos.<\/p>\n<div id=\"attachment_116535\" style=\"width: 609px\" class=\"wp-caption aligncenter\"><a href=\"https:\/\/senoticias.com.br\/se\/wp-content\/uploads\/2018\/12\/d81b0f3a46e72121905626e45f5f0fc8-e1545123709441.jpg\"><img loading=\"lazy\" decoding=\"async\" aria-describedby=\"caption-attachment-116535\" class=\"size-full wp-image-116535\" src=\"https:\/\/senoticias.com.br\/se\/wp-content\/uploads\/2018\/12\/d81b0f3a46e72121905626e45f5f0fc8-e1545123709441.jpg\" alt=\"\" width=\"599\" height=\"599\" \/><\/a><p id=\"caption-attachment-116535\" class=\"wp-caption-text\">Ao todo s\u00e3o ofertadas 5.580 vagas para o Pr\u00e9-Universit\u00e1rio. (Foto arte: ascom\/Seed)<\/p><\/div>\n<p style=\"text-align: justify;\">Ao efetuar a inscri\u00e7\u00e3o, o aluno dever\u00e1 escolher o local de prova, o Polo em que deseja concorrer a vaga e a L\u00edngua Estrangeira (Ingl\u00eas ou Espanhol). O candidato interessado dever\u00e1 ser egresso da Rede P\u00fablica ou estudante concludente do Ensino M\u00e9dio da Rede P\u00fablica de Ensino no ano letivo de 2019.<\/p>\n<p style=\"text-align: justify;\">A prova de sele\u00e7\u00e3o ser\u00e1 realizada no dia 27 de janeiro de 2019, no hor\u00e1rio das 8h30min \u00e0s 13h, e os locais de realiza\u00e7\u00e3o das provas ser\u00e3o divulgados em 21 de janeiro, atrav\u00e9s do portal do Pr\u00e9-Universit\u00e1rio. De acordo com o diretor do Dase, F\u00e1bio Leite, h\u00e1 algumas novidades para os alunos.<\/p>\n<p style=\"text-align: justify;\">\u201cEsse ano n\u00f3s aumentamos o n\u00famero de quest\u00f5es e inserimos a prova de Reda\u00e7\u00e3o no processo seletivo, que at\u00e9 ent\u00e3o n\u00e3o tinha. Nossa expectativa \u00e9 que a quantidade de inscrito supere \u00e0 dos anos anteriores, que seja mais concorrido. Outra novidade que vale ressaltar tamb\u00e9m \u00e9 que o secret\u00e1rio de Educa\u00e7\u00e3o, professor Josu\u00e9 Modesto, autorizou que disponibilizemos todo o material pedag\u00f3gico do Pr\u00e9-Universit\u00e1rio fornecido ao longo do ano nas redes sociais e no site da Seed\u201d, afirmou.<\/p>\n<p style=\"text-align: justify;\"><strong>Prova e resultado<\/strong><\/p>\n<p style=\"text-align: justify;\">As provas para o Processo Seletivo 2019 do Programa Pr\u00e9-Universit\u00e1rio compreender\u00e3o as seguintes \u00e1reas do conhecimento: Linguagens, C\u00f3digos e suas Tecnologias, Ci\u00eancias Humanas e suas Tecnologias, Ci\u00eancias da Natureza e suas Tecnologias, Matem\u00e1tica e suas Tecnologias e Reda\u00e7\u00e3o. A prova conter\u00e1 um total de 60 (sessenta) quest\u00f5es objetivas e uma reda\u00e7\u00e3o.<\/p>\n<p style=\"text-align: justify;\">A divulga\u00e7\u00e3o do gabarito oficial ocorrer\u00e1 no dia 1\u00ba de fevereiro, tamb\u00e9m no portal do Pr\u00e9-Universit\u00e1rio. J\u00e1 a lista dos candidatos classificados ser\u00e1 divulgada no dia 13 de fevereiro.<\/p>\n<p style=\"text-align: justify;\">Os candidatos classificados dever\u00e3o realizar sua matr\u00edcula no per\u00edodo de 13 a 15 de fevereiro, munidos de uma fotografia 3&#215;4 recente, bem como a c\u00f3pia leg\u00edvel dos seguintes documentos: Carteira de Identidade, CPF, comprovante de resid\u00eancia; documento (certificado ou declara\u00e7\u00e3o) atestando que o candidato concluiu o Ensino M\u00e9dio. Para os candidatos que ainda ir\u00e3o concluir o n\u00edvel de ensino m\u00e9dio ser\u00e1 necess\u00e1rio apresentar declara\u00e7\u00e3o atestando que est\u00e1 regularmente matriculado ou apto para cursar a 3\u00aa S\u00e9rie do Ensino M\u00e9dio regular ou EJAEM no ano de 2019. As aulas est\u00e3o previstas para come\u00e7arem em 18 de fevereiro de 2019. Mais informa\u00e7\u00f5es podem ser obtidas no\u00a0<a href=\"http:\/\/www.seed.se.gov.br\/arquivos\/Edital.PS.PREUNI.2019.COM.REDA%C3%87%C3%83O.e.REDE.P%C3%9ABLICA.pdf\" target=\"_blank\" rel=\"noopener\">edital<\/a>.<\/p>\n<p><strong>A\u00e7\u00f5es<\/strong><\/p>\n<p style=\"text-align: justify;\">Durante todo o ano, o curso Pr\u00e9-Universit\u00e1rio realiza diversas a\u00e7\u00f5es com o objetivo de preparar os alunos para o Exame Nacional do Ensino M\u00e9dio (Enem): Revis\u00f5es Regionais, Treinando com Pesos, Oficina de Reda\u00e7\u00e3o, Simulado Online, Simula Enem, Revis\u00e3o Final, entre outras.<\/p>\n<p style=\"text-align: justify;\">Nos \u00faltimos dois anos, cerca de 8 mil estudantes da rede estadual passaram no Enem e outros vestibulares, sendo 3.489 aprovados em 2016 e 4.476 aprovados em 2017.<\/p>\n<p>&nbsp;<\/p>\n<p><a href=\"https:\/\/senoticias.com.br\/se\/wp-content\/uploads\/2018\/12\/Logomarca-fone-SE-4-2-1-1-1-1-1.jpg\"><img loading=\"lazy\" decoding=\"async\" class=\"aligncenter size-full wp-image-116350\" src=\"https:\/\/senoticias.com.br\/se\/wp-content\/uploads\/2018\/12\/Logomarca-fone-SE-4-2-1-1-1-1-1.jpg\" alt=\"\" width=\"599\" height=\"78\" srcset=\"https:\/\/senoticias.com.br\/se\/wp-content\/uploads\/2018\/12\/Logomarca-fone-SE-4-2-1-1-1-1-1.jpg 599w, https:\/\/senoticias.com.br\/se\/wp-content\/uploads\/2018\/12\/Logomarca-fone-SE-4-2-1-1-1-1-1-300x39.jpg 300w\" sizes=\"(max-width: 599px) 100vw, 599px\" \/><\/a><\/p>\n<p>&nbsp;<\/p>\n<p><em><strong>Acompanhe o SE Not\u00edcias no<\/strong><span class=\"apple-converted-space\"><b>\u00a0<\/b><\/span><a href=\"https:\/\/twitter.com\/Senoticias\" target=\"_blank\" rel=\"noopener\"><b>Twitter<\/b><\/a><strong>,<\/strong><span class=\"apple-converted-space\"><b>\u00a0<\/b><\/span><a href=\"https:\/\/www.facebook.com\/senoticias1\" target=\"_blank\" rel=\"noopener\"><b>Facebook<\/b><span class=\"apple-converted-space\"><b>\u00a0<\/b><\/span><\/a><strong>e no<\/strong><span class=\"apple-converted-space\"><b>\u00a0<\/b><\/span><a href=\"https:\/\/www.instagram.com\/senoticias\/\" target=\"_blank\" rel=\"noopener\"><b>Instagram<\/b><\/a><\/em><\/p>\n<p><em>Mat\u00e9ria extra\u00edda do <a href=\"http:\/\/www.agencia.se.gov.br\/noticias\/educacao\/governo-de-sergipe-abre-inscricoes-para-processo-seletivo-do-curso-pre-universitario-da-seed\"><strong>site<\/strong><\/a> da Ag\u00eancia Sergipe de Not\u00edcias<\/em><\/p>\n","protected":false},"excerpt":{"rendered":"<p>O Governo de Sergipe, por meio da Secretaria de Estado da Educa\u00e7\u00e3o (Seed), Departamento de Apoio ao Sistema Educacional (Dase), abriu nesta segunda-feira (17), as inscri\u00e7\u00f5es para o Processo Seletivo do Curso Pr\u00e9-Universit\u00e1rio. Atrav\u00e9s do portal da\u00a0Seed, o candidato pode se inscrever at\u00e9 \u00e0s 23h59 de 13 de janeiro de 2019. Est\u00e3o sendo ofertadas 5.580 [&hellip;]<\/p>\n","protected":false},"author":6552,"featured_media":116535,"comment_status":"closed","ping_status":"closed","sticky":false,"template":"","format":"standard","meta":{"footnotes":""},"categories":[15,38],"tags":[11275,11276,448,7611,7613],"class_list":{"0":"post-116533","1":"post","2":"type-post","3":"status-publish","4":"format-standard","5":"has-post-thumbnail","7":"category-destaques","8":"category-municipios","9":"tag-curso-pre-universitario","10":"tag-curso-pre-universitario-da-seed","11":"tag-governo-de-sergipe","12":"tag-pre-universitario","13":"tag-secretaria-de-estado-da-educacao"},"_links":{"self":[{"href":"https:\/\/senoticias.com.br\/se\/wp-json\/wp\/v2\/posts\/116533"}],"collection":[{"href":"https:\/\/senoticias.com.br\/se\/wp-json\/wp\/v2\/posts"}],"about":[{"href":"https:\/\/senoticias.com.br\/se\/wp-json\/wp\/v2\/types\/post"}],"author":[{"embeddable":true,"href":"https:\/\/senoticias.com.br\/se\/wp-json\/wp\/v2\/users\/6552"}],"replies":[{"embeddable":true,"href":"https:\/\/senoticias.com.br\/se\/wp-json\/wp\/v2\/comments?post=116533"}],"version-history":[{"count":0,"href":"https:\/\/senoticias.com.br\/se\/wp-json\/wp\/v2\/posts\/116533\/revisions"}],"wp:featuredmedia":[{"embeddable":true,"href":"https:\/\/senoticias.com.br\/se\/wp-json\/wp\/v2\/media\/116535"}],"wp:attachment":[{"href":"https:\/\/senoticias.com.br\/se\/wp-json\/wp\/v2\/media?parent=116533"}],"wp:term":[{"taxonomy":"category","embeddable":true,"href":"https:\/\/senoticias.com.br\/se\/wp-json\/wp\/v2\/categories?post=116533"},{"taxonomy":"post_tag","embeddable":true,"href":"https:\/\/senoticias.com.br\/se\/wp-json\/wp\/v2\/tags?post=116533"}],"curies":[{"name":"wp","href":"https:\/\/api.w.org\/{rel}","templated":true}]}}