{"id":116496,"date":"2018-12-14T15:55:37","date_gmt":"2018-12-14T18:55:37","guid":{"rendered":"https:\/\/senoticias.com.br\/se\/?p=116496"},"modified":"2018-12-14T15:55:37","modified_gmt":"2018-12-14T18:55:37","slug":"justica-de-goias-determina-prisao-de-joao-de-deus","status":"publish","type":"post","link":"https:\/\/senoticias.com.br\/se\/justica-de-goias-determina-prisao-de-joao-de-deus\/","title":{"rendered":"Justi\u00e7a de Goi\u00e1s determina pris\u00e3o de Jo\u00e3o de Deus"},"content":{"rendered":"<p><span style=\"color: #000000\">A Secretaria de Seguran\u00e7a P\u00fablica de Goi\u00e1s confirmou h\u00e1 pouco que o Tribunal de Justi\u00e7a de Goi\u00e1s acatou o pedido do Minist\u00e9rio P\u00fablico de Goi\u00e1s (MP-GO) e determinou a pris\u00e3o do m\u00e9dium goiano Jo\u00e3o Teixeira de Faria, o Jo\u00e3o de Deus. Ele \u00e9 alvo de den\u00fancias de abusos sexuais. Como o processo tramita em sergredo de Justi\u00e7a, o MP-GO n\u00e3o vai se manifestar.<\/span><\/p>\n<p><span style=\"color: #000000\">A reportagem ainda n\u00e3o conseguiu falar com o advogado Alberto Toron, que defende o m\u00e9dium. O advogado protocolou nesta quinta (13) pedido para que o tribunal autorizasse o m\u00e9dium a continuar os atendimentos na Casa Dom In\u00e1cio Loyola, em Abadi\u00e2nia.<\/span><\/p>\n<div id=\"attachment_116497\" style=\"width: 609px\" class=\"wp-caption aligncenter\"><a href=\"https:\/\/senoticias.com.br\/se\/wp-content\/uploads\/2018\/12\/joao-de-deus-e1544813682613.jpg\"><img loading=\"lazy\" decoding=\"async\" aria-describedby=\"caption-attachment-116497\" class=\"wp-image-116497 size-full\" src=\"https:\/\/senoticias.com.br\/se\/wp-content\/uploads\/2018\/12\/joao-de-deus-e1544813682613.jpg\" alt=\"\" width=\"599\" height=\"399\" \/><\/a><p id=\"caption-attachment-116497\" class=\"wp-caption-text\">Foto: Marcelo Camargo\/Ag\u00eancia Brasil<\/p><\/div>\n<p><span style=\"color: #000000\">At\u00e9 esta quinta-feira, a for\u00e7a-tarefa criada pelo Minist\u00e9rio P\u00fablico estadual para apurar as acusa\u00e7\u00f5es de abusos sexuais contra Jo\u00e3o de Deus havia recebido 330 mensagens e contatos por telefone de mulheres que afirmam ser v\u00edtimas de crimes sexuais praticados pelo m\u00e9dium.<\/span><\/p>\n<p><span style=\"color: #000000\">Promotorias de Justi\u00e7a Criminais do Minist\u00e9rio P\u00fablico de outros estados tamb\u00e9m est\u00e3o recebendo den\u00fancias e auxiliando o Minist\u00e9rio P\u00fablico de Goi\u00e1s na apura\u00e7\u00e3o, colhendo os depoimentos das denunciantes que n\u00e3o moram em Goi\u00e1s.<\/span><\/p>\n<p><span style=\"color: #000000\">O m\u00e9dium de 76 anos fundou, em 1976, a Casa Dom In\u00e1cio de Loyola no munic\u00edpio goiano de 12 mil habitantes, a cerca de 110 quil\u00f4metros de Bras\u00edlia e \u00e0 mesma dist\u00e2ncia de Goi\u00e2nia.<\/span><\/p>\n<p><strong><span style=\"color: #000000\">Mem\u00f3ria<\/span><\/strong><\/p>\n<p><span style=\"color: #000000\">As den\u00fancias come\u00e7aram a vir a p\u00fablico na \u00faltima sexta-feira (7) quando o programa Conversa com Bial, da TV Globo, divulgou as primeiras den\u00fancias de abuso sexual. A partir da\u00ed, outras mulheres que afirmam ser v\u00edtimas do m\u00e9dium come\u00e7aram a procurar as autoridades e a imprensa. Nessa quarta-feira, em sua primeira apari\u00e7\u00e3o p\u00fablica, o m\u00e9dium disse que \u00e9 inocente e est\u00e1 \u00e0 disposi\u00e7\u00e3o da Justi\u00e7a brasileira.<\/span><\/p>\n<p><span style=\"color: #000000\">&#8220;Irm\u00e3os e minhas queridas irm\u00e3s, agrade\u00e7o a Deus por estar aqui. Quero cumprir a lei brasileira. Estou nas m\u00e3os da Justi\u00e7a. O Jo\u00e3o de Deus ainda est\u00e1 vivo&#8221;, declarou o m\u00e9dium ao passar pela Casa Dom In\u00e1cio, onde peramaneceu por menos de dez minutos antes de sair alegando estar passando mal.<\/span><\/p>\n<p>&nbsp;<\/p>\n<p><a href=\"https:\/\/senoticias.com.br\/se\/wp-content\/uploads\/2018\/12\/Logomarca-fone-SE-4-2-1-1-1-1-1.jpg\"><img loading=\"lazy\" decoding=\"async\" class=\"aligncenter wp-image-116350 size-full\" src=\"https:\/\/senoticias.com.br\/se\/wp-content\/uploads\/2018\/12\/Logomarca-fone-SE-4-2-1-1-1-1-1.jpg\" alt=\"\" width=\"599\" height=\"78\" srcset=\"https:\/\/senoticias.com.br\/se\/wp-content\/uploads\/2018\/12\/Logomarca-fone-SE-4-2-1-1-1-1-1.jpg 599w, https:\/\/senoticias.com.br\/se\/wp-content\/uploads\/2018\/12\/Logomarca-fone-SE-4-2-1-1-1-1-1-300x39.jpg 300w\" sizes=\"(max-width: 599px) 100vw, 599px\" \/><\/a><\/p>\n<p>Da Ag\u00eancia Brasil<\/p>\n","protected":false},"excerpt":{"rendered":"<p>A Secretaria de Seguran\u00e7a P\u00fablica de Goi\u00e1s confirmou h\u00e1 pouco que o Tribunal de Justi\u00e7a de Goi\u00e1s acatou o pedido do Minist\u00e9rio P\u00fablico de Goi\u00e1s (MP-GO) e determinou a pris\u00e3o do m\u00e9dium goiano Jo\u00e3o Teixeira de Faria, o Jo\u00e3o de Deus. Ele \u00e9 alvo de den\u00fancias de abusos sexuais. Como o processo tramita em sergredo [&hellip;]<\/p>\n","protected":false},"author":6553,"featured_media":0,"comment_status":"closed","ping_status":"closed","sticky":false,"template":"","format":"standard","meta":{"footnotes":""},"categories":[15,2961],"tags":[11255,370,858,10024,11253,2799,11254,3147,223],"class_list":{"0":"post-116496","1":"post","2":"type-post","3":"status-publish","4":"format-standard","6":"category-destaques","7":"category-nacional","8":"tag-acusacao","9":"tag-brasil","10":"tag-estupro","11":"tag-goias","12":"tag-joao-de-deus","13":"tag-justica","14":"tag-medium","15":"tag-prisao","16":"tag-sergipe"},"_links":{"self":[{"href":"https:\/\/senoticias.com.br\/se\/wp-json\/wp\/v2\/posts\/116496"}],"collection":[{"href":"https:\/\/senoticias.com.br\/se\/wp-json\/wp\/v2\/posts"}],"about":[{"href":"https:\/\/senoticias.com.br\/se\/wp-json\/wp\/v2\/types\/post"}],"author":[{"embeddable":true,"href":"https:\/\/senoticias.com.br\/se\/wp-json\/wp\/v2\/users\/6553"}],"replies":[{"embeddable":true,"href":"https:\/\/senoticias.com.br\/se\/wp-json\/wp\/v2\/comments?post=116496"}],"version-history":[{"count":0,"href":"https:\/\/senoticias.com.br\/se\/wp-json\/wp\/v2\/posts\/116496\/revisions"}],"wp:attachment":[{"href":"https:\/\/senoticias.com.br\/se\/wp-json\/wp\/v2\/media?parent=116496"}],"wp:term":[{"taxonomy":"category","embeddable":true,"href":"https:\/\/senoticias.com.br\/se\/wp-json\/wp\/v2\/categories?post=116496"},{"taxonomy":"post_tag","embeddable":true,"href":"https:\/\/senoticias.com.br\/se\/wp-json\/wp\/v2\/tags?post=116496"}],"curies":[{"name":"wp","href":"https:\/\/api.w.org\/{rel}","templated":true}]}}