{"id":116478,"date":"2018-12-13T13:59:09","date_gmt":"2018-12-13T16:59:09","guid":{"rendered":"https:\/\/senoticias.com.br\/se\/?p=116478"},"modified":"2018-12-13T14:00:48","modified_gmt":"2018-12-13T17:00:48","slug":"iate-de-eike-batista-avaliado-em-r-18-milhoes-vai-a-leilao-nesta-quinta","status":"publish","type":"post","link":"https:\/\/senoticias.com.br\/se\/iate-de-eike-batista-avaliado-em-r-18-milhoes-vai-a-leilao-nesta-quinta\/","title":{"rendered":"Iate de Eike Batista, avaliado em R$ 18 milh\u00f5es, vai a leil\u00e3o nesta quinta"},"content":{"rendered":"<p><span style=\"color: #000000\">Um iate de luxo do empres\u00e1rio Eike Batista &#8211; avaliado em R$ 18 milh\u00f5es e capacidade para 22 pessoas &#8211; vai a leil\u00e3o nesta quinta-feira (13), no Rio de Janeiro.<\/span><\/p>\n<p><span style=\"color: #000000\">Com lance m\u00ednimo inicial de R$ 18 milh\u00f5es, o iate Pershing SPA ser\u00e1 posto \u00e0 venda por determina\u00e7\u00e3o do juiz titular da 7\u00aa Vara Federal Criminal do Rio, Marcelo Bretas.<\/span><\/p>\n<p><span style=\"color: #000000\">Com salas e quatro quartos, incluindo duas su\u00edtes, o Pershing \u00e9 equipado com sistema de som MP3, v\u00eddeo e uma TV LCD de 67 polegadas na sala principal da embarca\u00e7\u00e3o. A principal su\u00edte do iate tem sauna e closet.<\/span><\/p>\n<div id=\"attachment_116479\" style=\"width: 609px\" class=\"wp-caption aligncenter\"><a href=\"https:\/\/senoticias.com.br\/se\/wp-content\/uploads\/2018\/12\/eike_batista-e1544720276574.jpg\"><img loading=\"lazy\" decoding=\"async\" aria-describedby=\"caption-attachment-116479\" class=\"wp-image-116479 size-full\" src=\"https:\/\/senoticias.com.br\/se\/wp-content\/uploads\/2018\/12\/eike_batista-e1544720276574.jpg\" alt=\"\" width=\"599\" height=\"408\" \/><\/a><p id=\"caption-attachment-116479\" class=\"wp-caption-text\">Eike Batista \u00e9 dono de iate avaliado em R$ 18 milh\u00f5es. Embarca\u00e7\u00e3o ser\u00e1 leiloada hoje (Foto: Fabio Rodrigues Pozzebom\/Ag\u00eancia Brasil)<\/p><\/div>\n<p><span style=\"color: #000000\">Apesar de todo o luxo, desde 2016 a embarca\u00e7\u00e3o, embora em bom estado e pouco tempo de uso, n\u00e3o conta com a documenta\u00e7\u00e3o necess\u00e1ria para navegar. Ela \u00e9 emitida pela Capitania dos Portos.<\/span><\/p>\n<p><span style=\"color: #000000\">Como o iate est\u00e1 parado, o comprador ter\u00e1 que realizar servi\u00e7os de manuten\u00e7\u00e3o corretiva e de conserva\u00e7\u00e3o do casco.<\/span><\/p>\n<p><span style=\"color: #000000\">As taxas e impostos, no entanto, v\u00eam sendo pagos anualmente. Caso o iate n\u00e3o seja arrematado hoje pelo pre\u00e7o estipulado, ir\u00e1 a leil\u00e3o novamente no dia 18, com redu\u00e7\u00e3o de 25% do lance inicial.<\/span><\/p>\n<p><span style=\"color: #000000\"><strong>Corrup\u00e7\u00e3o e lavagem de dinheiro<\/strong><\/span><\/p>\n<p><span style=\"color: #000000\">O empres\u00e1rio Eike Batista foi condenado pelo juiz Marcelo Bretas a 30 anos de pris\u00e3o em regime fechado no \u00faltimo dia 3 de julho pelos crimes de corrup\u00e7\u00e3o e lavagem de dinheiro, acusado de, em 2011, ter pago propina de US$ 16,5 milh\u00f5es (mais de R$ 60 milh\u00f5es) ao ex-governador do Rio, S\u00e9rgio Cabral, atualmente preso no Complexo Penitenci\u00e1rio de Bangu, no Rio. O pagamento seria uma contrapartida a contratos assinados com o governo estadual.<\/span><\/p>\n<p><span style=\"color: #000000\">A a\u00e7\u00e3o desencadeada pela 7\u00aa Vara Federal foi consequ\u00eancia da opera\u00e7\u00e3o Efici\u00eancia, um desdobramento da Lava Jato.<\/span><\/p>\n<p><span style=\"color: #000000\">Eike Batista chegou a ser preso em janeiro do ano passado, mas foi solto, beneficiado por uma liminar do ministro do Supremo Tribunal Federal (STF) Gilmar Mendes, e hoje responde a acusa\u00e7\u00f5es em pris\u00e3o domiciliar, enquanto aguarda recurso impetrado contra a decis\u00e3o da Justi\u00e7a Federal do Rio.<\/span><\/p>\n<p>&nbsp;<\/p>\n<p><a href=\"https:\/\/senoticias.com.br\/se\/wp-content\/uploads\/2018\/12\/Logomarca-fone-SE-4-2-1-1-1-1-1.jpg\"><img loading=\"lazy\" decoding=\"async\" class=\"aligncenter wp-image-116350 size-full\" src=\"https:\/\/senoticias.com.br\/se\/wp-content\/uploads\/2018\/12\/Logomarca-fone-SE-4-2-1-1-1-1-1.jpg\" alt=\"\" width=\"599\" height=\"78\" srcset=\"https:\/\/senoticias.com.br\/se\/wp-content\/uploads\/2018\/12\/Logomarca-fone-SE-4-2-1-1-1-1-1.jpg 599w, https:\/\/senoticias.com.br\/se\/wp-content\/uploads\/2018\/12\/Logomarca-fone-SE-4-2-1-1-1-1-1-300x39.jpg 300w\" sizes=\"(max-width: 599px) 100vw, 599px\" \/><\/a><\/p>\n<p>Da Ag\u00eancia Brasil<\/p>\n","protected":false},"excerpt":{"rendered":"<p>Um iate de luxo do empres\u00e1rio Eike Batista &#8211; avaliado em R$ 18 milh\u00f5es e capacidade para 22 pessoas &#8211; vai a leil\u00e3o nesta quinta-feira (13), no Rio de Janeiro. Com lance m\u00ednimo inicial de R$ 18 milh\u00f5es, o iate Pershing SPA ser\u00e1 posto \u00e0 venda por determina\u00e7\u00e3o do juiz titular da 7\u00aa Vara Federal [&hellip;]<\/p>\n","protected":false},"author":6553,"featured_media":0,"comment_status":"closed","ping_status":"closed","sticky":false,"template":"","format":"standard","meta":{"footnotes":""},"categories":[8],"tags":[370,8158,3180,11249,11250,2559,2168],"class_list":{"0":"post-116478","1":"post","2":"type-post","3":"status-publish","4":"format-standard","6":"category-esporte-e-cultura","7":"tag-brasil","8":"tag-corrupcao","9":"tag-dinheiro","10":"tag-eike-batista","11":"tag-iate","12":"tag-leilao","13":"tag-politica"},"_links":{"self":[{"href":"https:\/\/senoticias.com.br\/se\/wp-json\/wp\/v2\/posts\/116478"}],"collection":[{"href":"https:\/\/senoticias.com.br\/se\/wp-json\/wp\/v2\/posts"}],"about":[{"href":"https:\/\/senoticias.com.br\/se\/wp-json\/wp\/v2\/types\/post"}],"author":[{"embeddable":true,"href":"https:\/\/senoticias.com.br\/se\/wp-json\/wp\/v2\/users\/6553"}],"replies":[{"embeddable":true,"href":"https:\/\/senoticias.com.br\/se\/wp-json\/wp\/v2\/comments?post=116478"}],"version-history":[{"count":0,"href":"https:\/\/senoticias.com.br\/se\/wp-json\/wp\/v2\/posts\/116478\/revisions"}],"wp:attachment":[{"href":"https:\/\/senoticias.com.br\/se\/wp-json\/wp\/v2\/media?parent=116478"}],"wp:term":[{"taxonomy":"category","embeddable":true,"href":"https:\/\/senoticias.com.br\/se\/wp-json\/wp\/v2\/categories?post=116478"},{"taxonomy":"post_tag","embeddable":true,"href":"https:\/\/senoticias.com.br\/se\/wp-json\/wp\/v2\/tags?post=116478"}],"curies":[{"name":"wp","href":"https:\/\/api.w.org\/{rel}","templated":true}]}}