{"id":116473,"date":"2018-12-13T13:49:15","date_gmt":"2018-12-13T16:49:15","guid":{"rendered":"https:\/\/senoticias.com.br\/se\/?p=116473"},"modified":"2018-12-13T13:50:36","modified_gmt":"2018-12-13T16:50:36","slug":"ministerio-da-saude-habilita-o-huse-como-unidade-de-assistencia-de-alta-complexidade-de-terapia-nutricional","status":"publish","type":"post","link":"https:\/\/senoticias.com.br\/se\/ministerio-da-saude-habilita-o-huse-como-unidade-de-assistencia-de-alta-complexidade-de-terapia-nutricional\/","title":{"rendered":"Huse \u00e9 habilitado como Unidade de Assist\u00eancia de Alta Complexidade de Terapia Nutricional"},"content":{"rendered":"<p><span style=\"color: #000000\">Um dos investimentos anunciados pelo ministro da Sa\u00fade, Gilberto Magalh\u00e3es Occhi, em visita ao estado de Sergipe na semana passada, j\u00e1 est\u00e1 valendo. Foi publicada, no \u00faltimo dia 07 de dezembro, pelo Minist\u00e9rio da Sa\u00fade (MS), a portaria n\u00ba 3894, que habilita o Hospital de Urg\u00eancia (Huse), administrado pela Secretaria de Estado da Sa\u00fade (SES), como Unidade de Assist\u00eancia de Alta Complexidade de Terapia Nutricional Enteral e Parenteral e estabelece o repasse de recursos financeiros no valor de R$ 1,6 milh\u00e3o para custeio dos servi\u00e7os.<\/span><\/p>\n<div id=\"attachment_116474\" style=\"width: 609px\" class=\"wp-caption aligncenter\"><a href=\"https:\/\/senoticias.com.br\/se\/wp-content\/uploads\/2018\/12\/608cc498ce5bc930d006bfa489c01c7d-e1544719685337.jpg\"><img loading=\"lazy\" decoding=\"async\" aria-describedby=\"caption-attachment-116474\" class=\"wp-image-116474 size-full\" src=\"https:\/\/senoticias.com.br\/se\/wp-content\/uploads\/2018\/12\/608cc498ce5bc930d006bfa489c01c7d-e1544719685337.jpg\" alt=\"\" width=\"599\" height=\"409\" \/><\/a><p id=\"caption-attachment-116474\" class=\"wp-caption-text\">Foto: Ascom\/SES<\/p><\/div>\n<p><span style=\"color: #000000\">At\u00e9 este momento, a Secretaria de Estado da Sa\u00fade (SES) arcava com todos os custos e n\u00e3o tinha nenhum repasse, por parte do Minist\u00e9rio da Sa\u00fade, na oferta de tratamento nutricional enteral (via oral ou por meio de sonda posicionada no intestino ou no est\u00f4mago) e parenteral (administrada de forma intravenosa, diretamente infundida na veia), dispensado por aquela unidade de assist\u00eancia, aos pacientes internados. O repasse ser\u00e1 anual dividido em parcelas mensais.<\/span><\/p>\n<p><span style=\"color: #000000\">De acordo com estudo realizado em 1998 pela Ibranutri &#8211; Inqu\u00e9rito Brasileiro de Avalia\u00e7\u00e3o Nutricional Hospitalar &#8211; cerca 50% dos pacientes hospitalizados apresentavam algum grau de desnutri\u00e7\u00e3o, o que representa uma preocupa\u00e7\u00e3o muito grande do ponto de vista do aumento da morbi-mortalidade, uma vez que o paciente desnutrido tem seu processo de recupera\u00e7\u00e3o muito mais lento e um risco de morte muito mais elevado, al\u00e9m do tempo de interna\u00e7\u00e3o ser maior. Uma terapia nutricional adequada ajuda, ainda, na redu\u00e7\u00e3o dos custos hospitalares j\u00e1 que o impacto financeiro com a hospitaliza\u00e7\u00e3o para tratar pacientes desnutridos \u00e9 quatro vezes maior.<\/span><\/p>\n<p><span style=\"color: #000000\">\u201cAtuar no sentido de melhorar o estado nutricional do paciente atrav\u00e9s de uma interven\u00e7\u00e3o nutricional qualificada \u00e9 muito importante. O Huse det\u00e9m hoje uma equipe multidisciplinar de terapia nutricional formada por profissionais competentes, nutricionistas, cl\u00ednicos, farmac\u00eauticos, enfermeiros, que atuam diariamente na interven\u00e7\u00e3o nutricional junto aos pacientes hospitalizados, avaliando risco nutricional e intervindo, seja com a terapia nutricional enteral, seja com a nutri\u00e7\u00e3o parenteral\u201d, diz o refer\u00eancia t\u00e9cnica da \u00e1rea de Alimenta\u00e7\u00e3o e Nutri\u00e7\u00e3o da SES, Ronaldo Cruz, essa \u00e9 uma grande conquista.<\/span><\/p>\n<p><span style=\"color: #000000\">Agora, o hospital habilitado com a publica\u00e7\u00e3o da portaria n\u00ba 3894, passar\u00e1 a receber os recursos financeiros para o bloco de custeio das a\u00e7\u00f5es em rela\u00e7\u00e3o \u00e0 oferta desse servi\u00e7o. \u201c\u00c9 importante que o hospital registre todas essas a\u00e7\u00f5es, o que j\u00e1 \u00e9 feito, a partir do momento que ele tem uma equipe multidisciplinar de terapia nutricional constitu\u00edda. o Huse est\u00e1 sendo habilitado pelo Minist\u00e9rio da Sa\u00fade (MS) como Unidade de Assist\u00eancia de Alta Complexidade em Terapia Nutricional e ele pode pleitear tamb\u00e9m, uma vez se adequando \u00e0s exig\u00eancias, a ser habilitado como Centro de Refer\u00eancia junto ao Minist\u00e9rio da Sa\u00fade (MS) e ao Minist\u00e9rio da Educa\u00e7\u00e3o (MEC), como hospital-ensino que \u00e9 uma atividade que o hospital j\u00e1 faz h\u00e1 muitos anos\u201d, ressalta Ronaldo.<\/span><\/p>\n<p>&nbsp;<\/p>\n<p><a href=\"https:\/\/senoticias.com.br\/se\/wp-content\/uploads\/2018\/12\/Logomarca-fone-SE-4-2-1-1-1-1-1.jpg\"><img loading=\"lazy\" decoding=\"async\" class=\"aligncenter wp-image-116350 size-full\" src=\"https:\/\/senoticias.com.br\/se\/wp-content\/uploads\/2018\/12\/Logomarca-fone-SE-4-2-1-1-1-1-1.jpg\" alt=\"\" width=\"599\" height=\"78\" srcset=\"https:\/\/senoticias.com.br\/se\/wp-content\/uploads\/2018\/12\/Logomarca-fone-SE-4-2-1-1-1-1-1.jpg 599w, https:\/\/senoticias.com.br\/se\/wp-content\/uploads\/2018\/12\/Logomarca-fone-SE-4-2-1-1-1-1-1-300x39.jpg 300w\" sizes=\"(max-width: 599px) 100vw, 599px\" \/><\/a><\/p>\n<p>Da ASN<\/p>\n","protected":false},"excerpt":{"rendered":"<p>Um dos investimentos anunciados pelo ministro da Sa\u00fade, Gilberto Magalh\u00e3es Occhi, em visita ao estado de Sergipe na semana passada, j\u00e1 est\u00e1 valendo. Foi publicada, no \u00faltimo dia 07 de dezembro, pelo Minist\u00e9rio da Sa\u00fade (MS), a portaria n\u00ba 3894, que habilita o Hospital de Urg\u00eancia (Huse), administrado pela Secretaria de Estado da Sa\u00fade (SES), [&hellip;]<\/p>\n","protected":false},"author":6553,"featured_media":0,"comment_status":"closed","ping_status":"closed","sticky":false,"template":"","format":"standard","meta":{"footnotes":""},"categories":[15,38],"tags":[339,2974,319,1304,223],"class_list":{"0":"post-116473","1":"post","2":"type-post","3":"status-publish","4":"format-standard","6":"category-destaques","7":"category-municipios","8":"tag-aracaju","9":"tag-hospital","10":"tag-huse","11":"tag-saude","12":"tag-sergipe"},"_links":{"self":[{"href":"https:\/\/senoticias.com.br\/se\/wp-json\/wp\/v2\/posts\/116473"}],"collection":[{"href":"https:\/\/senoticias.com.br\/se\/wp-json\/wp\/v2\/posts"}],"about":[{"href":"https:\/\/senoticias.com.br\/se\/wp-json\/wp\/v2\/types\/post"}],"author":[{"embeddable":true,"href":"https:\/\/senoticias.com.br\/se\/wp-json\/wp\/v2\/users\/6553"}],"replies":[{"embeddable":true,"href":"https:\/\/senoticias.com.br\/se\/wp-json\/wp\/v2\/comments?post=116473"}],"version-history":[{"count":0,"href":"https:\/\/senoticias.com.br\/se\/wp-json\/wp\/v2\/posts\/116473\/revisions"}],"wp:attachment":[{"href":"https:\/\/senoticias.com.br\/se\/wp-json\/wp\/v2\/media?parent=116473"}],"wp:term":[{"taxonomy":"category","embeddable":true,"href":"https:\/\/senoticias.com.br\/se\/wp-json\/wp\/v2\/categories?post=116473"},{"taxonomy":"post_tag","embeddable":true,"href":"https:\/\/senoticias.com.br\/se\/wp-json\/wp\/v2\/tags?post=116473"}],"curies":[{"name":"wp","href":"https:\/\/api.w.org\/{rel}","templated":true}]}}