{"id":116458,"date":"2018-12-12T14:21:59","date_gmt":"2018-12-12T17:21:59","guid":{"rendered":"https:\/\/senoticias.com.br\/se\/?p=116458"},"modified":"2018-12-12T14:21:59","modified_gmt":"2018-12-12T17:21:59","slug":"guarda-municipal-de-socorro-intensifica-acoes-em-feiras-livres-do-municipio","status":"publish","type":"post","link":"https:\/\/senoticias.com.br\/se\/guarda-municipal-de-socorro-intensifica-acoes-em-feiras-livres-do-municipio\/","title":{"rendered":"Guarda Municipal de Socorro intensifica a\u00e7\u00f5es em feiras livres do munic\u00edpio"},"content":{"rendered":"<p><span style=\"color: #000000\">Desde o \u00faltimo final de semana a Guarda Municipal de Nossa Senhora do Socorro (GMS), deu in\u00edcio \u00e0s a\u00e7\u00f5es de intensifica\u00e7\u00e3o dos trabalhos em todas as feiras livres que ocorrem no munic\u00edpio.<\/span><\/p>\n<p><span style=\"color: #000000\">Desde o domingo, 09, foram escaladas patrulhas fixas e m\u00f3veis para atuar nas feiras dos Conjuntos Jardim, Jo\u00e3o Alves e Parque dos Far\u00f3is.<\/span><\/p>\n<div id=\"attachment_116459\" style=\"width: 609px\" class=\"wp-caption aligncenter\"><a href=\"https:\/\/senoticias.com.br\/se\/wp-content\/uploads\/2018\/12\/gms-senoticias.jpeg\"><img loading=\"lazy\" decoding=\"async\" aria-describedby=\"caption-attachment-116459\" class=\"wp-image-116459 size-full\" src=\"https:\/\/senoticias.com.br\/se\/wp-content\/uploads\/2018\/12\/gms-senoticias-e1544635254471.jpeg\" alt=\"\" width=\"599\" height=\"449\" \/><\/a><p id=\"caption-attachment-116459\" class=\"wp-caption-text\">Foto: GMS<\/p><\/div>\n<p><span style=\"color: #000000\">Durante todo o ano de 2018 a GMS realizou patrulhamentos preventivos em todas as feiras que acontecem na cidade, em diferentes dias e hor\u00e1rios, mas agora com a chegada das festas de final de ano os trabalhos foram intensificados.<\/span><\/p>\n<p><span style=\"color: #000000\">\u201cEstamos atendendo os pedidos dos comerciantes, da popula\u00e7\u00e3o e uma determina\u00e7\u00e3o do Prefeito Inaldo, a fim de proporcionar uma maior sensa\u00e7\u00e3o de seguran\u00e7a e tranquilidade para os cidad\u00e3os\u201d, afirmou o Comandante da GMS Evil\u00e1sio Prot\u00e1sio.<\/span><\/p>\n<p><span style=\"color: #000000\">Para estas a\u00e7\u00f5es 70% dos GMs de cada servi\u00e7o ordin\u00e1rio estar\u00e3o focados na \u201cOpera\u00e7\u00e3o Feira Segura\u201d, nos mais diversos Conjuntos, Bairros e Povoados do munic\u00edpio de Nossa Senhora do Socorro.<\/span><\/p>\n<p>&nbsp;<\/p>\n<p><a href=\"https:\/\/senoticias.com.br\/se\/wp-content\/uploads\/2018\/12\/Logomarca-fone-SE-4-2-1-1-1-1-1.jpg\"><img loading=\"lazy\" decoding=\"async\" class=\"aligncenter wp-image-116350 size-full\" src=\"https:\/\/senoticias.com.br\/se\/wp-content\/uploads\/2018\/12\/Logomarca-fone-SE-4-2-1-1-1-1-1.jpg\" alt=\"\" width=\"599\" height=\"78\" srcset=\"https:\/\/senoticias.com.br\/se\/wp-content\/uploads\/2018\/12\/Logomarca-fone-SE-4-2-1-1-1-1-1.jpg 599w, https:\/\/senoticias.com.br\/se\/wp-content\/uploads\/2018\/12\/Logomarca-fone-SE-4-2-1-1-1-1-1-300x39.jpg 300w\" sizes=\"(max-width: 599px) 100vw, 599px\" \/><\/a><\/p>\n<p><span style=\"color: #000000\">Fonte: Ascom GMS<\/span><\/p>\n","protected":false},"excerpt":{"rendered":"<p>Desde o \u00faltimo final de semana a Guarda Municipal de Nossa Senhora do Socorro (GMS), deu in\u00edcio \u00e0s a\u00e7\u00f5es de intensifica\u00e7\u00e3o dos trabalhos em todas as feiras livres que ocorrem no munic\u00edpio. Desde o domingo, 09, foram escaladas patrulhas fixas e m\u00f3veis para atuar nas feiras dos Conjuntos Jardim, Jo\u00e3o Alves e Parque dos Far\u00f3is. [&hellip;]<\/p>\n","protected":false},"author":6553,"featured_media":0,"comment_status":"closed","ping_status":"closed","sticky":false,"template":"","format":"standard","meta":{"footnotes":""},"categories":[15,7],"tags":[3483,3481,4343,223,2746],"class_list":{"0":"post-116458","1":"post","2":"type-post","3":"status-publish","4":"format-standard","6":"category-destaques","7":"category-policia","8":"tag-feira","9":"tag-gms","10":"tag-seguranca","11":"tag-sergipe","12":"tag-socorro"},"_links":{"self":[{"href":"https:\/\/senoticias.com.br\/se\/wp-json\/wp\/v2\/posts\/116458"}],"collection":[{"href":"https:\/\/senoticias.com.br\/se\/wp-json\/wp\/v2\/posts"}],"about":[{"href":"https:\/\/senoticias.com.br\/se\/wp-json\/wp\/v2\/types\/post"}],"author":[{"embeddable":true,"href":"https:\/\/senoticias.com.br\/se\/wp-json\/wp\/v2\/users\/6553"}],"replies":[{"embeddable":true,"href":"https:\/\/senoticias.com.br\/se\/wp-json\/wp\/v2\/comments?post=116458"}],"version-history":[{"count":0,"href":"https:\/\/senoticias.com.br\/se\/wp-json\/wp\/v2\/posts\/116458\/revisions"}],"wp:attachment":[{"href":"https:\/\/senoticias.com.br\/se\/wp-json\/wp\/v2\/media?parent=116458"}],"wp:term":[{"taxonomy":"category","embeddable":true,"href":"https:\/\/senoticias.com.br\/se\/wp-json\/wp\/v2\/categories?post=116458"},{"taxonomy":"post_tag","embeddable":true,"href":"https:\/\/senoticias.com.br\/se\/wp-json\/wp\/v2\/tags?post=116458"}],"curies":[{"name":"wp","href":"https:\/\/api.w.org\/{rel}","templated":true}]}}