{"id":116429,"date":"2018-12-10T14:58:12","date_gmt":"2018-12-10T17:58:12","guid":{"rendered":"https:\/\/senoticias.com.br\/se\/?p=116429"},"modified":"2018-12-10T15:09:46","modified_gmt":"2018-12-10T18:09:46","slug":"estreia-nacional-do-musical-um-sonho-de-natal-acontece-nessa-sexta-14-no-museu-da-gente-sergipana","status":"publish","type":"post","link":"https:\/\/senoticias.com.br\/se\/estreia-nacional-do-musical-um-sonho-de-natal-acontece-nessa-sexta-14-no-museu-da-gente-sergipana\/","title":{"rendered":"Estreia nacional do Musical \u201c Um sonho de Natal\u201d acontece nessa sexta, 14, no Museu da Gente Sergipana"},"content":{"rendered":"<p style=\"text-align: justify;\">\nQual \u00e9 o verdadeiro sentido do natal? A pergunta que todos os anos todos se fazem e fazem uns aos outros \u00e9 a tem\u00e1tica que norteia o novo musical da Cia das Artes Tet\u00ea Nahas: Um Sonho de Natal. A pe\u00e7a \u00e9 uma livre adapta\u00e7\u00e3o da Cantata \u201c Um Natal Inesquec\u00edvel\u201d de Claire Cloninger e Gary Holds. Na hist\u00f3ria uma fam\u00edlia relembra os momentos que passaram juntos nos natais passados ao passo que se organizam para mais uma festa. \u201cAl\u00e9m de contarem a hist\u00f3ria do nascimento de Jesus, o texto e a m\u00fasica dialogam buscando mostrar a import\u00e2ncia do amor e da uni\u00e3o em fam\u00edlia, que \u00e9 justamente isso que Jesus Cristo pregou\u201d, explica a diretora geral do espet\u00e1culo, a atriz e bailarina Tet\u00ea Nahas. A estreia nacional acontece nesta sexta feira, 14, as 18h00, no Museu da Gente Sergipana.<\/p>\n<div id=\"attachment_116431\" style=\"width: 609px\" class=\"wp-caption aligncenter\"><a href=\"https:\/\/senoticias.com.br\/se\/wp-content\/uploads\/2018\/12\/sonhodeta-e1544464908751.jpg\"><img loading=\"lazy\" decoding=\"async\" aria-describedby=\"caption-attachment-116431\" class=\"size-full wp-image-116431\" src=\"https:\/\/senoticias.com.br\/se\/wp-content\/uploads\/2018\/12\/sonhodeta-e1544464908751.jpg\" alt=\"\" width=\"599\" height=\"799\" \/><\/a><p id=\"caption-attachment-116431\" class=\"wp-caption-text\">Espet\u00e1culo ser\u00e1 aberto ao publico e integra o \u201c Natal da Gente\u201d que ser\u00e1 realizado no estacionamento do museu. (Foto: divulga\u00e7\u00e3o)<\/p><\/div>\n<p><strong>Estrutura Dram\u00e1tica<\/strong><\/p>\n<p style=\"text-align: justify;\">\u201c A encena\u00e7\u00e3o se d\u00e1 atrav\u00e9s de depoimentos intercalados com m\u00fasicas, o pai, a m\u00e3e, a filha e um outro casal da fam\u00edlia que est\u00e3o prestes a ter o primeiro filho, e todas essas a\u00e7\u00f5es se d\u00e3o por meio de di\u00e1logos e coreografias al\u00e9m das can\u00e7\u00f5es. Uma alus\u00e3o a Jesus Cristo, comum nos chamados autos de natal. Trata-se de uma estrutura moderna, com bastante conte\u00fado atualizado mas que culmina naquilo que sempre esse tipo de encena\u00e7\u00e3o se prop\u00f5e: mostrar a import\u00e2ncia dos ensinamentos de Jesus Cristo e t\u00ea-lo al\u00e9m de uma imagem mas no centro da celebra\u00e7\u00e3o\u201d, detalha a diretora do espet\u00e1culo.<\/p>\n<p style=\"text-align: justify;\"><strong>Natal da Gente<\/strong><\/p>\n<p style=\"text-align: justify;\">Logo ap\u00f3s a encena\u00e7\u00e3o, acontecer\u00e3o apresenta\u00e7\u00f5es dos grupos culturais do ciclo natalino do munic\u00edpio de Japaratuba: Guerreiro e Pastoril de Forges. E para finalizar a noite, apresenta\u00e7\u00e3o musical da Orquestra Jovem de Sergipe \u2013 projeto que atende mais de 100 crian\u00e7as e adolescentes do bairro Santa Maria, proporcionando a inicia\u00e7\u00e3o e o aprimoramento musical atrav\u00e9s do encontro com a m\u00fasica cl\u00e1ssica.<\/p>\n<p style=\"text-align: justify;\">Durante todo o evento, acontecer\u00e1 a Feirinha da Gente, onde artes\u00e3os e expositores ir\u00e3o comercializar artigos tradicionais e contempor\u00e2neos, reunindo em um \u00fanico espa\u00e7o a diversificada e talentosa arte sergipana. Esse ano, com a parceria do Instituto de Pesquisas em Tecnologia e Inova\u00e7\u00e3o e da Secretaria de Turismo, o Natal da Gente Sergipana traz tamb\u00e9m a Feira Origine-se, projeto que reuni expositores com cria\u00e7\u00f5es desenvolvidas pela parceria entre designers e artes\u00f5es. Moda, decora\u00e7\u00e3o e artesanato em objetos que trazem na ess\u00eancia os of\u00edcios resistentes ao tempo, elaborados no calor do feito \u00e0 m\u00e3o que conta hist\u00f3rias e guarda mem\u00f3rias.<\/p>\n<p style=\"text-align: justify;\">A programa\u00e7\u00e3o do Natal da Gente Sergipana \u00e9 gratuita e para o p\u00fablico em geral. O Museu da Gente Sergipana Gov. Marcelo D\u00e9da est\u00e1 localizado na Avenida Ivo do Prado, 398, Centro de Aracaju. Para obter mais informa\u00e7\u00f5es entrar em contato atrav\u00e9s do telefone (79) 3218-1551.<\/p>\n<p>&nbsp;<\/p>\n<p><a href=\"https:\/\/senoticias.com.br\/se\/wp-content\/uploads\/2018\/12\/Logomarca-fone-SE-4-2-1-1-1-1-1.jpg\"><img loading=\"lazy\" decoding=\"async\" class=\"aligncenter size-full wp-image-116350\" src=\"https:\/\/senoticias.com.br\/se\/wp-content\/uploads\/2018\/12\/Logomarca-fone-SE-4-2-1-1-1-1-1.jpg\" alt=\"\" width=\"599\" height=\"78\" srcset=\"https:\/\/senoticias.com.br\/se\/wp-content\/uploads\/2018\/12\/Logomarca-fone-SE-4-2-1-1-1-1-1.jpg 599w, https:\/\/senoticias.com.br\/se\/wp-content\/uploads\/2018\/12\/Logomarca-fone-SE-4-2-1-1-1-1-1-300x39.jpg 300w\" sizes=\"(max-width: 599px) 100vw, 599px\" \/><\/a><\/p>\n<p>&nbsp;<\/p>\n<p><em><strong>Acompanhe tamb\u00e9m o SE Not\u00edcias no\u00a0<a href=\"https:\/\/twitter.com\/Senoticias\" target=\"_blank\" rel=\"noopener\">Twitter<\/a>,\u00a0<a href=\"https:\/\/www.facebook.com\/senoticias1\" target=\"_blank\" rel=\"noopener\">Facebook<\/a>\u00a0e no\u00a0<a href=\"https:\/\/www.instagram.com\/senoticias\/\" target=\"_blank\" rel=\"noopener\">Instagram<\/a>\u00a0<\/strong><\/em><\/p>\n<p><em>Da Assessoria de Imprensa<\/em><\/p>\n","protected":false},"excerpt":{"rendered":"<p>Qual \u00e9 o verdadeiro sentido do natal? A pergunta que todos os anos todos se fazem e fazem uns aos outros \u00e9 a tem\u00e1tica que norteia o novo musical da Cia das Artes Tet\u00ea Nahas: Um Sonho de Natal. A pe\u00e7a \u00e9 uma livre adapta\u00e7\u00e3o da Cantata \u201c Um Natal Inesquec\u00edvel\u201d de Claire Cloninger e [&hellip;]<\/p>\n","protected":false},"author":6552,"featured_media":116431,"comment_status":"closed","ping_status":"closed","sticky":false,"template":"","format":"standard","meta":{"footnotes":""},"categories":[21],"tags":[11235],"class_list":{"0":"post-116429","1":"post","2":"type-post","3":"status-publish","4":"format-standard","5":"has-post-thumbnail","7":"category-entretenimento","8":"tag-cia-das-artes-tete-nahas"},"_links":{"self":[{"href":"https:\/\/senoticias.com.br\/se\/wp-json\/wp\/v2\/posts\/116429"}],"collection":[{"href":"https:\/\/senoticias.com.br\/se\/wp-json\/wp\/v2\/posts"}],"about":[{"href":"https:\/\/senoticias.com.br\/se\/wp-json\/wp\/v2\/types\/post"}],"author":[{"embeddable":true,"href":"https:\/\/senoticias.com.br\/se\/wp-json\/wp\/v2\/users\/6552"}],"replies":[{"embeddable":true,"href":"https:\/\/senoticias.com.br\/se\/wp-json\/wp\/v2\/comments?post=116429"}],"version-history":[{"count":0,"href":"https:\/\/senoticias.com.br\/se\/wp-json\/wp\/v2\/posts\/116429\/revisions"}],"wp:featuredmedia":[{"embeddable":true,"href":"https:\/\/senoticias.com.br\/se\/wp-json\/wp\/v2\/media\/116431"}],"wp:attachment":[{"href":"https:\/\/senoticias.com.br\/se\/wp-json\/wp\/v2\/media?parent=116429"}],"wp:term":[{"taxonomy":"category","embeddable":true,"href":"https:\/\/senoticias.com.br\/se\/wp-json\/wp\/v2\/categories?post=116429"},{"taxonomy":"post_tag","embeddable":true,"href":"https:\/\/senoticias.com.br\/se\/wp-json\/wp\/v2\/tags?post=116429"}],"curies":[{"name":"wp","href":"https:\/\/api.w.org\/{rel}","templated":true}]}}