{"id":116413,"date":"2018-12-07T14:02:38","date_gmt":"2018-12-07T17:02:38","guid":{"rendered":"https:\/\/senoticias.com.br\/se\/?p=116413"},"modified":"2018-12-07T14:02:38","modified_gmt":"2018-12-07T17:02:38","slug":"bolsonaro-cancela-viagem-ao-interior-de-sao-paulo","status":"publish","type":"post","link":"https:\/\/senoticias.com.br\/se\/bolsonaro-cancela-viagem-ao-interior-de-sao-paulo\/","title":{"rendered":"Bolsonaro cancela viagem ao interior de S\u00e3o Paulo"},"content":{"rendered":"<p>O presidente eleito, Jair Bolsonaro, cancelou a viagem que faria nesta sexta-feira (7) para a cidade de Pirassununga, interior paulista, onde acompanharia uma cerim\u00f4nia na Academia da For\u00e7a A\u00e9rea.<\/p>\n<p>No Twitter, o presidente eleito disse que o cancelamento se deu em raz\u00e3o da rotina extensa e das poucas horas de sono. Bolsonaro informou que a decis\u00e3o foi tomada em parceira com a equipe m\u00e9dica. Bolsonaro, hoje, vai repousar.<\/p>\n<div id=\"attachment_115794\" style=\"width: 609px\" class=\"wp-caption aligncenter\"><a href=\"https:\/\/senoticias.com.br\/se\/wp-content\/uploads\/2018\/10\/brasil-eleicoes-jair-politica-jair-bolsonaro-20181020-0002-copy-e1540457076191.jpg\"><img loading=\"lazy\" decoding=\"async\" aria-describedby=\"caption-attachment-115794\" class=\"wp-image-115794 size-full\" src=\"https:\/\/senoticias.com.br\/se\/wp-content\/uploads\/2018\/10\/brasil-eleicoes-jair-politica-jair-bolsonaro-20181020-0002-copy-e1540457076191.jpg\" alt=\"\" width=\"599\" height=\"399\" \/><\/a><p id=\"caption-attachment-115794\" class=\"wp-caption-text\">O presidente eleito Jair Bolsonaro (PSL). (T\u00e2nia R\u00eago\/Ag\u00eancia Brasil)<\/p><\/div>\n<p>De acordo com a assessoria de Bolsonaro, ele viajou de Bras\u00edlia para o Rio de Janeiro e a agenda de compromissos para este s\u00e1bado (8) est\u00e1 mantida. O presidente eleito participar\u00e1 de evento na Marinha.<\/p>\n<p>Por uma rede social, o presidente eleito lamentou sua aus\u00eancia e parabenizou os militares. \u201cCumprimento os formandos e suas respectivas fam\u00edlias e lhes desejo continuados \u00eaxitos e novas conquistas! Brasil acima de tudo; Deus acima de todos!\u201d, disse.<\/p>\n<p>&nbsp;<\/p>\n<p><a href=\"https:\/\/senoticias.com.br\/se\/wp-content\/uploads\/2018\/12\/Logomarca-fone-SE-4-2-1-1-1-1-1.jpg\"><img loading=\"lazy\" decoding=\"async\" class=\"aligncenter wp-image-116350 size-full\" src=\"https:\/\/senoticias.com.br\/se\/wp-content\/uploads\/2018\/12\/Logomarca-fone-SE-4-2-1-1-1-1-1.jpg\" alt=\"\" width=\"599\" height=\"78\" srcset=\"https:\/\/senoticias.com.br\/se\/wp-content\/uploads\/2018\/12\/Logomarca-fone-SE-4-2-1-1-1-1-1.jpg 599w, https:\/\/senoticias.com.br\/se\/wp-content\/uploads\/2018\/12\/Logomarca-fone-SE-4-2-1-1-1-1-1-300x39.jpg 300w\" sizes=\"(max-width: 599px) 100vw, 599px\" \/><\/a><\/p>\n<p>Da Ag\u00eancia Brasil<\/p>\n","protected":false},"excerpt":{"rendered":"<p>O presidente eleito, Jair Bolsonaro, cancelou a viagem que faria nesta sexta-feira (7) para a cidade de Pirassununga, interior paulista, onde acompanharia uma cerim\u00f4nia na Academia da For\u00e7a A\u00e9rea. No Twitter, o presidente eleito disse que o cancelamento se deu em raz\u00e3o da rotina extensa e das poucas horas de sono. Bolsonaro informou que a [&hellip;]<\/p>\n","protected":false},"author":6553,"featured_media":0,"comment_status":"closed","ping_status":"closed","sticky":false,"template":"","format":"standard","meta":{"footnotes":""},"categories":[15,2961],"tags":[3272,2168,1260,223,7694],"class_list":{"0":"post-116413","1":"post","2":"type-post","3":"status-publish","4":"format-standard","6":"category-destaques","7":"category-nacional","8":"tag-bolsonaro","9":"tag-politica","10":"tag-sao-paulo","11":"tag-sergipe","12":"tag-viagem"},"_links":{"self":[{"href":"https:\/\/senoticias.com.br\/se\/wp-json\/wp\/v2\/posts\/116413"}],"collection":[{"href":"https:\/\/senoticias.com.br\/se\/wp-json\/wp\/v2\/posts"}],"about":[{"href":"https:\/\/senoticias.com.br\/se\/wp-json\/wp\/v2\/types\/post"}],"author":[{"embeddable":true,"href":"https:\/\/senoticias.com.br\/se\/wp-json\/wp\/v2\/users\/6553"}],"replies":[{"embeddable":true,"href":"https:\/\/senoticias.com.br\/se\/wp-json\/wp\/v2\/comments?post=116413"}],"version-history":[{"count":0,"href":"https:\/\/senoticias.com.br\/se\/wp-json\/wp\/v2\/posts\/116413\/revisions"}],"wp:attachment":[{"href":"https:\/\/senoticias.com.br\/se\/wp-json\/wp\/v2\/media?parent=116413"}],"wp:term":[{"taxonomy":"category","embeddable":true,"href":"https:\/\/senoticias.com.br\/se\/wp-json\/wp\/v2\/categories?post=116413"},{"taxonomy":"post_tag","embeddable":true,"href":"https:\/\/senoticias.com.br\/se\/wp-json\/wp\/v2\/tags?post=116413"}],"curies":[{"name":"wp","href":"https:\/\/api.w.org\/{rel}","templated":true}]}}