{"id":116359,"date":"2018-12-03T15:02:57","date_gmt":"2018-12-03T18:02:57","guid":{"rendered":"https:\/\/senoticias.com.br\/se\/?p=116359"},"modified":"2018-12-03T15:02:57","modified_gmt":"2018-12-03T18:02:57","slug":"bandeira-tarifaria-de-dezembro-sera-verde-anuncia-aneel","status":"publish","type":"post","link":"https:\/\/senoticias.com.br\/se\/bandeira-tarifaria-de-dezembro-sera-verde-anuncia-aneel\/","title":{"rendered":"Bandeira tarif\u00e1ria de dezembro ser\u00e1 verde, anuncia Aneel"},"content":{"rendered":"<p><span style=\"color: #000000\">A Ag\u00eancia Nacional de Energia El\u00e9trica (Aneel) anunciou que a bandeira tarif\u00e1ria de dezembro ser\u00e1 verde, o que significa que n\u00e3o haver\u00e1 cobran\u00e7a extra na conta de luz esse m\u00eas.<\/span><\/p>\n<p><span style=\"color: #000000\">Segundo a Aneel, \u201capesar de os reservat\u00f3rios ainda apresentarem n\u00edveis reduzidos, a expectativa \u00e9 a que a esta\u00e7\u00e3o chuvosa continue promovendo eleva\u00e7\u00e3o do n\u00edvel de produ\u00e7\u00e3o de energia pelas usinas hidrel\u00e9tricas\u201d.<\/span><\/p>\n<div id=\"attachment_74307\" style=\"width: 606px\" class=\"wp-caption aligncenter\"><a href=\"https:\/\/senoticias.com.br\/se\/wp-content\/uploads\/2014\/12\/1406842946881-energia-520x245-e1451912730829.jpg\"><img loading=\"lazy\" decoding=\"async\" aria-describedby=\"caption-attachment-74307\" class=\"wp-image-74307 size-full\" src=\"https:\/\/senoticias.com.br\/se\/wp-content\/uploads\/2014\/12\/1406842946881-energia-520x245-e1451912730829.jpg\" alt=\"\" width=\"596\" height=\"281\" \/><\/a><p id=\"caption-attachment-74307\" class=\"wp-caption-text\">(Foto: Reprodu\u00e7\u00e3o )<\/p><\/div>\n<p><span style=\"color: #000000\">Em novembro a bandeira foi amarela, com cobran\u00e7a extra de R$ 1 a cada 100 quilowatts-hora (kWh) consumidos.<\/span><\/p>\n<p><span style=\"color: #000000\">Nos cinco meses anteriores, a bandeira tarif\u00e1ria havia ficado no patamar 2 da bandeira vermelha, o mais alto. Com a bandeira vermelha no patamar 2 a cobran\u00e7a extra na conta de luz era de R$ 5 a cada 100 kWh.<\/span><\/p>\n<p><span style=\"color: #000000\">Criado pela Aneel, o sistema de bandeiras tarif\u00e1rias sinaliza o custo da energia gerada, possibilitando aos consumidores reduzir o consumo quando a energia est\u00e1 mais cara.<\/span><\/p>\n<p><span style=\"color: #000000\">O funcionamento das bandeiras tarif\u00e1rias \u00e9 simples: as cores verde, amarela ou vermelha (nos patamares 1 e 2) indicam se a energia custar\u00e1 mais ou menos em fun\u00e7\u00e3o das condi\u00e7\u00f5es de gera\u00e7\u00e3o.<\/span><\/p>\n<p>&nbsp;<\/p>\n<p><a href=\"https:\/\/senoticias.com.br\/se\/wp-content\/uploads\/2018\/12\/Logomarca-fone-SE-4-2-1-1-1-1-1.jpg\"><img loading=\"lazy\" decoding=\"async\" class=\"aligncenter wp-image-116350 size-full\" src=\"https:\/\/senoticias.com.br\/se\/wp-content\/uploads\/2018\/12\/Logomarca-fone-SE-4-2-1-1-1-1-1.jpg\" alt=\"\" width=\"599\" height=\"78\" srcset=\"https:\/\/senoticias.com.br\/se\/wp-content\/uploads\/2018\/12\/Logomarca-fone-SE-4-2-1-1-1-1-1.jpg 599w, https:\/\/senoticias.com.br\/se\/wp-content\/uploads\/2018\/12\/Logomarca-fone-SE-4-2-1-1-1-1-1-300x39.jpg 300w\" sizes=\"(max-width: 599px) 100vw, 599px\" \/><\/a><\/p>\n<p>Do G1<\/p>\n","protected":false},"excerpt":{"rendered":"<p>A Ag\u00eancia Nacional de Energia El\u00e9trica (Aneel) anunciou que a bandeira tarif\u00e1ria de dezembro ser\u00e1 verde, o que significa que n\u00e3o haver\u00e1 cobran\u00e7a extra na conta de luz esse m\u00eas. Segundo a Aneel, \u201capesar de os reservat\u00f3rios ainda apresentarem n\u00edveis reduzidos, a expectativa \u00e9 a que a esta\u00e7\u00e3o chuvosa continue promovendo eleva\u00e7\u00e3o do n\u00edvel de [&hellip;]<\/p>\n","protected":false},"author":6553,"featured_media":0,"comment_status":"closed","ping_status":"closed","sticky":false,"template":"","format":"standard","meta":{"footnotes":""},"categories":[15,2961],"tags":[5452,4470,607,3111,11217],"class_list":{"0":"post-116359","1":"post","2":"type-post","3":"status-publish","4":"format-standard","6":"category-destaques","7":"category-nacional","8":"tag-bandeira","9":"tag-dezembro","10":"tag-energia","11":"tag-tarifa","12":"tag-verde"},"_links":{"self":[{"href":"https:\/\/senoticias.com.br\/se\/wp-json\/wp\/v2\/posts\/116359"}],"collection":[{"href":"https:\/\/senoticias.com.br\/se\/wp-json\/wp\/v2\/posts"}],"about":[{"href":"https:\/\/senoticias.com.br\/se\/wp-json\/wp\/v2\/types\/post"}],"author":[{"embeddable":true,"href":"https:\/\/senoticias.com.br\/se\/wp-json\/wp\/v2\/users\/6553"}],"replies":[{"embeddable":true,"href":"https:\/\/senoticias.com.br\/se\/wp-json\/wp\/v2\/comments?post=116359"}],"version-history":[{"count":0,"href":"https:\/\/senoticias.com.br\/se\/wp-json\/wp\/v2\/posts\/116359\/revisions"}],"wp:attachment":[{"href":"https:\/\/senoticias.com.br\/se\/wp-json\/wp\/v2\/media?parent=116359"}],"wp:term":[{"taxonomy":"category","embeddable":true,"href":"https:\/\/senoticias.com.br\/se\/wp-json\/wp\/v2\/categories?post=116359"},{"taxonomy":"post_tag","embeddable":true,"href":"https:\/\/senoticias.com.br\/se\/wp-json\/wp\/v2\/tags?post=116359"}],"curies":[{"name":"wp","href":"https:\/\/api.w.org\/{rel}","templated":true}]}}