{"id":116355,"date":"2018-12-03T14:54:13","date_gmt":"2018-12-03T17:54:13","guid":{"rendered":"https:\/\/senoticias.com.br\/se\/?p=116355"},"modified":"2018-12-03T14:54:13","modified_gmt":"2018-12-03T17:54:13","slug":"governadores-do-norte-e-nordeste-vao-a-brasilia-para-garantir-verbas","status":"publish","type":"post","link":"https:\/\/senoticias.com.br\/se\/governadores-do-norte-e-nordeste-vao-a-brasilia-para-garantir-verbas\/","title":{"rendered":"Governadores do Norte e Nordeste v\u00e3o a Bras\u00edlia para garantir verbas"},"content":{"rendered":"<p><span style=\"color: #000000\">Os governadores do Norte e Nordeste desembarcar\u00e3o nesta ter\u00e7a-feira (4), em Bras\u00edlia, para acompanhar de perto as vota\u00e7\u00f5es sobre securitiza\u00e7\u00e3o da d\u00edvida ativa e a regula\u00e7\u00e3o da cess\u00e3o onerosa de g\u00e1s e petr\u00f3leo.<\/span><\/p>\n<p><span style=\"color: #000000\">Eles tamb\u00e9m pretendem ter uma reuni\u00e3o com o ministro Ricardo Lewandowski, do Supremo Tribunal Federal (STF), para conversar sobre os fundos partid\u00e1rios dos estados e munic\u00edpios.<\/span><\/p>\n<div id=\"attachment_116356\" style=\"width: 609px\" class=\"wp-caption aligncenter\"><a href=\"https:\/\/senoticias.com.br\/se\/wp-content\/uploads\/2018\/12\/predio_congresso_nacional.jpg\"><img loading=\"lazy\" decoding=\"async\" aria-describedby=\"caption-attachment-116356\" class=\"wp-image-116356 size-full\" src=\"https:\/\/senoticias.com.br\/se\/wp-content\/uploads\/2018\/12\/predio_congresso_nacional-e1543859589511.jpg\" alt=\"\" width=\"599\" height=\"392\" \/><\/a><p id=\"caption-attachment-116356\" class=\"wp-caption-text\">Governadores do Norte e Nordeste ir\u00e3o ao Congresso Nacional acompanhar vota\u00e7\u00f5es sobre securitiza\u00e7\u00e3o da d\u00edvida ativa e a regula\u00e7\u00e3o da cess\u00e3o onerosa de g\u00e1s e petr\u00f3leo (Valter Campanato\/Ag\u00eancia Brasil)<\/p><\/div>\n<p><span style=\"color: #000000\">Antes, \u00e0s 10h, os governadores se reunir\u00e3o, na representa\u00e7\u00e3o do Cear\u00e1, na capital federal. A informa\u00e7\u00e3o foi confirmada, via assessoria do governador do Piau\u00ed, Wellington Dias (PT), que \u00e9 o coordenador do grupo do Nordeste. Todos os temas se referem \u00e0 partilha de recursos da Uni\u00e3o com estados e munic\u00edpios.<\/span><\/p>\n<p><span style=\"color: #000000\">&#8220;A Uni\u00e3o precisa parar com esta concentra\u00e7\u00e3o permanente de receita e quebra do pacto federativo. Na \u00faltima semana foram aprovadas urg\u00eancias e avan\u00e7amos nos entendimentos e agora vamos cuidar de, por acordo, viabilizar a vota\u00e7\u00e3o. Se a Uni\u00e3o precisa de receitas, imagine quem est\u00e1 l\u00e1 na ponta cuidando das demandas do povo&#8221;, disse Wellington Dias, em nota divulgada pela assessoria.<\/span><\/p>\n<p><strong><span style=\"color: #000000\">Projetos<\/span><\/strong><br \/>\n<span style=\"color: #000000\">Na C\u00e2mara, eles v\u00e3o acompanhar a vota\u00e7\u00e3o do Projeto de Lei Complementar (PLP 459) que trata da securitiza\u00e7\u00e3o da d\u00edvida ativa.<\/span><\/p>\n<p><span style=\"color: #000000\">O texto autoriza a Uni\u00e3o, os estados, o Distrito Federal e os munic\u00edpios a cederem, com \u00f4nus, os direitos originados de cr\u00e9ditos tribut\u00e1rios e n\u00e3o tribut\u00e1rios, inclusive inscritos em d\u00edvida ativa.<\/span><\/p>\n<p><span style=\"color: #000000\">No comunicado, a assessoria do governador do Piau\u00ed informa que o projeto \u201cestabelece uma forma moderna de combater a sonega\u00e7\u00e3o e gera receitas para d\u00e9ficit da previd\u00eancia e investimentos\u201d. Segundo o texto, o projeto conta com interesse dos estados, munic\u00edpios e a Uni\u00e3o.<\/span><\/p>\n<p><strong><span style=\"color: #000000\">G\u00e1s e petr\u00f3leo<\/span><\/strong><br \/>\n<span style=\"color: #000000\">Outro tema que interessa aos governadores \u00e9 Projeto de Lei Complementar (PLP 10.985) que trata da regula\u00e7\u00e3o da cess\u00e3o onerosa de g\u00e1s e petr\u00f3leo.<\/span><\/p>\n<p><span style=\"color: #000000\">A cess\u00e3o onerosa trata de um contrato firmado em 2010, em que o governo cedeu uma parte da \u00e1rea do pr\u00e9-sal para a Petrobras, que teve o direito de explorar 5 bilh\u00f5es de barris de petr\u00f3leo. Com a descoberta de volume maior de petr\u00f3leo na \u00e1rea, o governo ir\u00e1 vender o excedente da \u00e1rea.<\/span><\/p>\n<p><span style=\"color: #000000\">No Senado, a prioridade dos governadores \u00e9 acompanhar a vota\u00e7\u00e3o do projeto que trata do b\u00f4nus de assinatura, complemento da cess\u00e3o onerosa de g\u00e1s e petr\u00f3leo. O objetivo \u00e9 a participa\u00e7\u00e3o dos estados e munic\u00edpios na receita com pagamento do b\u00f4nus de assinatura ap\u00f3s os leil\u00f5es.<\/span><\/p>\n<p><span style=\"color: #000000\">&#8220;S\u00e3o projetos maduros e governadores, de diferentes partidos e regi\u00f5es do pa\u00eds, e prefeitos, unidos, queremos apenas que seja cumprida a regra da Constitui\u00e7\u00e3o Federal de partilha destas receitas&#8221;, informa o comunicado, divulgado pela assessoria do governador do Piau\u00ed.<\/span><\/p>\n<p><strong><span style=\"color: #000000\">Supremo<\/span><\/strong><br \/>\n<span style=\"color: #000000\">Os governadores tamb\u00e9m dever\u00e3o se reunir com o ministro Ricardo Lewandowski, relator de tr\u00eas a\u00e7\u00f5es no Supremo Tribunal Federal (STF) sobre os fundos de participa\u00e7\u00e3o dos munic\u00edpios e dos estados. J\u00e1 houve audi\u00eancia de concilia\u00e7\u00e3o e foi concedido prazo de 15 dias para governo federal abrir informa\u00e7\u00f5es sobre as receitas partilhadas com estados e munic\u00edpios.<\/span><\/p>\n<p><span style=\"color: #000000\">Wellington Dias disse, no comunicado divulgado pela assessoria, que a expectativa \u00e9 que ocorra o julgamento no STF.<\/span><\/p>\n<p>&nbsp;<\/p>\n<p><a href=\"https:\/\/senoticias.com.br\/se\/wp-content\/uploads\/2018\/12\/Logomarca-fone-SE-4-2-1-1-1-1-1.jpg\"><img loading=\"lazy\" decoding=\"async\" class=\"aligncenter wp-image-116350 size-full\" src=\"https:\/\/senoticias.com.br\/se\/wp-content\/uploads\/2018\/12\/Logomarca-fone-SE-4-2-1-1-1-1-1.jpg\" alt=\"\" width=\"599\" height=\"78\" srcset=\"https:\/\/senoticias.com.br\/se\/wp-content\/uploads\/2018\/12\/Logomarca-fone-SE-4-2-1-1-1-1-1.jpg 599w, https:\/\/senoticias.com.br\/se\/wp-content\/uploads\/2018\/12\/Logomarca-fone-SE-4-2-1-1-1-1-1-300x39.jpg 300w\" sizes=\"(max-width: 599px) 100vw, 599px\" \/><\/a><\/p>\n<p>Da Ag\u00eancia Brasil<\/p>\n","protected":false},"excerpt":{"rendered":"<p>Os governadores do Norte e Nordeste desembarcar\u00e3o nesta ter\u00e7a-feira (4), em Bras\u00edlia, para acompanhar de perto as vota\u00e7\u00f5es sobre securitiza\u00e7\u00e3o da d\u00edvida ativa e a regula\u00e7\u00e3o da cess\u00e3o onerosa de g\u00e1s e petr\u00f3leo. Eles tamb\u00e9m pretendem ter uma reuni\u00e3o com o ministro Ricardo Lewandowski, do Supremo Tribunal Federal (STF), para conversar sobre os fundos partid\u00e1rios [&hellip;]<\/p>\n","protected":false},"author":6553,"featured_media":0,"comment_status":"closed","ping_status":"closed","sticky":false,"template":"","format":"standard","meta":{"footnotes":""},"categories":[15,2961],"tags":[3272,370,1952,2965,779,3748,9033],"class_list":{"0":"post-116355","1":"post","2":"type-post","3":"status-publish","4":"format-standard","6":"category-destaques","7":"category-nacional","8":"tag-bolsonaro","9":"tag-brasil","10":"tag-brasilia","11":"tag-congresso","12":"tag-governadores","13":"tag-nordeste","14":"tag-norte"},"_links":{"self":[{"href":"https:\/\/senoticias.com.br\/se\/wp-json\/wp\/v2\/posts\/116355"}],"collection":[{"href":"https:\/\/senoticias.com.br\/se\/wp-json\/wp\/v2\/posts"}],"about":[{"href":"https:\/\/senoticias.com.br\/se\/wp-json\/wp\/v2\/types\/post"}],"author":[{"embeddable":true,"href":"https:\/\/senoticias.com.br\/se\/wp-json\/wp\/v2\/users\/6553"}],"replies":[{"embeddable":true,"href":"https:\/\/senoticias.com.br\/se\/wp-json\/wp\/v2\/comments?post=116355"}],"version-history":[{"count":0,"href":"https:\/\/senoticias.com.br\/se\/wp-json\/wp\/v2\/posts\/116355\/revisions"}],"wp:attachment":[{"href":"https:\/\/senoticias.com.br\/se\/wp-json\/wp\/v2\/media?parent=116355"}],"wp:term":[{"taxonomy":"category","embeddable":true,"href":"https:\/\/senoticias.com.br\/se\/wp-json\/wp\/v2\/categories?post=116355"},{"taxonomy":"post_tag","embeddable":true,"href":"https:\/\/senoticias.com.br\/se\/wp-json\/wp\/v2\/tags?post=116355"}],"curies":[{"name":"wp","href":"https:\/\/api.w.org\/{rel}","templated":true}]}}