{"id":116354,"date":"2018-12-03T14:50:05","date_gmt":"2018-12-03T17:50:05","guid":{"rendered":"https:\/\/senoticias.com.br\/se\/?p=116354"},"modified":"2018-12-03T14:50:05","modified_gmt":"2018-12-03T17:50:05","slug":"fundat-anuncia-vaga-de-emprego-para-digitador","status":"publish","type":"post","link":"https:\/\/senoticias.com.br\/se\/fundat-anuncia-vaga-de-emprego-para-digitador\/","title":{"rendered":"Fundat anuncia vaga de emprego para digitador"},"content":{"rendered":"<p><span style=\"color: #000000\">A Funda\u00e7\u00e3o Municipal de Forma\u00e7\u00e3o para o Trabalho (Fundat), por meio da Ag\u00eancia do Trabalhador, setor respons\u00e1vel pelo encaminhamento de m\u00e3o de obra qualificada ao mercado de trabalho, informa que est\u00e1 oportunidade de emprego para a fun\u00e7\u00e3o de digitador (a).<\/span><\/p>\n<div id=\"attachment_115021\" style=\"width: 609px\" class=\"wp-caption aligncenter\"><a href=\"https:\/\/senoticias.com.br\/se\/wp-content\/uploads\/2018\/09\/fundat-aracaju-e1536001195692.jpg\"><img loading=\"lazy\" decoding=\"async\" aria-describedby=\"caption-attachment-115021\" class=\"wp-image-115021 size-full\" src=\"https:\/\/senoticias.com.br\/se\/wp-content\/uploads\/2018\/09\/fundat-aracaju-e1536001195692.jpg\" alt=\"\" width=\"599\" height=\"308\" \/><\/a><p id=\"caption-attachment-115021\" class=\"wp-caption-text\">Arte: Fundat<\/p><\/div>\n<p><span style=\"color: #000000\">Para participar do processo seletivo, \u00e9 necess\u00e1rio possuir o ensino m\u00e9dio completo e experi\u00eancia comprovada em digita\u00e7\u00e3o de laudo cl\u00ednico. Al\u00e9m disso, os interessados devem comparecer \u00e0 sede da Fundat, at\u00e9 a pr\u00f3xima quinta-feira, dia 6. A sede da Fundat est\u00e1 localizada na rua Pacatuba, 104, Centro, e o hor\u00e1rio de funcionamento \u00e9 de segunda a sexta, das 07h30 \u00e0s 17h.<\/span><\/p>\n<p>&nbsp;<\/p>\n<p><a href=\"https:\/\/senoticias.com.br\/se\/wp-content\/uploads\/2018\/12\/Logomarca-fone-SE-4-2-1-1-1-1-1.jpg\"><img loading=\"lazy\" decoding=\"async\" class=\"aligncenter wp-image-116350 size-full\" src=\"https:\/\/senoticias.com.br\/se\/wp-content\/uploads\/2018\/12\/Logomarca-fone-SE-4-2-1-1-1-1-1.jpg\" alt=\"\" width=\"599\" height=\"78\" srcset=\"https:\/\/senoticias.com.br\/se\/wp-content\/uploads\/2018\/12\/Logomarca-fone-SE-4-2-1-1-1-1-1.jpg 599w, https:\/\/senoticias.com.br\/se\/wp-content\/uploads\/2018\/12\/Logomarca-fone-SE-4-2-1-1-1-1-1-300x39.jpg 300w\" sizes=\"(max-width: 599px) 100vw, 599px\" \/><\/a><\/p>\n<p>Da Ag\u00eancia Aracaju de Not\u00edcias<\/p>\n","protected":false},"excerpt":{"rendered":"<p>A Funda\u00e7\u00e3o Municipal de Forma\u00e7\u00e3o para o Trabalho (Fundat), por meio da Ag\u00eancia do Trabalhador, setor respons\u00e1vel pelo encaminhamento de m\u00e3o de obra qualificada ao mercado de trabalho, informa que est\u00e1 oportunidade de emprego para a fun\u00e7\u00e3o de digitador (a). Para participar do processo seletivo, \u00e9 necess\u00e1rio possuir o ensino m\u00e9dio completo e experi\u00eancia comprovada [&hellip;]<\/p>\n","protected":false},"author":6553,"featured_media":0,"comment_status":"closed","ping_status":"closed","sticky":false,"template":"","format":"standard","meta":{"footnotes":""},"categories":[15,10],"tags":[339,11216,54,223,3028],"class_list":{"0":"post-116354","1":"post","2":"type-post","3":"status-publish","4":"format-standard","6":"category-destaques","7":"category-empregos","8":"tag-aracaju","9":"tag-digitador","10":"tag-empregos-2","11":"tag-sergipe","12":"tag-vagas"},"_links":{"self":[{"href":"https:\/\/senoticias.com.br\/se\/wp-json\/wp\/v2\/posts\/116354"}],"collection":[{"href":"https:\/\/senoticias.com.br\/se\/wp-json\/wp\/v2\/posts"}],"about":[{"href":"https:\/\/senoticias.com.br\/se\/wp-json\/wp\/v2\/types\/post"}],"author":[{"embeddable":true,"href":"https:\/\/senoticias.com.br\/se\/wp-json\/wp\/v2\/users\/6553"}],"replies":[{"embeddable":true,"href":"https:\/\/senoticias.com.br\/se\/wp-json\/wp\/v2\/comments?post=116354"}],"version-history":[{"count":0,"href":"https:\/\/senoticias.com.br\/se\/wp-json\/wp\/v2\/posts\/116354\/revisions"}],"wp:attachment":[{"href":"https:\/\/senoticias.com.br\/se\/wp-json\/wp\/v2\/media?parent=116354"}],"wp:term":[{"taxonomy":"category","embeddable":true,"href":"https:\/\/senoticias.com.br\/se\/wp-json\/wp\/v2\/categories?post=116354"},{"taxonomy":"post_tag","embeddable":true,"href":"https:\/\/senoticias.com.br\/se\/wp-json\/wp\/v2\/tags?post=116354"}],"curies":[{"name":"wp","href":"https:\/\/api.w.org\/{rel}","templated":true}]}}