{"id":116320,"date":"2018-11-30T14:12:37","date_gmt":"2018-11-30T17:12:37","guid":{"rendered":"https:\/\/senoticias.com.br\/se\/?p=116320"},"modified":"2018-11-30T14:12:37","modified_gmt":"2018-11-30T17:12:37","slug":"novos-semaforos-da-avenida-adelia-franco-comecam-a-funcionar-na-proxima-segunda-3-2","status":"publish","type":"post","link":"https:\/\/senoticias.com.br\/se\/novos-semaforos-da-avenida-adelia-franco-comecam-a-funcionar-na-proxima-segunda-3-2\/","title":{"rendered":"Novos sem\u00e1foros da avenida Ad\u00e9lia Franco come\u00e7am a funcionar na pr\u00f3xima segunda, 3"},"content":{"rendered":"<p style=\"text-align: justify;\">A Superintend\u00eancia Municipal de Transportes e Tr\u00e2nsito de Aracaju (SMTT) inicia na pr\u00f3xima segunda-feira, 3, \u00e0s 9h da manh\u00e3, a opera\u00e7\u00e3o dos sem\u00e1foros do cruzamento da avenida Ad\u00e9lia Franco com a rua Humberto Porto D\u00f3ria, no bairro Luzia. Agentes de tr\u00e2nsito estar\u00e3o no local monitorando o fluxo de ve\u00edculos e orientando os condutores durante o per\u00edodo de adapta\u00e7\u00e3o.<\/p>\n<div id=\"attachment_116321\" style=\"width: 609px\" class=\"wp-caption aligncenter\"><a href=\"https:\/\/senoticias.com.br\/se\/wp-content\/uploads\/2018\/11\/Semaforo-Adelia-e1543597732380.jpg\"><img loading=\"lazy\" decoding=\"async\" aria-describedby=\"caption-attachment-116321\" class=\"size-full wp-image-116321\" src=\"https:\/\/senoticias.com.br\/se\/wp-content\/uploads\/2018\/11\/Semaforo-Adelia-e1543597732380.jpg\" alt=\"\" width=\"599\" height=\"479\" \/><\/a><p id=\"caption-attachment-116321\" class=\"wp-caption-text\">Novos sem\u00e1foros da avenida Ad\u00e9lia Franco come\u00e7am a funcionar na pr\u00f3xima segunda-feira. (Foto: ascom\/SMTT)<\/p><\/div>\n<p style=\"text-align: justify;\">Com a implanta\u00e7\u00e3o da nova sinaliza\u00e7\u00e3o, o acesso dos moradores do conjunto M\u00e9dici ao Centro da cidade ser\u00e1 mais f\u00e1cil, melhorando tamb\u00e9m a fluidez do tr\u00e2nsito, j\u00e1 que haver\u00e1 a distribui\u00e7\u00e3o adequada dos tempos destinados a cada movimento e organiza\u00e7\u00e3o da travessia dos pedestres.<\/p>\n<p style=\"text-align: justify;\">O coordenador de Sinaliza\u00e7\u00e3o da SMTT, Diego Carvalho, explica a necessidade do novo cruzamento. \u201cOs condutores ter\u00e3o mais uma op\u00e7\u00e3o de acesso \u00e0 regi\u00e3o Central sem precisar retornar no Viaduto do DIA, e a popula\u00e7\u00e3o ter\u00e1 mais facilidade em atravessar durante o sinal vermelho para ve\u00edculos\u201d, disse.<\/p>\n<p style=\"text-align: justify;\">J\u00e1 o diretor de Tr\u00e2nsito da SMTT, Thiago Alc\u00e2ntara, frisa que a sinaliza\u00e7\u00e3o e o novo cruzamento no local atendem tamb\u00e9m a uma demanda da popula\u00e7\u00e3o. \u201cEstamos pensando na mobilidade urbana e atendendo a um pedido antigo dos moradores da regi\u00e3o. Eles reclamavam das poucas op\u00e7\u00f5es de acesso ao Centro e da dificuldade para atravessar\u201d, explica.<\/p>\n<p>&nbsp;<\/p>\n<p><em><strong>Acompanhe o SE Not\u00edcias no<\/strong><span class=\"apple-converted-space\"><b>\u00a0<\/b><\/span><a href=\"https:\/\/twitter.com\/Senoticias\" target=\"_blank\" rel=\"noopener\"><b>Twitter<\/b><\/a><strong>,<\/strong><span class=\"apple-converted-space\"><b>\u00a0<\/b><\/span><a href=\"https:\/\/www.facebook.com\/senoticias1\" target=\"_blank\" rel=\"noopener\"><b>Facebook<\/b><span class=\"apple-converted-space\"><b>\u00a0<\/b><\/span><\/a><strong>e no<\/strong><span class=\"apple-converted-space\"><b>\u00a0<\/b><\/span><a href=\"https:\/\/www.instagram.com\/senoticias\/\" target=\"_blank\" rel=\"noopener\"><b>Instagram<\/b><\/a><\/em><\/p>\n<p>&nbsp;<\/p>\n<p>&nbsp;<\/p>\n<p><a href=\"https:\/\/senoticias.com.br\/se\/wp-content\/uploads\/2018\/10\/Logomarca-fone-SE-4-2-1-1-1-1-1.jpg\"><img loading=\"lazy\" decoding=\"async\" class=\"aligncenter size-full wp-image-115835\" src=\"https:\/\/senoticias.com.br\/se\/wp-content\/uploads\/2018\/10\/Logomarca-fone-SE-4-2-1-1-1-1-1.jpg\" alt=\"\" width=\"599\" height=\"78\" srcset=\"https:\/\/senoticias.com.br\/se\/wp-content\/uploads\/2018\/10\/Logomarca-fone-SE-4-2-1-1-1-1-1.jpg 599w, https:\/\/senoticias.com.br\/se\/wp-content\/uploads\/2018\/10\/Logomarca-fone-SE-4-2-1-1-1-1-1-300x39.jpg 300w\" sizes=\"(max-width: 599px) 100vw, 599px\" \/><\/a><\/p>\n<p>&nbsp;<\/p>\n<p><em>Da Assessoria de Comunica\u00e7\u00e3o\/SMTT\/Aju<\/em><\/p>\n","protected":false},"excerpt":{"rendered":"<p>A Superintend\u00eancia Municipal de Transportes e Tr\u00e2nsito de Aracaju (SMTT) inicia na pr\u00f3xima segunda-feira, 3, \u00e0s 9h da manh\u00e3, a opera\u00e7\u00e3o dos sem\u00e1foros do cruzamento da avenida Ad\u00e9lia Franco com a rua Humberto Porto D\u00f3ria, no bairro Luzia. Agentes de tr\u00e2nsito estar\u00e3o no local monitorando o fluxo de ve\u00edculos e orientando os condutores durante o [&hellip;]<\/p>\n","protected":false},"author":6552,"featured_media":116321,"comment_status":"closed","ping_status":"closed","sticky":false,"template":"","format":"standard","meta":{"footnotes":""},"categories":[6],"tags":[339,11203,2979],"class_list":{"0":"post-116320","1":"post","2":"type-post","3":"status-publish","4":"format-standard","5":"has-post-thumbnail","7":"category-politica","8":"tag-aracaju","9":"tag-novos-semaforos","10":"tag-smtt"},"_links":{"self":[{"href":"https:\/\/senoticias.com.br\/se\/wp-json\/wp\/v2\/posts\/116320"}],"collection":[{"href":"https:\/\/senoticias.com.br\/se\/wp-json\/wp\/v2\/posts"}],"about":[{"href":"https:\/\/senoticias.com.br\/se\/wp-json\/wp\/v2\/types\/post"}],"author":[{"embeddable":true,"href":"https:\/\/senoticias.com.br\/se\/wp-json\/wp\/v2\/users\/6552"}],"replies":[{"embeddable":true,"href":"https:\/\/senoticias.com.br\/se\/wp-json\/wp\/v2\/comments?post=116320"}],"version-history":[{"count":0,"href":"https:\/\/senoticias.com.br\/se\/wp-json\/wp\/v2\/posts\/116320\/revisions"}],"wp:featuredmedia":[{"embeddable":true,"href":"https:\/\/senoticias.com.br\/se\/wp-json\/wp\/v2\/media\/116321"}],"wp:attachment":[{"href":"https:\/\/senoticias.com.br\/se\/wp-json\/wp\/v2\/media?parent=116320"}],"wp:term":[{"taxonomy":"category","embeddable":true,"href":"https:\/\/senoticias.com.br\/se\/wp-json\/wp\/v2\/categories?post=116320"},{"taxonomy":"post_tag","embeddable":true,"href":"https:\/\/senoticias.com.br\/se\/wp-json\/wp\/v2\/tags?post=116320"}],"curies":[{"name":"wp","href":"https:\/\/api.w.org\/{rel}","templated":true}]}}