{"id":116313,"date":"2018-11-30T11:13:15","date_gmt":"2018-11-30T14:13:15","guid":{"rendered":"https:\/\/senoticias.com.br\/se\/?p=116313"},"modified":"2018-11-30T11:16:52","modified_gmt":"2018-11-30T14:16:52","slug":"jovem-sancristovense-ira-representar-sergipe-na-reuniao-do-conselho-nacional-de-juventude","status":"publish","type":"post","link":"https:\/\/senoticias.com.br\/se\/jovem-sancristovense-ira-representar-sergipe-na-reuniao-do-conselho-nacional-de-juventude\/","title":{"rendered":"Jovem sancristovense ir\u00e1 representar Sergipe na Reuni\u00e3o do Conselho Nacional de Juventude"},"content":{"rendered":"<div style=\"text-align: justify;\">\n<p>O ativista dos direitos da juventude, N\u00e9lio Miguel J\u00fanior, foi convocado para participar da 48\u00aa Reuni\u00e3o Ordin\u00e1ria do Conselho Nacional de Juventude que ir\u00e1 acontecer em Bras\u00edlia, entre os dias 05 e 07 de dezembro. O Conselheiro Nacional da Juventude chegara mais cedo na capital federal para participar do &#8220;Workshop do SINAJUVE&#8221;, que ocorrer\u00e1 nos dias 04 e 05 de dezembro do corrente ano.<\/p>\n<div id=\"attachment_116314\" style=\"width: 609px\" class=\"wp-caption aligncenter\"><a href=\"https:\/\/senoticias.com.br\/se\/wp-content\/uploads\/2018\/11\/FB_IMG_1543581655079-e1543586642525.jpg\"><img loading=\"lazy\" decoding=\"async\" aria-describedby=\"caption-attachment-116314\" class=\"size-full wp-image-116314\" src=\"https:\/\/senoticias.com.br\/se\/wp-content\/uploads\/2018\/11\/FB_IMG_1543581655079-e1543586642525.jpg\" alt=\"\" width=\"599\" height=\"749\" \/><\/a><p id=\"caption-attachment-116314\" class=\"wp-caption-text\">N\u00e9lio Miguel Jr ir\u00e1 representar Sergipe no SINAJUVE e na Reuni\u00e3o do Conselho Nacional de Juventude. (Foto: arquivo pessoal)<\/p><\/div>\n<\/div>\n<div style=\"text-align: justify;\"><\/div>\n<div style=\"text-align: justify;\">SINAJUVE \u00e9 o Sistema Nacional de Juventude, institu\u00eddo pela Lei n\u00ba 12.852, de 05 de agosto de 2013, constitui forma de articula\u00e7\u00e3o e organiza\u00e7\u00e3o da Uni\u00e3o, dos Estados, do Distrito Federal, dos Munic\u00edpios e da sociedade civil para a promo\u00e7\u00e3o de pol\u00edticas\u00a0p\u00fablicas de juventude.<\/div>\n<div><\/div>\n<div style=\"text-align: justify;\">\u201c\u00c9 um sonho poder representar os jovens do meu estado, lutando por melhorias e ver as realiza\u00e7\u00f5es do Governo Federal em nossa terra. Recentemente, fiquei emocionado de ver a cidade de Est\u00e2ncia recebendo o programa Esta\u00e7\u00e3o Juventude 2.0, que tem como objetivo\u00a0transformar a vida de jovens brasileiros, de 15 a 29 anos, desenvolvendo um caminho para o futuro, educa\u00e7\u00e3o, trabalho, sa\u00fade, lazer, vida familiar, sexualidade, sociedade, tecnologia, cultura, participa\u00e7\u00e3o pol\u00edtica e comunit\u00e1ria. Al\u00e9m dos espa\u00e7os equipados\u00a0com instrumentos e pessoal capacitado, s\u00e3o oferecidos cursos, oficinas, capacita\u00e7\u00f5es e muito mais&#8221;, afirmou N\u00e9lio.<\/div>\n<div style=\"text-align: justify;\"><\/div>\n<div style=\"text-align: justify;\">A 48\u00aa Reuni\u00e3o Ordin\u00e1ria do Conselho Nacional de Juventude ter\u00e1 como programa\u00e7\u00e3o a\u00a0 Reuni\u00e3o Plen\u00e1ria, Reuni\u00e3o das comiss\u00f5es permanentes e especiais, apresenta\u00e7\u00e3o dos Planos de Trabalho das Comiss\u00f5es ao Plen\u00e1rio e Visita a equipamento p\u00fablico de juventude do\u00a0Distrito Federal.<\/div>\n<div><\/div>\n<div><a href=\"https:\/\/senoticias.com.br\/se\/wp-content\/uploads\/2018\/10\/Logomarca-fone-SE-4-2-1-1-1-1-1.jpg\"><img loading=\"lazy\" decoding=\"async\" class=\"aligncenter size-full wp-image-115835\" src=\"https:\/\/senoticias.com.br\/se\/wp-content\/uploads\/2018\/10\/Logomarca-fone-SE-4-2-1-1-1-1-1.jpg\" alt=\"\" width=\"599\" height=\"78\" srcset=\"https:\/\/senoticias.com.br\/se\/wp-content\/uploads\/2018\/10\/Logomarca-fone-SE-4-2-1-1-1-1-1.jpg 599w, https:\/\/senoticias.com.br\/se\/wp-content\/uploads\/2018\/10\/Logomarca-fone-SE-4-2-1-1-1-1-1-300x39.jpg 300w\" sizes=\"(max-width: 599px) 100vw, 599px\" \/><\/a><\/div>\n<div><\/div>\n<div><em><strong>Acompanhe o SE Not\u00edcias no<\/strong><span class=\"apple-converted-space\"><b>\u00a0<\/b><\/span><a href=\"https:\/\/twitter.com\/Senoticias\" target=\"_blank\" rel=\"noopener\"><b>Twitter<\/b><\/a><strong>,<\/strong><span class=\"apple-converted-space\"><b>\u00a0<\/b><\/span><a href=\"https:\/\/www.facebook.com\/senoticias1\" target=\"_blank\" rel=\"noopener\"><b>Facebook<\/b><span class=\"apple-converted-space\"><b>\u00a0<\/b><\/span><\/a><strong>e no<\/strong><span class=\"apple-converted-space\"><b>\u00a0<\/b><\/span><a href=\"https:\/\/www.instagram.com\/senoticias\/\" target=\"_blank\" rel=\"noopener\"><b>Instagram<\/b><\/a><\/em><\/div>\n<div><\/div>\n<div><em>Texto enviado por N\u00e9lio Miguel<\/em><\/div>\n","protected":false},"excerpt":{"rendered":"<p>O ativista dos direitos da juventude, N\u00e9lio Miguel J\u00fanior, foi convocado para participar da 48\u00aa Reuni\u00e3o Ordin\u00e1ria do Conselho Nacional de Juventude que ir\u00e1 acontecer em Bras\u00edlia, entre os dias 05 e 07 de dezembro. O Conselheiro Nacional da Juventude chegara mais cedo na capital federal para participar do &#8220;Workshop do SINAJUVE&#8221;, que ocorrer\u00e1 nos [&hellip;]<\/p>\n","protected":false},"author":6552,"featured_media":116314,"comment_status":"closed","ping_status":"closed","sticky":false,"template":"","format":"standard","meta":{"footnotes":""},"categories":[2961],"tags":[11202,11199,11201,11200],"class_list":{"0":"post-116313","1":"post","2":"type-post","3":"status-publish","4":"format-standard","5":"has-post-thumbnail","7":"category-nacional","8":"tag-jovem-sancristovense","9":"tag-nelio-miguel","10":"tag-reuniao-do-conselho-nacional-de-juventude","11":"tag-sinajuve"},"_links":{"self":[{"href":"https:\/\/senoticias.com.br\/se\/wp-json\/wp\/v2\/posts\/116313"}],"collection":[{"href":"https:\/\/senoticias.com.br\/se\/wp-json\/wp\/v2\/posts"}],"about":[{"href":"https:\/\/senoticias.com.br\/se\/wp-json\/wp\/v2\/types\/post"}],"author":[{"embeddable":true,"href":"https:\/\/senoticias.com.br\/se\/wp-json\/wp\/v2\/users\/6552"}],"replies":[{"embeddable":true,"href":"https:\/\/senoticias.com.br\/se\/wp-json\/wp\/v2\/comments?post=116313"}],"version-history":[{"count":0,"href":"https:\/\/senoticias.com.br\/se\/wp-json\/wp\/v2\/posts\/116313\/revisions"}],"wp:featuredmedia":[{"embeddable":true,"href":"https:\/\/senoticias.com.br\/se\/wp-json\/wp\/v2\/media\/116314"}],"wp:attachment":[{"href":"https:\/\/senoticias.com.br\/se\/wp-json\/wp\/v2\/media?parent=116313"}],"wp:term":[{"taxonomy":"category","embeddable":true,"href":"https:\/\/senoticias.com.br\/se\/wp-json\/wp\/v2\/categories?post=116313"},{"taxonomy":"post_tag","embeddable":true,"href":"https:\/\/senoticias.com.br\/se\/wp-json\/wp\/v2\/tags?post=116313"}],"curies":[{"name":"wp","href":"https:\/\/api.w.org\/{rel}","templated":true}]}}