{"id":116310,"date":"2018-11-30T07:09:43","date_gmt":"2018-11-30T10:09:43","guid":{"rendered":"https:\/\/senoticias.com.br\/se\/?p=116310"},"modified":"2018-11-30T07:10:23","modified_gmt":"2018-11-30T10:10:23","slug":"em-capela-filha-e-presa-suspeita-de-tramar-a-morte-do-pai","status":"publish","type":"post","link":"https:\/\/senoticias.com.br\/se\/em-capela-filha-e-presa-suspeita-de-tramar-a-morte-do-pai\/","title":{"rendered":"Em Capela, filha \u00e9 presa suspeita de tramar a morte do pai"},"content":{"rendered":"<p style=\"text-align: justify;\">Policiais civis de Carm\u00f3polis prenderam, no final da tarde dessa quarta-feira, 28, Isamara Vieira dos Santos, de 19 anos, ap\u00f3s ela confessar que foi mandante da tentativa de homic\u00eddio contra o pr\u00f3prio pai, no Povoado Paudarco, munic\u00edpio de Capela.<\/p>\n<div id=\"attachment_116312\" style=\"width: 609px\" class=\"wp-caption aligncenter\"><a href=\"https:\/\/senoticias.com.br\/se\/wp-content\/uploads\/2018\/11\/filha-e1543572405186.png\"><img loading=\"lazy\" decoding=\"async\" aria-describedby=\"caption-attachment-116312\" class=\"size-full wp-image-116312\" src=\"https:\/\/senoticias.com.br\/se\/wp-content\/uploads\/2018\/11\/filha-e1543572405186.png\" alt=\"\" width=\"599\" height=\"444\" \/><\/a><p id=\"caption-attachment-116312\" class=\"wp-caption-text\">Pol\u00edcia Civil diz que filha tramou a morte do pr\u00f3prio pai no munic\u00edpio de Capela. (Foto: SSP\/SE)<\/p><\/div>\n<p style=\"text-align: justify;\">A tentativa de homic\u00eddio contra\u00a0Josiel dos Santos, 47 anos, ocorreu no dia 29 de outubro de 2018,\u00a0a v\u00edtima foi alvejada por disparos de arma de fogo e perdeu totalmente os movimentos do bra\u00e7o esquerdo, al\u00e9m de ter\u00a0perfura\u00e7\u00f5es no pulm\u00e3o.<\/p>\n<p style=\"text-align: justify;\">A motiva\u00e7\u00e3o do crime teria sido o \u00f3dio que ela tinha pelo pai porque ele n\u00e3o queria ela e o ex-namorado Pedro Feitosa dentro da casa dele. Tal fato se deu\u00a0porque Pedro \u00e9 ex-presidi\u00e1rio condenado por latroc\u00ednio\u00a0e por suspeitar que os dois estavam envolvidos em tr\u00e1fico de drogas.<\/p>\n<p>&nbsp;<\/p>\n<p style=\"text-align: justify;\">O delegado Wanderson Bastos, respons\u00e1vel pela elucida\u00e7\u00e3o do crime,\u00a0fala como foram as investiga\u00e7\u00f5es do caso. \u201cIniciamos as investiga\u00e7\u00f5es e, ap\u00f3s levantamentos de campo, trabalho de vigil\u00e2ncia, depoimentos tomados da v\u00edtima e\u00a0oitivas de outras testemunhas, n\u00f3s conseguimos mapear o quadro geogr\u00e1fico do crime, chegando\u00a0at\u00e9 os tr\u00eas respons\u00e1veis\u201d, relatou.<\/p>\n<p style=\"text-align: justify;\">No momento da confiss\u00e3o, Isamara confirmou a participa\u00e7\u00e3o da m\u00e3e Jandira Vieira dos Santos\u00a0no crime, sendo que esta\u00a0teria pago cerca de 2 mil a Pedro Feitosa para a execu\u00e7\u00e3o do marido, al\u00e9m de ter cedido a espingarda, arma usada no crime, que ela pegou escondido do tio da filha,\u00a0 e o dinheiro para comprar os insumos de recarga. Isamara ficou respons\u00e1vel por\u00a0levar Pedro at\u00e9 o local da execu\u00e7\u00e3o do pai.<\/p>\n<p>&nbsp;<\/p>\n<p style=\"text-align: justify;\">Isamara foi presa e encaminhada \u00e0 Delegacia de Carm\u00f3polis, e para Jandira Vieira dos Santos\u00a0ainda ser\u00e3o adotadas as medidas legais.\u00a0J\u00e1 Pedro Feitosa, encontra-se foragido.<\/p>\n<p>&nbsp;<\/p>\n<p>&nbsp;<\/p>\n<p><a href=\"https:\/\/senoticias.com.br\/se\/wp-content\/uploads\/2018\/10\/Logomarca-fone-SE-4-2-1-1-1-1-1.jpg\"><img loading=\"lazy\" decoding=\"async\" class=\"aligncenter size-full wp-image-115835\" src=\"https:\/\/senoticias.com.br\/se\/wp-content\/uploads\/2018\/10\/Logomarca-fone-SE-4-2-1-1-1-1-1.jpg\" alt=\"\" width=\"599\" height=\"78\" srcset=\"https:\/\/senoticias.com.br\/se\/wp-content\/uploads\/2018\/10\/Logomarca-fone-SE-4-2-1-1-1-1-1.jpg 599w, https:\/\/senoticias.com.br\/se\/wp-content\/uploads\/2018\/10\/Logomarca-fone-SE-4-2-1-1-1-1-1-300x39.jpg 300w\" sizes=\"(max-width: 599px) 100vw, 599px\" \/><\/a><\/p>\n<p>&nbsp;<\/p>\n<p><em><strong>Acompanhe o SE Not\u00edcias no<\/strong><span class=\"apple-converted-space\"><b>\u00a0<\/b><\/span><a href=\"https:\/\/twitter.com\/Senoticias\" target=\"_blank\" rel=\"noopener\"><b>Twitter<\/b><\/a><strong>,<\/strong><span class=\"apple-converted-space\"><b>\u00a0<\/b><\/span><a href=\"https:\/\/www.facebook.com\/senoticias1\" target=\"_blank\" rel=\"noopener\"><b>Facebook<\/b><span class=\"apple-converted-space\"><b>\u00a0<\/b><\/span><\/a><strong>e no<\/strong><span class=\"apple-converted-space\"><b>\u00a0<\/b><\/span><a href=\"https:\/\/www.instagram.com\/senoticias\/\" target=\"_blank\" rel=\"noopener\"><b>Instagram<\/b><\/a><\/em><\/p>\n<p>&nbsp;<\/p>\n<p><em>Informa\u00e7\u00f5es da SSP\/SE<\/em><\/p>\n","protected":false},"excerpt":{"rendered":"<p>Policiais civis de Carm\u00f3polis prenderam, no final da tarde dessa quarta-feira, 28, Isamara Vieira dos Santos, de 19 anos, ap\u00f3s ela confessar que foi mandante da tentativa de homic\u00eddio contra o pr\u00f3prio pai, no Povoado Paudarco, munic\u00edpio de Capela. A tentativa de homic\u00eddio contra\u00a0Josiel dos Santos, 47 anos, ocorreu no dia 29 de outubro de [&hellip;]<\/p>\n","protected":false},"author":6552,"featured_media":116312,"comment_status":"closed","ping_status":"closed","sticky":false,"template":"","format":"standard","meta":{"footnotes":""},"categories":[15,7],"tags":[978,4359,11198],"class_list":{"0":"post-116310","1":"post","2":"type-post","3":"status-publish","4":"format-standard","5":"has-post-thumbnail","7":"category-destaques","8":"category-policia","9":"tag-capela","10":"tag-delegacia-de-capela","11":"tag-suspeita-de-tramar-a-morte-do-pai"},"_links":{"self":[{"href":"https:\/\/senoticias.com.br\/se\/wp-json\/wp\/v2\/posts\/116310"}],"collection":[{"href":"https:\/\/senoticias.com.br\/se\/wp-json\/wp\/v2\/posts"}],"about":[{"href":"https:\/\/senoticias.com.br\/se\/wp-json\/wp\/v2\/types\/post"}],"author":[{"embeddable":true,"href":"https:\/\/senoticias.com.br\/se\/wp-json\/wp\/v2\/users\/6552"}],"replies":[{"embeddable":true,"href":"https:\/\/senoticias.com.br\/se\/wp-json\/wp\/v2\/comments?post=116310"}],"version-history":[{"count":0,"href":"https:\/\/senoticias.com.br\/se\/wp-json\/wp\/v2\/posts\/116310\/revisions"}],"wp:featuredmedia":[{"embeddable":true,"href":"https:\/\/senoticias.com.br\/se\/wp-json\/wp\/v2\/media\/116312"}],"wp:attachment":[{"href":"https:\/\/senoticias.com.br\/se\/wp-json\/wp\/v2\/media?parent=116310"}],"wp:term":[{"taxonomy":"category","embeddable":true,"href":"https:\/\/senoticias.com.br\/se\/wp-json\/wp\/v2\/categories?post=116310"},{"taxonomy":"post_tag","embeddable":true,"href":"https:\/\/senoticias.com.br\/se\/wp-json\/wp\/v2\/tags?post=116310"}],"curies":[{"name":"wp","href":"https:\/\/api.w.org\/{rel}","templated":true}]}}