{"id":116299,"date":"2018-11-29T14:19:35","date_gmt":"2018-11-29T17:19:35","guid":{"rendered":"https:\/\/senoticias.com.br\/se\/?p=116299"},"modified":"2018-11-29T17:27:48","modified_gmt":"2018-11-29T20:27:48","slug":"prefeitura-revitaliza-sinalizacao-da-avenida-paulo-figueiredo-barreto-no-lamarao","status":"publish","type":"post","link":"https:\/\/senoticias.com.br\/se\/prefeitura-revitaliza-sinalizacao-da-avenida-paulo-figueiredo-barreto-no-lamarao\/","title":{"rendered":"Prefeitura de Aracaju revitaliza sinaliza\u00e7\u00e3o da avenida Paulo Figueiredo Barreto, no Lamar\u00e3o"},"content":{"rendered":"<p style=\"text-align: justify;\"><span style=\"color: #000000;\">A Prefeitura de Aracaju, atrav\u00e9s da Superintend\u00eancia Municipal de Transportes e Tr\u00e2nsito (SMTT) de Aracaju, tem feito um trabalho intenso de revitaliza\u00e7\u00e3o das sinaliza\u00e7\u00f5es da capital. Agora, \u00e9 a vez da avenida Paulo Figueiredo Barreto, no bairro Lamar\u00e3o, receber as pinturas. A equipe do \u00f3rg\u00e3o iniciou os trabalhos no local na noite da \u00faltima quarta-feira, 28, e ser\u00e3o revitalizados sete redutores de velocidade e cinco faixas de pedestres.<\/span><\/p>\n<div id=\"attachment_116300\" style=\"width: 609px\" class=\"wp-caption aligncenter\"><a href=\"https:\/\/senoticias.com.br\/se\/wp-content\/uploads\/2018\/11\/90b7ff8b_854d_4226_ac7e_3051ecadb0f0-e1543511920615.jpg\"><img loading=\"lazy\" decoding=\"async\" aria-describedby=\"caption-attachment-116300\" class=\"wp-image-116300 size-full\" src=\"https:\/\/senoticias.com.br\/se\/wp-content\/uploads\/2018\/11\/90b7ff8b_854d_4226_ac7e_3051ecadb0f0-e1543511920615.jpg\" alt=\"\" width=\"599\" height=\"337\" \/><\/a><p id=\"caption-attachment-116300\" class=\"wp-caption-text\">Foto: SMTT<\/p><\/div>\n<p style=\"text-align: justify;\"><span style=\"color: #000000;\">Segundo Diego Carvalho, coordenador de Sinaliza\u00e7\u00e3o da SMTT, a revitaliza\u00e7\u00e3o \u00e9 fundamental para a seguran\u00e7a dos condutores e pedestres, como tamb\u00e9m, para a organiza\u00e7\u00e3o do tr\u00e2nsito. \u201cEstamos com uma programa\u00e7\u00e3o intensa de revitaliza\u00e7\u00e3o das sinaliza\u00e7\u00f5es horizontais e verticais em toda a cidade. A Paulo Figueiredo Barreto \u00e9 uma avenida de grande movimenta\u00e7\u00e3o e as sinaliza\u00e7\u00f5es s\u00e3o importantes para a seguran\u00e7a de todos\u201d, disse.<\/span><\/p>\n<p style=\"text-align: justify;\"><span style=\"color: #000000;\">Diego explica ainda que a equipe da SMTT est\u00e1 fazendo os servi\u00e7os no local no per\u00edodo da noite para evitar transtornos no tr\u00e2nsito. \u201cOs servi\u00e7os de revitaliza\u00e7\u00e3o s\u00e3o feitos, normalmente, depois das 20h, justamente, para n\u00e3o prejudicar o tr\u00e2nsito. Mas o trabalho na avenida est\u00e1 bem avan\u00e7ado e dever\u00e1 ser encerrado nos pr\u00f3ximos dias\u201d, conta o coordenador.<\/span><\/p>\n<p><strong><span style=\"color: #000000;\">Mais revitaliza\u00e7\u00f5es<\/span><\/strong><\/p>\n<p style=\"text-align: justify;\"><span style=\"color: #000000;\">Recentemente, a SMTT tamb\u00e9m revitalizou toda a sinaliza\u00e7\u00e3o da avenida Carlos Marques, no bairro Soledade, e diversas ruas do bairro Coqueiral.<\/span><\/p>\n<p>&nbsp;<\/p>\n<p><a href=\"https:\/\/senoticias.com.br\/se\/wp-content\/uploads\/2018\/10\/Logomarca-fone-SE-4-2-1-1-1-1-1.jpg\"><img loading=\"lazy\" decoding=\"async\" class=\"aligncenter wp-image-115835 size-full\" src=\"https:\/\/senoticias.com.br\/se\/wp-content\/uploads\/2018\/10\/Logomarca-fone-SE-4-2-1-1-1-1-1.jpg\" alt=\"\" width=\"599\" height=\"78\" srcset=\"https:\/\/senoticias.com.br\/se\/wp-content\/uploads\/2018\/10\/Logomarca-fone-SE-4-2-1-1-1-1-1.jpg 599w, https:\/\/senoticias.com.br\/se\/wp-content\/uploads\/2018\/10\/Logomarca-fone-SE-4-2-1-1-1-1-1-300x39.jpg 300w\" sizes=\"(max-width: 599px) 100vw, 599px\" \/><\/a><\/p>\n<p><em><strong>Acompanhe o SE Not\u00edcias no<\/strong><span class=\"apple-converted-space\"><b>\u00a0<\/b><\/span><a href=\"https:\/\/twitter.com\/Senoticias\" target=\"_blank\" rel=\"noopener\"><b>Twitter<\/b><\/a><strong>,<\/strong><span class=\"apple-converted-space\"><b>\u00a0<\/b><\/span><a href=\"https:\/\/www.facebook.com\/senoticias1\" target=\"_blank\" rel=\"noopener\"><b>Facebook<\/b><span class=\"apple-converted-space\"><b>\u00a0<\/b><\/span><\/a><strong>e no<\/strong><span class=\"apple-converted-space\"><b>\u00a0<\/b><\/span><a href=\"https:\/\/www.instagram.com\/senoticias\/\" target=\"_blank\" rel=\"noopener\"><b>Instagram<\/b><\/a><\/em><\/p>\n<p>Da Assessoria SMTT<\/p>\n","protected":false},"excerpt":{"rendered":"<p>A Prefeitura de Aracaju, atrav\u00e9s da Superintend\u00eancia Municipal de Transportes e Tr\u00e2nsito (SMTT) de Aracaju, tem feito um trabalho intenso de revitaliza\u00e7\u00e3o das sinaliza\u00e7\u00f5es da capital. Agora, \u00e9 a vez da avenida Paulo Figueiredo Barreto, no bairro Lamar\u00e3o, receber as pinturas. A equipe do \u00f3rg\u00e3o iniciou os trabalhos no local na noite da \u00faltima quarta-feira, [&hellip;]<\/p>\n","protected":false},"author":6553,"featured_media":0,"comment_status":"closed","ping_status":"closed","sticky":false,"template":"","format":"standard","meta":{"footnotes":""},"categories":[6],"tags":[339,9444,223,11192,2979],"class_list":{"0":"post-116299","1":"post","2":"type-post","3":"status-publish","4":"format-standard","6":"category-politica","7":"tag-aracaju","8":"tag-lamarao","9":"tag-sergipe","10":"tag-sinalizacao","11":"tag-smtt"},"_links":{"self":[{"href":"https:\/\/senoticias.com.br\/se\/wp-json\/wp\/v2\/posts\/116299"}],"collection":[{"href":"https:\/\/senoticias.com.br\/se\/wp-json\/wp\/v2\/posts"}],"about":[{"href":"https:\/\/senoticias.com.br\/se\/wp-json\/wp\/v2\/types\/post"}],"author":[{"embeddable":true,"href":"https:\/\/senoticias.com.br\/se\/wp-json\/wp\/v2\/users\/6553"}],"replies":[{"embeddable":true,"href":"https:\/\/senoticias.com.br\/se\/wp-json\/wp\/v2\/comments?post=116299"}],"version-history":[{"count":0,"href":"https:\/\/senoticias.com.br\/se\/wp-json\/wp\/v2\/posts\/116299\/revisions"}],"wp:attachment":[{"href":"https:\/\/senoticias.com.br\/se\/wp-json\/wp\/v2\/media?parent=116299"}],"wp:term":[{"taxonomy":"category","embeddable":true,"href":"https:\/\/senoticias.com.br\/se\/wp-json\/wp\/v2\/categories?post=116299"},{"taxonomy":"post_tag","embeddable":true,"href":"https:\/\/senoticias.com.br\/se\/wp-json\/wp\/v2\/tags?post=116299"}],"curies":[{"name":"wp","href":"https:\/\/api.w.org\/{rel}","templated":true}]}}