{"id":116251,"date":"2018-11-27T13:33:54","date_gmt":"2018-11-27T16:33:54","guid":{"rendered":"https:\/\/senoticias.com.br\/se\/?p=116251"},"modified":"2018-11-27T13:33:54","modified_gmt":"2018-11-27T16:33:54","slug":"defesa-civil-estadual-recomenda-cuidados-redobrados-em-areas-de-risco-no-periodo-de-chuva","status":"publish","type":"post","link":"https:\/\/senoticias.com.br\/se\/defesa-civil-estadual-recomenda-cuidados-redobrados-em-areas-de-risco-no-periodo-de-chuva\/","title":{"rendered":"Defesa Civil Estadual recomenda cuidados redobrados em \u00e1reas de risco no per\u00edodo de chuva"},"content":{"rendered":"<p><span style=\"color: #000000\">O Departamento Estadual de Prote\u00e7\u00e3o e Defesa Civil (Depec) da Secretaria de Estado do Trabalho e Assist\u00eancia Social (Seidh) orienta a popula\u00e7\u00e3o sergipana para aten\u00e7\u00e3o redobrada nos pr\u00f3ximos dias. Segundo boletim enviado do Centro Estadual de An\u00e1lises e Previs\u00e3o de Tempo \u00e0 Defesa Civil Estadual, at\u00e9 a pr\u00f3xima quinta-feira, dia 29, o tempo estar\u00e1 inst\u00e1vel em todo o estado.<\/span><\/p>\n<div id=\"attachment_116252\" style=\"width: 609px\" class=\"wp-caption aligncenter\"><a href=\"https:\/\/senoticias.com.br\/se\/wp-content\/uploads\/2018\/11\/b3a0410bceb7d2bd4d04bad0e11b01c8-e1543336367649.jpg\"><img loading=\"lazy\" decoding=\"async\" aria-describedby=\"caption-attachment-116252\" class=\"wp-image-116252 size-full\" src=\"https:\/\/senoticias.com.br\/se\/wp-content\/uploads\/2018\/11\/b3a0410bceb7d2bd4d04bad0e11b01c8-e1543336367649.jpg\" alt=\"\" width=\"599\" height=\"449\" \/><\/a><p id=\"caption-attachment-116252\" class=\"wp-caption-text\">Coronel Alexandre Jos\u00e9, diretor da Defesa Civil Estadual &#8211; Foto: Ascom Defesa Civil\/SE<\/p><\/div>\n<p><span style=\"color: #000000\">A instabilidade clim\u00e1tica das pr\u00f3ximas 24 horas acontece devido a atua\u00e7\u00e3o de linhas de instabilidades convectivas, tend\u00eancia de chuvas de intensidade variado entre moderada e forte, especialmente na regi\u00e3o do Alto Sert\u00e3o. O boletim aponta, tamb\u00e9m, chuvas leves a moderadas nas demais regi\u00f5es localizadas.<\/span><\/p>\n<p><span style=\"color: #000000\">&#8220;Para amanh\u00e3, dia 27, o Centro prev\u00ea a efetiva\u00e7\u00e3o das instabilidades com chuvas intensas para regi\u00e3o sudoeste e centro sul. J\u00e1 nos dias 28 e 29, a previs\u00e3o \u00e9 de instabilidades com chuvas intensas na Grande Aracaju, litoral sul e centro sul&#8221;, diz coronel Alexandre Jos\u00e9, diretor da Defesa Civil Estadual.<\/span><\/p>\n<p><span style=\"color: #000000\">De acordo com coronel Alexandre, \u00e9 preciso que as pessoas fiquem atentas, especialmente aquelas que residem em encostas ou \u00e1reas consideradas de risco.<\/span><\/p>\n<p><span style=\"color: #000000\">&#8220;Nesses per\u00edodos, \u00e9 preciso ficar atento quanto \u00e0 estrutura das casas e locais que possam apresentar perigo de desabamento, inclusive na Zona Rural. A Defesa Civil est\u00e1 \u00e0 disposi\u00e7\u00e3o dos sergipanos para orientar e tomar as provid\u00eancias cab\u00edveis. Em situa\u00e7\u00f5es de risco, as pessoas podem procurar a Defesa Civil Estadual pelo telefone (79) 98822-1374&#8221;, orienta o diretor.<\/span><\/p>\n<p>&nbsp;<\/p>\n<p><a href=\"https:\/\/senoticias.com.br\/se\/wp-content\/uploads\/2018\/10\/Logomarca-fone-SE-4-2-1-1-1-1-1.jpg\"><img loading=\"lazy\" decoding=\"async\" class=\"aligncenter wp-image-115835 size-full\" src=\"https:\/\/senoticias.com.br\/se\/wp-content\/uploads\/2018\/10\/Logomarca-fone-SE-4-2-1-1-1-1-1.jpg\" alt=\"\" width=\"599\" height=\"78\" srcset=\"https:\/\/senoticias.com.br\/se\/wp-content\/uploads\/2018\/10\/Logomarca-fone-SE-4-2-1-1-1-1-1.jpg 599w, https:\/\/senoticias.com.br\/se\/wp-content\/uploads\/2018\/10\/Logomarca-fone-SE-4-2-1-1-1-1-1-300x39.jpg 300w\" sizes=\"(max-width: 599px) 100vw, 599px\" \/><\/a><\/p>\n<p>Da ASN<\/p>\n","protected":false},"excerpt":{"rendered":"<p>O Departamento Estadual de Prote\u00e7\u00e3o e Defesa Civil (Depec) da Secretaria de Estado do Trabalho e Assist\u00eancia Social (Seidh) orienta a popula\u00e7\u00e3o sergipana para aten\u00e7\u00e3o redobrada nos pr\u00f3ximos dias. Segundo boletim enviado do Centro Estadual de An\u00e1lises e Previs\u00e3o de Tempo \u00e0 Defesa Civil Estadual, at\u00e9 a pr\u00f3xima quinta-feira, dia 29, o tempo estar\u00e1 inst\u00e1vel [&hellip;]<\/p>\n","protected":false},"author":6553,"featured_media":0,"comment_status":"closed","ping_status":"closed","sticky":false,"template":"","format":"standard","meta":{"footnotes":""},"categories":[15,6],"tags":[339,119,1949,6314,10900,223],"class_list":{"0":"post-116251","1":"post","2":"type-post","3":"status-publish","4":"format-standard","6":"category-destaques","7":"category-politica","8":"tag-aracaju","9":"tag-chuvas","10":"tag-cuidados","11":"tag-defesa-civil","12":"tag-riscos","13":"tag-sergipe"},"_links":{"self":[{"href":"https:\/\/senoticias.com.br\/se\/wp-json\/wp\/v2\/posts\/116251"}],"collection":[{"href":"https:\/\/senoticias.com.br\/se\/wp-json\/wp\/v2\/posts"}],"about":[{"href":"https:\/\/senoticias.com.br\/se\/wp-json\/wp\/v2\/types\/post"}],"author":[{"embeddable":true,"href":"https:\/\/senoticias.com.br\/se\/wp-json\/wp\/v2\/users\/6553"}],"replies":[{"embeddable":true,"href":"https:\/\/senoticias.com.br\/se\/wp-json\/wp\/v2\/comments?post=116251"}],"version-history":[{"count":0,"href":"https:\/\/senoticias.com.br\/se\/wp-json\/wp\/v2\/posts\/116251\/revisions"}],"wp:attachment":[{"href":"https:\/\/senoticias.com.br\/se\/wp-json\/wp\/v2\/media?parent=116251"}],"wp:term":[{"taxonomy":"category","embeddable":true,"href":"https:\/\/senoticias.com.br\/se\/wp-json\/wp\/v2\/categories?post=116251"},{"taxonomy":"post_tag","embeddable":true,"href":"https:\/\/senoticias.com.br\/se\/wp-json\/wp\/v2\/tags?post=116251"}],"curies":[{"name":"wp","href":"https:\/\/api.w.org\/{rel}","templated":true}]}}