{"id":116235,"date":"2018-11-26T14:07:37","date_gmt":"2018-11-26T17:07:37","guid":{"rendered":"https:\/\/senoticias.com.br\/se\/?p=116235"},"modified":"2018-11-26T14:07:37","modified_gmt":"2018-11-26T17:07:37","slug":"mec-libera-recursos-para-educacao-em-tempo-integral","status":"publish","type":"post","link":"https:\/\/senoticias.com.br\/se\/mec-libera-recursos-para-educacao-em-tempo-integral\/","title":{"rendered":"MEC libera recursos para educa\u00e7\u00e3o em tempo integral"},"content":{"rendered":"<p><span style=\"color: #000000\">O Minist\u00e9rio da Educa\u00e7\u00e3o (MEC) autorizou a transfer\u00eancia de recursos para estados implementarem a educa\u00e7\u00e3o em tempo integral no ensino m\u00e9dio. Ao todo, ser\u00e3o liberados R$ 99 milh\u00f5es distribu\u00eddos entre todos os estados e o Distrito Federal, com exce\u00e7\u00e3o do Mato Grosso.<\/span><\/p>\n<p><span style=\"color: #000000\">A libera\u00e7\u00e3o foi feita, no \u00e2mbito do Programa de Fomento \u00e0s Escolas de Ensino M\u00e9dio em Tempo Integral, para complementar o pagamento da primeira parcela de recursos correspondentes ao ano de 2019 . Os estados precisaram encaminhar planos de trabalho e a indicar escolas onde o ensino em tempo integral ser\u00e1 implementado.<\/span><\/p>\n<div id=\"attachment_116236\" style=\"width: 609px\" class=\"wp-caption aligncenter\"><a href=\"https:\/\/senoticias.com.br\/se\/wp-content\/uploads\/2018\/11\/estudantes-e1543251986432.jpeg\"><img loading=\"lazy\" decoding=\"async\" aria-describedby=\"caption-attachment-116236\" class=\"wp-image-116236 size-full\" src=\"https:\/\/senoticias.com.br\/se\/wp-content\/uploads\/2018\/11\/estudantes-e1543251986432.jpeg\" alt=\"\" width=\"599\" height=\"399\" \/><\/a><p id=\"caption-attachment-116236\" class=\"wp-caption-text\">Foto: Ag\u00eancia Brasil<\/p><\/div>\n<p><span style=\"color: #000000\">O dinheiro do programa pode ser usado, entre outras coisas, para remunera\u00e7\u00e3o e aperfei\u00e7oamento de professores e dos demais profissionais da educa\u00e7\u00e3o; para aquisi\u00e7\u00e3o, manuten\u00e7\u00e3o, constru\u00e7\u00e3o e conserva\u00e7\u00e3o de instala\u00e7\u00f5es e equipamentos necess\u00e1rios ao ensino; aquisi\u00e7\u00e3o de material did\u00e1tico-escolar e manuten\u00e7\u00e3o de programas de transporte escolar.<\/span><\/p>\n<p><strong><span style=\"color: #000000\">Tempo integral<\/span><\/strong><\/p>\n<p><span style=\"color: #000000\">O programa busca viabilizar uma das a\u00e7\u00f5es previstas no novo ensino m\u00e9dio, aprovado em lei em 2017, de ampliar a educa\u00e7\u00e3o em tempo integral. Os estudantes passam a participar de atividades na escola 7h por dia e n\u00e3o mais 5h ou 4h, como ocorre atualmente na maioria das escolas.<\/span><\/p>\n<p><span style=\"color: #000000\">A proposta \u00e9 seguir iniciativas bem-sucedidas de implanta\u00e7\u00e3o do ensino integral em alguns estados, como Pernambuco, e atender aos objetivos do Plano Nacional de Educa\u00e7\u00e3o (PNE).<\/span><\/p>\n<p><span style=\"color: #000000\">Uma das metas do PNE \u00e9 oferecer educa\u00e7\u00e3o em tempo integral em, no m\u00ednimo, 50% das escolas p\u00fablicas, de forma a atender, pelo menos, 25% dos alunos da educa\u00e7\u00e3o b\u00e1sica at\u00e9 2024. Atualmente, a educa\u00e7\u00e3o tem tempo integral chega a 40,1% das escolas p\u00fablicas e atende a 15,5% das matr\u00edculas. Considerando apenas o ensino m\u00e9dio, a porcentagem \u00e9 menor, 17,4% das escolas oferecem educa\u00e7\u00e3o em tempo integral.<\/span><\/p>\n<p>&nbsp;<\/p>\n<p><a href=\"https:\/\/senoticias.com.br\/se\/wp-content\/uploads\/2018\/10\/Logomarca-fone-SE-4-2-1-1-1-1-1.jpg\"><img loading=\"lazy\" decoding=\"async\" class=\"aligncenter wp-image-115835 size-full\" src=\"https:\/\/senoticias.com.br\/se\/wp-content\/uploads\/2018\/10\/Logomarca-fone-SE-4-2-1-1-1-1-1.jpg\" alt=\"\" width=\"599\" height=\"78\" srcset=\"https:\/\/senoticias.com.br\/se\/wp-content\/uploads\/2018\/10\/Logomarca-fone-SE-4-2-1-1-1-1-1.jpg 599w, https:\/\/senoticias.com.br\/se\/wp-content\/uploads\/2018\/10\/Logomarca-fone-SE-4-2-1-1-1-1-1-300x39.jpg 300w\" sizes=\"(max-width: 599px) 100vw, 599px\" \/><\/a><\/p>\n<p>Da Ag\u00eancia Brasil<\/p>\n","protected":false},"excerpt":{"rendered":"<p>O Minist\u00e9rio da Educa\u00e7\u00e3o (MEC) autorizou a transfer\u00eancia de recursos para estados implementarem a educa\u00e7\u00e3o em tempo integral no ensino m\u00e9dio. Ao todo, ser\u00e3o liberados R$ 99 milh\u00f5es distribu\u00eddos entre todos os estados e o Distrito Federal, com exce\u00e7\u00e3o do Mato Grosso. A libera\u00e7\u00e3o foi feita, no \u00e2mbito do Programa de Fomento \u00e0s Escolas de [&hellip;]<\/p>\n","protected":false},"author":6553,"featured_media":0,"comment_status":"closed","ping_status":"closed","sticky":false,"template":"","format":"standard","meta":{"footnotes":""},"categories":[15,2961],"tags":[370,1306,896,3926,223,8334],"class_list":{"0":"post-116235","1":"post","2":"type-post","3":"status-publish","4":"format-standard","6":"category-destaques","7":"category-nacional","8":"tag-brasil","9":"tag-educacao","10":"tag-mec","11":"tag-recursos","12":"tag-sergipe","13":"tag-tempo-integral"},"_links":{"self":[{"href":"https:\/\/senoticias.com.br\/se\/wp-json\/wp\/v2\/posts\/116235"}],"collection":[{"href":"https:\/\/senoticias.com.br\/se\/wp-json\/wp\/v2\/posts"}],"about":[{"href":"https:\/\/senoticias.com.br\/se\/wp-json\/wp\/v2\/types\/post"}],"author":[{"embeddable":true,"href":"https:\/\/senoticias.com.br\/se\/wp-json\/wp\/v2\/users\/6553"}],"replies":[{"embeddable":true,"href":"https:\/\/senoticias.com.br\/se\/wp-json\/wp\/v2\/comments?post=116235"}],"version-history":[{"count":0,"href":"https:\/\/senoticias.com.br\/se\/wp-json\/wp\/v2\/posts\/116235\/revisions"}],"wp:attachment":[{"href":"https:\/\/senoticias.com.br\/se\/wp-json\/wp\/v2\/media?parent=116235"}],"wp:term":[{"taxonomy":"category","embeddable":true,"href":"https:\/\/senoticias.com.br\/se\/wp-json\/wp\/v2\/categories?post=116235"},{"taxonomy":"post_tag","embeddable":true,"href":"https:\/\/senoticias.com.br\/se\/wp-json\/wp\/v2\/tags?post=116235"}],"curies":[{"name":"wp","href":"https:\/\/api.w.org\/{rel}","templated":true}]}}