{"id":116229,"date":"2018-11-26T12:44:19","date_gmt":"2018-11-26T15:44:19","guid":{"rendered":"https:\/\/senoticias.com.br\/se\/?p=116229"},"modified":"2018-11-26T12:56:52","modified_gmt":"2018-11-26T15:56:52","slug":"apagao-afeta-municipios-da-grande-aracaju-e-deixa-moradores-sem-energia-por-mais-de-uma-hora","status":"publish","type":"post","link":"https:\/\/senoticias.com.br\/se\/apagao-afeta-municipios-da-grande-aracaju-e-deixa-moradores-sem-energia-por-mais-de-uma-hora\/","title":{"rendered":"Apag\u00e3o afeta munic\u00edpios da Grande Aracaju e deixa moradores sem energia por mais de uma hora"},"content":{"rendered":"<div class=\"mc-column content-text active-extra-styles active-capital-letter\" data-block-type=\"unstyled\" data-block-weight=\"24\" data-block-id=\"2\">\n<p class=\"content-text__container theme-color-primary-first-letter\" style=\"text-align: justify;\" data-track-category=\"Link no Texto\" data-track-links=\"\">Uma queda de energia na madrugada desta segunda-feira (26) interrompeu o fornecimento da Grande Aracaju. Segundo a Energia, um problema t\u00e9cnico ocasionou a interrup\u00e7\u00e3o.<\/p>\n<\/div>\n<div class=\"wall protected-content\">\n<div class=\"mc-column content-text active-extra-styles \" data-block-type=\"unstyled\" data-block-weight=\"22\" data-block-id=\"3\">\n<p class=\"content-text__container \" style=\"text-align: justify;\" data-track-category=\"Link no Texto\" data-track-links=\"\">De acordo com a Energisa, a queda de energia foi provocada por um problema t\u00e9cnico na subesta\u00e7\u00e3o Jardim, que pertence \u00e0 CHESF.<\/p>\n<div id=\"attachment_116230\" style=\"width: 609px\" class=\"wp-caption aligncenter\"><a href=\"https:\/\/senoticias.com.br\/se\/wp-content\/uploads\/2018\/11\/Apag\u00e3o-SE-Noticias-e1543246604368.png\"><img loading=\"lazy\" decoding=\"async\" aria-describedby=\"caption-attachment-116230\" class=\"size-full wp-image-116230\" src=\"https:\/\/senoticias.com.br\/se\/wp-content\/uploads\/2018\/11\/Apag\u00e3o-SE-Noticias-e1543246604368.png\" alt=\"\" width=\"599\" height=\"799\" \/><\/a><p id=\"caption-attachment-116230\" class=\"wp-caption-text\">Grande Aracaju foi afetada com queda de energia nesta segunda-feira. (Foto: SE Not\u00edcias)<\/p><\/div>\n<p><strong>Nota de esclarecimento<\/strong><\/p>\n<p style=\"text-align: justify;\">A Energisa informa que a interrup\u00e7\u00e3o no fornecimento de energia, ocorrida na madrugada de hoje, dia 26, das 03h24 \u00e0s 04h41, na Grande Aracaju, atingindo em torno de 427 mil clientes, foi provocada por um problema t\u00e9cnico na subesta\u00e7\u00e3o Jardim, que pertence \u00e0 CHESF.<\/p>\n<p style=\"text-align: justify;\">A Energisa, imediatamente ap\u00f3s o ocorrido, come\u00e7ou um trabalho de transfer\u00eancia de cargas, que foi finalizado \u00e0s 04h41. A normaliza\u00e7\u00e3o do fornecimento foi paulatina, sob orienta\u00e7\u00e3o do ONS &#8211; Operador Nacional do Sistema El\u00e9trico, visando a evitar perdas na gera\u00e7\u00e3o da usina de Xing\u00f3.<\/p>\n<p style=\"text-align: justify;\">A CHESF est\u00e1 investigando as causas da interrup\u00e7\u00e3o.<\/p>\n<p><a href=\"https:\/\/senoticias.com.br\/se\/wp-content\/uploads\/2018\/10\/Logomarca-fone-SE-4-2-1-1-1-1-1.jpg\"><img loading=\"lazy\" decoding=\"async\" class=\"aligncenter size-full wp-image-115835\" src=\"https:\/\/senoticias.com.br\/se\/wp-content\/uploads\/2018\/10\/Logomarca-fone-SE-4-2-1-1-1-1-1.jpg\" alt=\"\" width=\"599\" height=\"78\" srcset=\"https:\/\/senoticias.com.br\/se\/wp-content\/uploads\/2018\/10\/Logomarca-fone-SE-4-2-1-1-1-1-1.jpg 599w, https:\/\/senoticias.com.br\/se\/wp-content\/uploads\/2018\/10\/Logomarca-fone-SE-4-2-1-1-1-1-1-300x39.jpg 300w\" sizes=\"(max-width: 599px) 100vw, 599px\" \/><\/a><\/p>\n<p><em><strong>Acompanhe o SE Not\u00edcias no<\/strong><a href=\"https:\/\/twitter.com\/Senoticias\" target=\"_blank\" rel=\"noopener\"><b>Twitter<\/b><\/a><strong>,<\/strong><a href=\"https:\/\/www.facebook.com\/senoticias1\" target=\"_blank\" rel=\"noopener\"><b>Facebook<\/b><\/a><strong>e no<\/strong><a href=\"https:\/\/www.instagram.com\/senoticias\/\" target=\"_blank\" rel=\"noopener\"><b>Instagram<\/b><\/a><\/em><\/p>\n<\/div>\n<p><em>Com informa\u00e7\u00f5es da Energisa<\/em><\/p>\n<\/div>\n","protected":false},"excerpt":{"rendered":"<p>Uma queda de energia na madrugada desta segunda-feira (26) interrompeu o fornecimento da Grande Aracaju. Segundo a Energia, um problema t\u00e9cnico ocasionou a interrup\u00e7\u00e3o. De acordo com a Energisa, a queda de energia foi provocada por um problema t\u00e9cnico na subesta\u00e7\u00e3o Jardim, que pertence \u00e0 CHESF. Nota de esclarecimento A Energisa informa que a interrup\u00e7\u00e3o [&hellip;]<\/p>\n","protected":false},"author":6552,"featured_media":116230,"comment_status":"closed","ping_status":"closed","sticky":false,"template":"","format":"standard","meta":{"footnotes":""},"categories":[15,38],"tags":[9143,10694,11168],"class_list":{"0":"post-116229","1":"post","2":"type-post","3":"status-publish","4":"format-standard","5":"has-post-thumbnail","7":"category-destaques","8":"category-municipios","9":"tag-chesf","10":"tag-falta-de-energia","11":"tag-queda-de-energia-na-grande-aracaju"},"_links":{"self":[{"href":"https:\/\/senoticias.com.br\/se\/wp-json\/wp\/v2\/posts\/116229"}],"collection":[{"href":"https:\/\/senoticias.com.br\/se\/wp-json\/wp\/v2\/posts"}],"about":[{"href":"https:\/\/senoticias.com.br\/se\/wp-json\/wp\/v2\/types\/post"}],"author":[{"embeddable":true,"href":"https:\/\/senoticias.com.br\/se\/wp-json\/wp\/v2\/users\/6552"}],"replies":[{"embeddable":true,"href":"https:\/\/senoticias.com.br\/se\/wp-json\/wp\/v2\/comments?post=116229"}],"version-history":[{"count":0,"href":"https:\/\/senoticias.com.br\/se\/wp-json\/wp\/v2\/posts\/116229\/revisions"}],"wp:featuredmedia":[{"embeddable":true,"href":"https:\/\/senoticias.com.br\/se\/wp-json\/wp\/v2\/media\/116230"}],"wp:attachment":[{"href":"https:\/\/senoticias.com.br\/se\/wp-json\/wp\/v2\/media?parent=116229"}],"wp:term":[{"taxonomy":"category","embeddable":true,"href":"https:\/\/senoticias.com.br\/se\/wp-json\/wp\/v2\/categories?post=116229"},{"taxonomy":"post_tag","embeddable":true,"href":"https:\/\/senoticias.com.br\/se\/wp-json\/wp\/v2\/tags?post=116229"}],"curies":[{"name":"wp","href":"https:\/\/api.w.org\/{rel}","templated":true}]}}