{"id":116227,"date":"2018-11-26T11:01:35","date_gmt":"2018-11-26T14:01:35","guid":{"rendered":"https:\/\/senoticias.com.br\/se\/?p=116227"},"modified":"2018-11-26T11:01:35","modified_gmt":"2018-11-26T14:01:35","slug":"movimento-dos-pequenos-agricultores-mpa-realiza-campanha-natal-sem-veneno","status":"publish","type":"post","link":"https:\/\/senoticias.com.br\/se\/movimento-dos-pequenos-agricultores-mpa-realiza-campanha-natal-sem-veneno\/","title":{"rendered":"Movimento dos Pequenos Agricultores (MPA) realiza Campanha Natal Sem Veneno"},"content":{"rendered":"<p style=\"text-align: justify;\">A proximidade do final de ano tem feito muitas pessoas j\u00e1 come\u00e7arem a pensar nos pratos que ir\u00e3o colocar em suas mesas para as festas de confraterniza\u00e7\u00e3o de Natal. E que tal este ano colocar alimentos sem veneno e agroecol\u00f3gicos na sua mesa de Natal? Isso \u00e9 poss\u00edvel! O Movimento dos Pequenos Agricultores (MPA) est\u00e1 organizando a Campanha Natal Sem Veneno, que visa o fornecimento de alimentos diretamente da produ\u00e7\u00e3o camponesa para a cidade, fazendo com que os trabalhadores e trabalhadoras tenham alimentos saud\u00e1veis na sua mesa para ofertar a familiares e amigos.<\/p>\n<div id=\"attachment_116228\" style=\"width: 609px\" class=\"wp-caption aligncenter\"><a href=\"https:\/\/senoticias.com.br\/se\/wp-content\/uploads\/2018\/11\/WhatsApp-Image-2018-11-19-at-17.39.30-1-e1543240498169.jpeg\"><img loading=\"lazy\" decoding=\"async\" aria-describedby=\"caption-attachment-116228\" class=\"size-full wp-image-116228\" src=\"https:\/\/senoticias.com.br\/se\/wp-content\/uploads\/2018\/11\/WhatsApp-Image-2018-11-19-at-17.39.30-1-e1543240498169.jpeg\" alt=\"\" width=\"599\" height=\"359\" \/><\/a><p id=\"caption-attachment-116228\" class=\"wp-caption-text\">Movimento dos Pequenos Agricultores realiza Campanha Natal Sem Veneno. (Foto:\u00a0 Edjane Oliveira)<\/p><\/div>\n<p style=\"text-align: justify;\">Para isso, basta optar pelos dois modelos de cestas que foram montados, fazer sua encomenda e depois receber os produtos. A Cesta \u201cA\u201d, no valor de R$ 100, \u00e9 composta \u00bd kg de queijo, \u00bd kg de manteiga, 1 d\u00fazia de ovos, 500g de mel, 1kg de polpa de fruta (acerola ou goiaba), 1kg de farinha de mandioca, alface, pimentinha, coentro, couve, 1kg de macaxeira, 1kg de inhame e 1kg de tomate. J\u00e1 a Cesta \u201cB\u201d tem na sua composi\u00e7\u00e3o bolo de puba, 500g de geleia (acerola ou manga), 1kg de queijo, \u00bd kg de manteiga, 1 d\u00fazia de ovos, 500g de mel, 1kg de tapioca, 1kg de polpa de fruta (acerola ou goiaba), 1kg de farinha de mandioca, alface, pimentinha, coentro, cebolinha, couve, 1kg de macaxeira, 1kg de inhame, 1kg de tomate e 1kg de amendoim torrado, tudo isso no valor de R$ 150.<\/p>\n<p style=\"text-align: justify;\">As encomendas poder\u00e3o ser feitas atrav\u00e9s do telefone 21 99911-6253 (whatsapp). A entrega dos produtos ser\u00e1 feita no dia 12 de dezembro.<\/p>\n<p>&nbsp;<\/p>\n<p><a href=\"https:\/\/senoticias.com.br\/se\/wp-content\/uploads\/2018\/10\/Logomarca-fone-SE-4-2-1-1-1-1-1.jpg\"><img loading=\"lazy\" decoding=\"async\" class=\"aligncenter size-full wp-image-115835\" src=\"https:\/\/senoticias.com.br\/se\/wp-content\/uploads\/2018\/10\/Logomarca-fone-SE-4-2-1-1-1-1-1.jpg\" alt=\"\" width=\"599\" height=\"78\" srcset=\"https:\/\/senoticias.com.br\/se\/wp-content\/uploads\/2018\/10\/Logomarca-fone-SE-4-2-1-1-1-1-1.jpg 599w, https:\/\/senoticias.com.br\/se\/wp-content\/uploads\/2018\/10\/Logomarca-fone-SE-4-2-1-1-1-1-1-300x39.jpg 300w\" sizes=\"(max-width: 599px) 100vw, 599px\" \/><\/a><\/p>\n<p>&nbsp;<\/p>\n<p><em><strong>Acompanhe o SE Not\u00edcias no<\/strong><span class=\"apple-converted-space\"><b>\u00a0<\/b><\/span><a href=\"https:\/\/twitter.com\/Senoticias\" target=\"_blank\" rel=\"noopener\"><b>Twitter<\/b><\/a><strong>,<\/strong><span class=\"apple-converted-space\"><b>\u00a0<\/b><\/span><a href=\"https:\/\/www.facebook.com\/senoticias1\" target=\"_blank\" rel=\"noopener\"><b>Facebook<\/b><span class=\"apple-converted-space\"><b>\u00a0<\/b><\/span><\/a><strong>e no<\/strong><span class=\"apple-converted-space\"><b>\u00a0<\/b><\/span><a href=\"https:\/\/www.instagram.com\/senoticias\/\" target=\"_blank\" rel=\"noopener\"><b>Instagram<\/b><\/a><\/em><\/p>\n<p><em>Por Edjane Oliveira<\/em><\/p>\n","protected":false},"excerpt":{"rendered":"<p>A proximidade do final de ano tem feito muitas pessoas j\u00e1 come\u00e7arem a pensar nos pratos que ir\u00e3o colocar em suas mesas para as festas de confraterniza\u00e7\u00e3o de Natal. E que tal este ano colocar alimentos sem veneno e agroecol\u00f3gicos na sua mesa de Natal? Isso \u00e9 poss\u00edvel! O Movimento dos Pequenos Agricultores (MPA) est\u00e1 [&hellip;]<\/p>\n","protected":false},"author":6552,"featured_media":116228,"comment_status":"closed","ping_status":"closed","sticky":false,"template":"","format":"standard","meta":{"footnotes":""},"categories":[15,38],"tags":[11165,11166,11167],"class_list":{"0":"post-116227","1":"post","2":"type-post","3":"status-publish","4":"format-standard","5":"has-post-thumbnail","7":"category-destaques","8":"category-municipios","9":"tag-campanha-natal-sem-veneno","10":"tag-movimento-dos-pequenos-agricultores","11":"tag-mpa"},"_links":{"self":[{"href":"https:\/\/senoticias.com.br\/se\/wp-json\/wp\/v2\/posts\/116227"}],"collection":[{"href":"https:\/\/senoticias.com.br\/se\/wp-json\/wp\/v2\/posts"}],"about":[{"href":"https:\/\/senoticias.com.br\/se\/wp-json\/wp\/v2\/types\/post"}],"author":[{"embeddable":true,"href":"https:\/\/senoticias.com.br\/se\/wp-json\/wp\/v2\/users\/6552"}],"replies":[{"embeddable":true,"href":"https:\/\/senoticias.com.br\/se\/wp-json\/wp\/v2\/comments?post=116227"}],"version-history":[{"count":0,"href":"https:\/\/senoticias.com.br\/se\/wp-json\/wp\/v2\/posts\/116227\/revisions"}],"wp:featuredmedia":[{"embeddable":true,"href":"https:\/\/senoticias.com.br\/se\/wp-json\/wp\/v2\/media\/116228"}],"wp:attachment":[{"href":"https:\/\/senoticias.com.br\/se\/wp-json\/wp\/v2\/media?parent=116227"}],"wp:term":[{"taxonomy":"category","embeddable":true,"href":"https:\/\/senoticias.com.br\/se\/wp-json\/wp\/v2\/categories?post=116227"},{"taxonomy":"post_tag","embeddable":true,"href":"https:\/\/senoticias.com.br\/se\/wp-json\/wp\/v2\/tags?post=116227"}],"curies":[{"name":"wp","href":"https:\/\/api.w.org\/{rel}","templated":true}]}}