{"id":116224,"date":"2018-11-26T05:51:34","date_gmt":"2018-11-26T08:51:34","guid":{"rendered":"https:\/\/senoticias.com.br\/se\/?p=116224"},"modified":"2018-11-26T05:58:19","modified_gmt":"2018-11-26T08:58:19","slug":"inss-comeca-a-pagar-nesta-segunda-a-2a-parcela-do-13o-salario-de-aposentados","status":"publish","type":"post","link":"https:\/\/senoticias.com.br\/se\/inss-comeca-a-pagar-nesta-segunda-a-2a-parcela-do-13o-salario-de-aposentados\/","title":{"rendered":"INSS come\u00e7a a pagar nesta segunda-feira a 2\u00aa parcela do 13\u00ba sal\u00e1rio de aposentados;  veja quem tem direito"},"content":{"rendered":"<div id=\"attachment_104507\" style=\"width: 370px\" class=\"wp-caption alignright\"><a href=\"https:\/\/senoticias.com.br\/se\/wp-content\/uploads\/2017\/07\/Dinheiro-senoticias.jpeg\"><img loading=\"lazy\" decoding=\"async\" aria-describedby=\"caption-attachment-104507\" class=\"size-full wp-image-104507\" src=\"https:\/\/senoticias.com.br\/se\/wp-content\/uploads\/2017\/07\/Dinheiro-senoticias.jpeg\" alt=\"\" width=\"360\" height=\"226\" srcset=\"https:\/\/senoticias.com.br\/se\/wp-content\/uploads\/2017\/07\/Dinheiro-senoticias.jpeg 360w, https:\/\/senoticias.com.br\/se\/wp-content\/uploads\/2017\/07\/Dinheiro-senoticias-300x188.jpeg 300w, https:\/\/senoticias.com.br\/se\/wp-content\/uploads\/2017\/07\/Dinheiro-senoticias-120x76.jpeg 120w, https:\/\/senoticias.com.br\/se\/wp-content\/uploads\/2017\/07\/Dinheiro-senoticias-274x173.jpeg 274w, https:\/\/senoticias.com.br\/se\/wp-content\/uploads\/2017\/07\/Dinheiro-senoticias-308x192.jpeg 308w\" sizes=\"(max-width: 360px) 100vw, 360px\" \/><\/a><p id=\"caption-attachment-104507\" class=\"wp-caption-text\"><br \/>Para trabalhadores com carteira assinada, 1\u00aa parcela deve ser paga por empresas at\u00e9 dia 30. (Foto: ASN)<\/p><\/div>\n<p style=\"text-align: justify;\">O INSS (Instituto Nacional do Seguro Social) come\u00e7a a pagar nesta segunda-feira (26) a segunda parcela do 13\u00ba sal\u00e1rio dos aposentados e pensionistas. Os dep\u00f3sitos ser\u00e3o feitos at\u00e9 7 de dezembro, junto com a folha mensal de pagamento do m\u00eas de novembro.<\/p>\n<p style=\"text-align: justify;\">J\u00e1 para os trabalhadores assalariados, a primeira parcela deve ser depositada at\u00e9 30 de novembro, conforme determina a lei, e a segunda, at\u00e9 o dia 20 de dezembro.<\/p>\n<p style=\"text-align: justify;\">Pelo calend\u00e1rio do INSS, os primeiros a terem o valor depositado ser\u00e3o os segurados que recebem at\u00e9 um sal\u00e1rio m\u00ednimo e possuem cart\u00e3o com final 1, desconsiderando-se o d\u00edgito. Quem ganha acima do m\u00ednimo come\u00e7a a receber a partir do dia 3 de dezembro. Veja abaixo a Tabela de Pagamentos de Benef\u00edcios 2018 abaixo:<\/p>\n<div id=\"attachment_116225\" style=\"width: 609px\" class=\"wp-caption aligncenter\"><a href=\"https:\/\/senoticias.com.br\/se\/wp-content\/uploads\/2018\/11\/tabela-de-pagamento-2018-5-e1543221956342.jpg\"><img loading=\"lazy\" decoding=\"async\" aria-describedby=\"caption-attachment-116225\" class=\"size-full wp-image-116225\" src=\"https:\/\/senoticias.com.br\/se\/wp-content\/uploads\/2018\/11\/tabela-de-pagamento-2018-5-e1543221956342.jpg\" alt=\"\" width=\"599\" height=\"339\" \/><\/a><p id=\"caption-attachment-116225\" class=\"wp-caption-text\">Tabela de Pagamentos de Benef\u00edcios 2018 do INSS \u2014 Foto: Divulga\u00e7\u00e3o<\/p><\/div>\n<p>&nbsp;<\/p>\n<p style=\"text-align: justify;\">Em todo o pa\u00eds, 29,7 milh\u00f5es de benef\u00edcios dever\u00e3o receber o pagamento extra. A segunda parcela corresponde a 50% do valor de cada benef\u00edcio. Mas vale lembrar que \u00e9 sobre a segunda parcela que pode incidir o Imposto de Renda.<\/p>\n<p style=\"text-align: justify;\">A primeira parcela foi paga entre os dias 27 de agosto e 10 de setembro, totalizando R$ 20,7 bilh\u00f5es.<\/p>\n<p style=\"text-align: justify;\"><strong>Quem tem direito<\/strong><\/p>\n<p style=\"text-align: justify;\">Tem direito ao 13\u00ba quem, ao longo do ano, recebeu benef\u00edcios previdenci\u00e1rios como aposentadoria, pens\u00e3o por morte, aux\u00edlio-doen\u00e7a, aux\u00edlio-acidente, aux\u00edlio-reclus\u00e3o ou sal\u00e1rio-maternidade.<\/p>\n<p style=\"text-align: justify;\">Para quem recebe aux\u00edlio-doen\u00e7a e sal\u00e1rio-maternidade, o valor do 13\u00ba ser\u00e1 proporcional ao per\u00edodo recebido.<\/p>\n<p style=\"text-align: justify;\">Aqueles que recebem benef\u00edcios assistenciais (Benef\u00edcio de Presta\u00e7\u00e3o Continuada da Lei Org\u00e2nica da Assist\u00eancia Social \u2013 BPC\/LOAS e Renda Mensal Vital\u00edcia \u2013 RMV) n\u00e3o t\u00eam direito ao abono anual.<\/p>\n<p style=\"text-align: justify;\"><strong>Extrato<\/strong><\/p>\n<p style=\"text-align: justify;\">O extrato mensal de pagamento estar\u00e1 dispon\u00edvel para consulta no site Meu INSS e nos terminais de autoatendimento da rede banc\u00e1ria juntamente com o extrato de pagamento de benef\u00edcios da folha de agosto.<\/p>\n<p style=\"text-align: justify;\"><strong>13\u00ba para trablhadores com carteira assinada<\/strong><\/p>\n<p style=\"text-align: justify;\">Para os trabalhadores com carteira assinada, por lei, a primeira parcela do 13\u00ba deve ser depositada at\u00e9 30 de novembro. Nas localidades onde for feriado, como o Distrito Federal (que comemora o Dia do Evang\u00e9lico), a gratifica\u00e7\u00e3o deve ser paga at\u00e9 o dia 29. A 2\u00aa parcela, por sua vez, precisa ser depositada na conta dos trabalhadores at\u00e9 o dia 20 de dezembro.<\/p>\n<p style=\"text-align: justify;\">Em caso de empregados que recebem sal\u00e1rios vari\u00e1veis, por meio de comiss\u00f5es ou percentagens, o 13\u00ba deve perfazer a m\u00e9dia anual de sal\u00e1rios. Cabe ao empregador a decis\u00e3o de pagar em uma ou duas parcelas. No caso de ser apenas em uma \u00fanica vez, o pagamento deve ter sido feito at\u00e9 o dia 30.<\/p>\n<p style=\"text-align: justify;\">&#8220;Quem n\u00e3o receber a primeira parcela at\u00e9 a data limite deve procurar as Superintend\u00eancias do Trabalho ou as Ger\u00eancias do Trabalho para fazer a reclama\u00e7\u00e3o. Outra op\u00e7\u00e3o \u00e9 buscar orienta\u00e7\u00e3o no sindicato de cada categoria. A empresa que n\u00e3o fizer o pagamento no prazo pode ser autuada por um auditor-fiscal do Minist\u00e9rio do Trabalho e pagar multa pela infra\u00e7\u00e3o&#8221;, orienta o Minist\u00e9rio do Trabalho.<\/p>\n<p style=\"text-align: justify;\">O 13\u00ba sal\u00e1rio tem natureza de gratifica\u00e7\u00e3o (gratifica\u00e7\u00e3o natalina) e est\u00e1 previsto na Lei 4.749\/1965. O Minist\u00e9rio do Trabalho lembra que todo trabalhador que atuou por 15 dias ou mais durante o ano \u2013 e que n\u00e3o tenha sido demitido por justa causa \u2013 tem direito \u00e0 gratifica\u00e7\u00e3o.<\/p>\n<p style=\"text-align: justify;\"><strong>Impacto na economia<\/strong><\/p>\n<p style=\"text-align: justify;\">O pagamento do 13\u00ba sal\u00e1rio dever\u00e1 injetar R$ 211,2 bilh\u00f5es na economia brasileira at\u00e9 dezembro deste ano, segundo estimativa do Departamento Intersindical de Estat\u00edstica e Estudos Socioecon\u00f4micos (Dieese). A quantia equivale a cerca de 3% do Produto Interno Bruto (PIB) do pa\u00eds.<\/p>\n<p style=\"text-align: justify;\">A previs\u00e3o \u00e9 de que 84,5 milh\u00f5es de pessoas recebam o 13\u00ba sal\u00e1rio, sendo 48,7 milh\u00f5es de trabalhadores ativos e 35,8 milh\u00f5es de aposentados e pensionistas.<\/p>\n<p style=\"text-align: justify;\">O n\u00famero de benefici\u00e1rios \u00e9 0,6% maior do que o calculado para 2017. Em rela\u00e7\u00e3o ao montante que ser\u00e1 injetado na economia, o valor cresceu 2,8% neste ano sem considerar a infla\u00e7\u00e3o.<\/p>\n<p style=\"text-align: justify;\">O valor m\u00e9dio do 13\u00ba sal\u00e1rio que ser\u00e1 pago em 2018 \u00e9 estimado em R$ 2.320.<\/p>\n<p>&nbsp;<\/p>\n<p><em><strong>Acompanhe o SE Not\u00edcias no<\/strong><span class=\"apple-converted-space\"><b>\u00a0<\/b><\/span><a href=\"https:\/\/twitter.com\/Senoticias\" target=\"_blank\" rel=\"noopener\"><b>Twitter<\/b><\/a><strong>,<\/strong><span class=\"apple-converted-space\"><b>\u00a0<\/b><\/span><a href=\"https:\/\/www.facebook.com\/senoticias1\" target=\"_blank\" rel=\"noopener\"><b>Facebook<\/b><span class=\"apple-converted-space\"><b>\u00a0<\/b><\/span><\/a><strong>e no<\/strong><span class=\"apple-converted-space\"><b>\u00a0<\/b><\/span><a href=\"https:\/\/www.instagram.com\/senoticias\/\" target=\"_blank\" rel=\"noopener\"><b>Instagram<\/b><\/a><\/em><\/p>\n<p>&nbsp;<\/p>\n<p><a href=\"https:\/\/senoticias.com.br\/se\/wp-content\/uploads\/2018\/10\/Logomarca-fone-SE-4-2-1-1-1-1-1.jpg\"><img loading=\"lazy\" decoding=\"async\" class=\"aligncenter size-full wp-image-115835\" src=\"https:\/\/senoticias.com.br\/se\/wp-content\/uploads\/2018\/10\/Logomarca-fone-SE-4-2-1-1-1-1-1.jpg\" alt=\"\" width=\"599\" height=\"78\" srcset=\"https:\/\/senoticias.com.br\/se\/wp-content\/uploads\/2018\/10\/Logomarca-fone-SE-4-2-1-1-1-1-1.jpg 599w, https:\/\/senoticias.com.br\/se\/wp-content\/uploads\/2018\/10\/Logomarca-fone-SE-4-2-1-1-1-1-1-300x39.jpg 300w\" sizes=\"(max-width: 599px) 100vw, 599px\" \/><\/a><\/p>\n<p>&nbsp;<\/p>\n<p><strong><em>Informa\u00e7\u00f5es do G1<\/em><\/strong><\/p>\n<p>&nbsp;<\/p>\n","protected":false},"excerpt":{"rendered":"<p>O INSS (Instituto Nacional do Seguro Social) come\u00e7a a pagar nesta segunda-feira (26) a segunda parcela do 13\u00ba sal\u00e1rio dos aposentados e pensionistas. Os dep\u00f3sitos ser\u00e3o feitos at\u00e9 7 de dezembro, junto com a folha mensal de pagamento do m\u00eas de novembro. J\u00e1 para os trabalhadores assalariados, a primeira parcela deve ser depositada at\u00e9 30 [&hellip;]<\/p>\n","protected":false},"author":6552,"featured_media":103752,"comment_status":"closed","ping_status":"closed","sticky":false,"template":"","format":"standard","meta":{"footnotes":""},"categories":[6],"tags":[],"class_list":{"0":"post-116224","1":"post","2":"type-post","3":"status-publish","4":"format-standard","5":"has-post-thumbnail","7":"category-politica"},"_links":{"self":[{"href":"https:\/\/senoticias.com.br\/se\/wp-json\/wp\/v2\/posts\/116224"}],"collection":[{"href":"https:\/\/senoticias.com.br\/se\/wp-json\/wp\/v2\/posts"}],"about":[{"href":"https:\/\/senoticias.com.br\/se\/wp-json\/wp\/v2\/types\/post"}],"author":[{"embeddable":true,"href":"https:\/\/senoticias.com.br\/se\/wp-json\/wp\/v2\/users\/6552"}],"replies":[{"embeddable":true,"href":"https:\/\/senoticias.com.br\/se\/wp-json\/wp\/v2\/comments?post=116224"}],"version-history":[{"count":0,"href":"https:\/\/senoticias.com.br\/se\/wp-json\/wp\/v2\/posts\/116224\/revisions"}],"wp:featuredmedia":[{"embeddable":true,"href":"https:\/\/senoticias.com.br\/se\/wp-json\/wp\/v2\/media\/103752"}],"wp:attachment":[{"href":"https:\/\/senoticias.com.br\/se\/wp-json\/wp\/v2\/media?parent=116224"}],"wp:term":[{"taxonomy":"category","embeddable":true,"href":"https:\/\/senoticias.com.br\/se\/wp-json\/wp\/v2\/categories?post=116224"},{"taxonomy":"post_tag","embeddable":true,"href":"https:\/\/senoticias.com.br\/se\/wp-json\/wp\/v2\/tags?post=116224"}],"curies":[{"name":"wp","href":"https:\/\/api.w.org\/{rel}","templated":true}]}}