{"id":116214,"date":"2018-11-24T21:44:08","date_gmt":"2018-11-25T00:44:08","guid":{"rendered":"https:\/\/senoticias.com.br\/se\/?p=116214"},"modified":"2018-11-24T21:44:35","modified_gmt":"2018-11-25T00:44:35","slug":"116214-2","status":"publish","type":"post","link":"https:\/\/senoticias.com.br\/se\/116214-2\/","title":{"rendered":"Dois suspeitos de homic\u00eddio em Macei\u00f3 s\u00e3o presos na Grande Aracaju"},"content":{"rendered":"<p style=\"text-align: justify;\">Uma a\u00e7\u00e3o conjunta entre as Pol\u00edcias Civis de Alagoas e Sergipe, deflagrada na sexta-feira (23), resultou na pris\u00e3o de dois acusados de homic\u00eddio que estavam foragidos da Justi\u00e7a de Alagoas, desde o m\u00eas de Julho do corrente ano.<\/p>\n<p style=\"text-align: justify;\">Renato \u00c9rick de Medeiros Rocha, 31 anos e Francieberton Vieira Alves, 34, conhecido como \u201cBetinho\u201d, foram presos na cidade de Barra dos Coqueiros, localizada no estado de Sergipe. Eles s\u00e3o acusados pelo assassinato de Daniel Bispo, ocorrido no Conjunto Joaquim Le\u00e3o, no bairro do Vergel do Lago, em Macei\u00f3, no dia 6 de julho deste ano.<\/p>\n<p style=\"text-align: justify;\">De acordo com as investiga\u00e7\u00f5es, coordenadas pela delegada Rosimeire Vieira, integrante da Delegacia de Homic\u00eddios e Prote\u00e7\u00e3o \u00e0 Pessoa (DHPP), da PC de Alagoas, Daniel foi assassinado dentro de um bar por \u201cBetinho\u201d, a mando de Renato \u00c9rick.<\/p>\n<p style=\"text-align: justify;\">Segundo levantamento realizado pela equipe da DHPP, \u201cBetinho\u201d chegou ao bar em uma motocicleta j\u00e1 efetuando disparos de arma de fogo contra a v\u00edtima. O crime teria sido motivado por ci\u00fames envolvendo uma mo\u00e7a com a qual Renato \u00c9rick tinha um relacionamento.<\/p>\n<div id=\"attachment_116215\" style=\"width: 609px\" class=\"wp-caption aligncenter\"><a href=\"https:\/\/senoticias.com.br\/se\/wp-content\/uploads\/2018\/11\/1cafea5c-e2a5-4f8a-8d51--e1543106476526.jpg\"><img loading=\"lazy\" decoding=\"async\" aria-describedby=\"caption-attachment-116215\" class=\"size-full wp-image-116215\" src=\"https:\/\/senoticias.com.br\/se\/wp-content\/uploads\/2018\/11\/1cafea5c-e2a5-4f8a-8d51--e1543106476526.jpg\" alt=\"\" width=\"599\" height=\"330\" \/><\/a><p id=\"caption-attachment-116215\" class=\"wp-caption-text\">Segundo a pol\u00edcia de Alagoas, a dupla \u00e9 suspeita de homic\u00eddio em Macei\u00f3. (Foto: SSP\/SE)<\/p><\/div>\n<p style=\"text-align: justify;\">\u201cBetinho\u201d trabalhava em uma panifica\u00e7\u00e3o de propriedade de Renato \u00c9rick. Ap\u00f3s o crime, o estabelecimento comercial foi vendido e ambos fugiram para a cidade sergipana.<\/p>\n<p style=\"text-align: justify;\">No momento da pris\u00e3o, os policiais encontraram com os acusados muni\u00e7\u00f5es e carregadores de pistolas, calibres .380 e .40, al\u00e9m de documentos em nome de terceiros.<\/p>\n<p style=\"text-align: justify;\">As pris\u00f5es se deram em cumprimento a mandados de pris\u00e3o preventiva, expedidos pela 8\u00aa Vara Criminal da Capital.<\/p>\n<p style=\"text-align: justify;\">O trabalho teve o apoio da delegada Thereza Simony, diretora da DHPP do estado de Sergipe, e do delegado Marcelo Hercos.<\/p>\n<p>Os acusados ser\u00e3o encaminhados para a sede da DHPP, localizada no bairro da Ch\u00e3 de Bebedouro, em Macei\u00f3, onde ficar\u00e3o a disposi\u00e7\u00e3o da Justi\u00e7a.<\/p>\n<p>&nbsp;<\/p>\n<p><em><strong>Acompanhe o SE Not\u00edcias no<\/strong><span class=\"apple-converted-space\"><b>\u00a0<\/b><\/span><a href=\"https:\/\/twitter.com\/Senoticias\" target=\"_blank\" rel=\"noopener\"><b>Twitter<\/b><\/a><strong>,<\/strong><span class=\"apple-converted-space\"><b>\u00a0<\/b><\/span><a href=\"https:\/\/www.facebook.com\/senoticias1\" target=\"_blank\" rel=\"noopener\"><b>Facebook<\/b><span class=\"apple-converted-space\"><b>\u00a0<\/b><\/span><\/a><strong>e no<\/strong><span class=\"apple-converted-space\"><b>\u00a0<\/b><\/span><a href=\"https:\/\/www.instagram.com\/senoticias\/\" target=\"_blank\" rel=\"noopener\"><b>Instagram<\/b><\/a><\/em><\/p>\n<p>&nbsp;<\/p>\n<p><a href=\"https:\/\/senoticias.com.br\/se\/wp-content\/uploads\/2018\/10\/Logomarca-fone-SE-4-2-1-1-1-1-1.jpg\"><img loading=\"lazy\" decoding=\"async\" class=\"aligncenter size-full wp-image-115835\" src=\"https:\/\/senoticias.com.br\/se\/wp-content\/uploads\/2018\/10\/Logomarca-fone-SE-4-2-1-1-1-1-1.jpg\" alt=\"\" width=\"599\" height=\"78\" srcset=\"https:\/\/senoticias.com.br\/se\/wp-content\/uploads\/2018\/10\/Logomarca-fone-SE-4-2-1-1-1-1-1.jpg 599w, https:\/\/senoticias.com.br\/se\/wp-content\/uploads\/2018\/10\/Logomarca-fone-SE-4-2-1-1-1-1-1-300x39.jpg 300w\" sizes=\"(max-width: 599px) 100vw, 599px\" \/><\/a><\/p>\n<p>&nbsp;<\/p>\n<p><em>Informa\u00e7\u00f5es da <a href=\"http:\/\/pc.al.gov.br\/home\/id\/2018\/11\/23\/acao-integrada-entre-alagoas-e-sergipe-prende-acusados-de-homicidio\/\"><strong>Pol\u00edcia Civil<\/strong><\/a> de Alagoas<\/em><\/p>\n<p>&nbsp;<\/p>\n","protected":false},"excerpt":{"rendered":"<p>Uma a\u00e7\u00e3o conjunta entre as Pol\u00edcias Civis de Alagoas e Sergipe, deflagrada na sexta-feira (23), resultou na pris\u00e3o de dois acusados de homic\u00eddio que estavam foragidos da Justi\u00e7a de Alagoas, desde o m\u00eas de Julho do corrente ano. Renato \u00c9rick de Medeiros Rocha, 31 anos e Francieberton Vieira Alves, 34, conhecido como \u201cBetinho\u201d, foram presos [&hellip;]<\/p>\n","protected":false},"author":6552,"featured_media":116215,"comment_status":"closed","ping_status":"closed","sticky":false,"template":"","format":"standard","meta":{"footnotes":""},"categories":[15,7],"tags":[11163,11162],"class_list":{"0":"post-116214","1":"post","2":"type-post","3":"status-publish","4":"format-standard","5":"has-post-thumbnail","7":"category-destaques","8":"category-policia","9":"tag-dupla-presa-na-barra-dos-coqueiros","10":"tag-policia-civil-de-alagoas"},"_links":{"self":[{"href":"https:\/\/senoticias.com.br\/se\/wp-json\/wp\/v2\/posts\/116214"}],"collection":[{"href":"https:\/\/senoticias.com.br\/se\/wp-json\/wp\/v2\/posts"}],"about":[{"href":"https:\/\/senoticias.com.br\/se\/wp-json\/wp\/v2\/types\/post"}],"author":[{"embeddable":true,"href":"https:\/\/senoticias.com.br\/se\/wp-json\/wp\/v2\/users\/6552"}],"replies":[{"embeddable":true,"href":"https:\/\/senoticias.com.br\/se\/wp-json\/wp\/v2\/comments?post=116214"}],"version-history":[{"count":0,"href":"https:\/\/senoticias.com.br\/se\/wp-json\/wp\/v2\/posts\/116214\/revisions"}],"wp:featuredmedia":[{"embeddable":true,"href":"https:\/\/senoticias.com.br\/se\/wp-json\/wp\/v2\/media\/116215"}],"wp:attachment":[{"href":"https:\/\/senoticias.com.br\/se\/wp-json\/wp\/v2\/media?parent=116214"}],"wp:term":[{"taxonomy":"category","embeddable":true,"href":"https:\/\/senoticias.com.br\/se\/wp-json\/wp\/v2\/categories?post=116214"},{"taxonomy":"post_tag","embeddable":true,"href":"https:\/\/senoticias.com.br\/se\/wp-json\/wp\/v2\/tags?post=116214"}],"curies":[{"name":"wp","href":"https:\/\/api.w.org\/{rel}","templated":true}]}}