{"id":116197,"date":"2018-11-22T08:35:12","date_gmt":"2018-11-22T11:35:12","guid":{"rendered":"https:\/\/senoticias.com.br\/se\/?p=116197"},"modified":"2018-11-22T08:35:12","modified_gmt":"2018-11-22T11:35:12","slug":"policia-federal-apura-crimes-relacionados-a-exploracao-sexual-de-criancas-em-sergipe-e-outros-dez-estados","status":"publish","type":"post","link":"https:\/\/senoticias.com.br\/se\/policia-federal-apura-crimes-relacionados-a-exploracao-sexual-de-criancas-em-sergipe-e-outros-dez-estados\/","title":{"rendered":"Pol\u00edcia Federal apura crimes relacionados \u00e0 explora\u00e7\u00e3o sexual de crian\u00e7as em Sergipe e outros dez estados"},"content":{"rendered":"<p><span style=\"color: #000000\">A Pol\u00edcia Federal deflagrou, na manh\u00e3 desta quinta-feira (22), a Opera\u00e7\u00e3o Atalaia para apurar crimes relacionados \u00e0 explora\u00e7\u00e3o sexual de crian\u00e7as e adolescentes, por meio da Internet.<\/span><\/p>\n<p><span style=\"color: #000000\">Est\u00e3o sendo cumpridos 60 mandados de busca e apreens\u00e3o nos estados de Alagoas, Bahia, Goi\u00e1s, Maranh\u00e3o, Minas Gerais, Pernambuco, Rio Grande do Sul, Rio de Janeiro, Rio Grande do Norte, Santa Catarina, Sergipe, S\u00e3o Paulo e no Distrito Federal. Cerca de 300 policiais federais participam da opera\u00e7\u00e3o. O cumprimento dos mandados tem como objetivo a apreens\u00e3o de computadores e dispositivos eletr\u00f4nicos utilizados na pr\u00e1tica delitiva.<\/span><\/p>\n<div id=\"attachment_114115\" style=\"width: 590px\" class=\"wp-caption aligncenter\"><a href=\"https:\/\/senoticias.com.br\/se\/wp-content\/uploads\/2018\/07\/policia_federal_marcelo_camargo_abr_0_0.jpg\"><img loading=\"lazy\" decoding=\"async\" aria-describedby=\"caption-attachment-114115\" class=\"wp-image-114115 size-full\" src=\"https:\/\/senoticias.com.br\/se\/wp-content\/uploads\/2018\/07\/policia_federal_marcelo_camargo_abr_0_0.jpg\" alt=\"\" width=\"580\" height=\"388\" srcset=\"https:\/\/senoticias.com.br\/se\/wp-content\/uploads\/2018\/07\/policia_federal_marcelo_camargo_abr_0_0.jpg 580w, https:\/\/senoticias.com.br\/se\/wp-content\/uploads\/2018\/07\/policia_federal_marcelo_camargo_abr_0_0-300x201.jpg 300w, https:\/\/senoticias.com.br\/se\/wp-content\/uploads\/2018\/07\/policia_federal_marcelo_camargo_abr_0_0-90x60.jpg 90w, https:\/\/senoticias.com.br\/se\/wp-content\/uploads\/2018\/07\/policia_federal_marcelo_camargo_abr_0_0-180x120.jpg 180w, https:\/\/senoticias.com.br\/se\/wp-content\/uploads\/2018\/07\/policia_federal_marcelo_camargo_abr_0_0-95x64.jpg 95w\" sizes=\"(max-width: 580px) 100vw, 580px\" \/><\/a><p id=\"caption-attachment-114115\" class=\"wp-caption-text\">Foto: Ascom PF<\/p><\/div>\n<p><span style=\"color: #000000\">Os crimes investigados pela PF consistem no armazenamento e na divulga\u00e7\u00e3o internacional, pela internet, de imagens e v\u00eddeos de pornografia infantil, estando previstos no Estatuto da Crian\u00e7a e do Adolescente. As penas desse tipo de crime podem chegar a seis anos de reclus\u00e3o e multa.<\/span><\/p>\n<p><span style=\"color: #000000\">A Pol\u00edcia Federal tamb\u00e9m investiga eventuais delitos conexos, relativos \u00e0 pr\u00e1tica de viol\u00eancia sexual contra crian\u00e7as e \u00e0 produ\u00e7\u00e3o do material pornogr\u00e1fico il\u00edcito, cujas penas podem chegar a 15 anos de reclus\u00e3o.<\/span><\/p>\n<p><strong><span style=\"color: #000000\">Opera\u00e7\u00e3o Atalaia\u00a0<\/span><\/strong><\/p>\n<p><span style=\"color: #000000\">A opera\u00e7\u00e3o foi intitulada Atalaia em refer\u00eancia ao termo de origem \u00e1rabe que significa torre de observa\u00e7\u00e3o e que designa, igualmente, a pessoa encarregada de vigiar determinada \u00e1rea. A Pol\u00edcia Federal tem envidado esfor\u00e7os especiais e qualificados na vigil\u00e2ncia permanente da rede mundial de computadores no intuito de prevenir e reprimir crimes relacionados \u00e0s viola\u00e7\u00f5es sexuais contra crian\u00e7as e adolescentes.<\/span><\/p>\n<p><span style=\"color: #000000\">Haver\u00e1 coletiva de imprensa hoje, \u00e0s 11h, em Bras\u00edlia, com a presen\u00e7a do Excelent\u00edssimo Ministro da Seguran\u00e7a P\u00fablica, o Excelent\u00edssimo Senhor Diretor-Geral da Pol\u00edcia Federal e o Excelent\u00edssimo Secret\u00e1rio Nacional de Seguran\u00e7a P\u00fablica.<\/span><\/p>\n<p><span style=\"color: #000000\">Outras informa\u00e7\u00f5es poder\u00e3o ser obtidas diretamente com a Divis\u00e3o de Comunica\u00e7\u00e3o Social da Pol\u00edcia Federal em Bras\u00edlia atrav\u00e9s do contato (61)2024-8142.<\/span><\/p>\n<p>&nbsp;<\/p>\n<p><a href=\"https:\/\/senoticias.com.br\/se\/wp-content\/uploads\/2018\/10\/Logomarca-fone-SE-4-2-1-1-1-1-1.jpg\"><img loading=\"lazy\" decoding=\"async\" class=\"aligncenter wp-image-115835 size-full\" src=\"https:\/\/senoticias.com.br\/se\/wp-content\/uploads\/2018\/10\/Logomarca-fone-SE-4-2-1-1-1-1-1.jpg\" alt=\"\" width=\"599\" height=\"78\" srcset=\"https:\/\/senoticias.com.br\/se\/wp-content\/uploads\/2018\/10\/Logomarca-fone-SE-4-2-1-1-1-1-1.jpg 599w, https:\/\/senoticias.com.br\/se\/wp-content\/uploads\/2018\/10\/Logomarca-fone-SE-4-2-1-1-1-1-1-300x39.jpg 300w\" sizes=\"(max-width: 599px) 100vw, 599px\" \/><\/a><\/p>\n<p>Da Assessoria<\/p>\n","protected":false},"excerpt":{"rendered":"<p>A Pol\u00edcia Federal deflagrou, na manh\u00e3 desta quinta-feira (22), a Opera\u00e7\u00e3o Atalaia para apurar crimes relacionados \u00e0 explora\u00e7\u00e3o sexual de crian\u00e7as e adolescentes, por meio da Internet. Est\u00e3o sendo cumpridos 60 mandados de busca e apreens\u00e3o nos estados de Alagoas, Bahia, Goi\u00e1s, Maranh\u00e3o, Minas Gerais, Pernambuco, Rio Grande do Sul, Rio de Janeiro, Rio Grande [&hellip;]<\/p>\n","protected":false},"author":6553,"featured_media":0,"comment_status":"closed","ping_status":"closed","sticky":false,"template":"","format":"standard","meta":{"footnotes":""},"categories":[15,7],"tags":[339,11158,3135,223,2979],"class_list":{"0":"post-116197","1":"post","2":"type-post","3":"status-publish","4":"format-standard","6":"category-destaques","7":"category-policia","8":"tag-aracaju","9":"tag-assessoria","10":"tag-operacao","11":"tag-sergipe","12":"tag-smtt"},"_links":{"self":[{"href":"https:\/\/senoticias.com.br\/se\/wp-json\/wp\/v2\/posts\/116197"}],"collection":[{"href":"https:\/\/senoticias.com.br\/se\/wp-json\/wp\/v2\/posts"}],"about":[{"href":"https:\/\/senoticias.com.br\/se\/wp-json\/wp\/v2\/types\/post"}],"author":[{"embeddable":true,"href":"https:\/\/senoticias.com.br\/se\/wp-json\/wp\/v2\/users\/6553"}],"replies":[{"embeddable":true,"href":"https:\/\/senoticias.com.br\/se\/wp-json\/wp\/v2\/comments?post=116197"}],"version-history":[{"count":0,"href":"https:\/\/senoticias.com.br\/se\/wp-json\/wp\/v2\/posts\/116197\/revisions"}],"wp:attachment":[{"href":"https:\/\/senoticias.com.br\/se\/wp-json\/wp\/v2\/media?parent=116197"}],"wp:term":[{"taxonomy":"category","embeddable":true,"href":"https:\/\/senoticias.com.br\/se\/wp-json\/wp\/v2\/categories?post=116197"},{"taxonomy":"post_tag","embeddable":true,"href":"https:\/\/senoticias.com.br\/se\/wp-json\/wp\/v2\/tags?post=116197"}],"curies":[{"name":"wp","href":"https:\/\/api.w.org\/{rel}","templated":true}]}}