{"id":116185,"date":"2018-11-21T14:48:26","date_gmt":"2018-11-21T17:48:26","guid":{"rendered":"https:\/\/senoticias.com.br\/se\/?p=116185"},"modified":"2018-11-21T15:59:16","modified_gmt":"2018-11-21T18:59:16","slug":"tribunal-de-justica-determina-o-afastamento-de-valmir-monteiro-por-180-dias","status":"publish","type":"post","link":"https:\/\/senoticias.com.br\/se\/tribunal-de-justica-determina-o-afastamento-de-valmir-monteiro-por-180-dias\/","title":{"rendered":"Tribunal de Justi\u00e7a determina o afastamento de Valmir Monteiro por 180 dias"},"content":{"rendered":"<p style=\"text-align: justify;\">Em decis\u00e3o do desembargador Roberto Eug\u00eanio da Fonseca Porto, o prefeito do munic\u00edpio de Lagarto (SE), Jos\u00e9 Valmir Monteiro (PSC), os secret\u00e1rios Anderson Souza de Andrade e Floriano Santos Fonseca, al\u00e9m de Eronildes Almeida de Carvalho, foram afastados dos cargos por 180 dias, ou at\u00e9 o t\u00e9rmino da instru\u00e7\u00e3o do processo que julga irregularidades na administra\u00e7\u00e3o do matadouro municipal. O afastamento \u00e9 para n\u00e3o prejudicar o tr\u00e2mite processual.<\/p>\n<div id=\"attachment_31778\" style=\"width: 609px\" class=\"wp-caption aligncenter\"><a href=\"https:\/\/senoticias.com.br\/se\/wp-content\/uploads\/2012\/05\/Valmir-Monteiro-e1432930739317.jpg\"><img loading=\"lazy\" decoding=\"async\" aria-describedby=\"caption-attachment-31778\" class=\"size-full wp-image-31778\" src=\"https:\/\/senoticias.com.br\/se\/wp-content\/uploads\/2012\/05\/Valmir-Monteiro-e1432930739317.jpg\" alt=\"\" width=\"599\" height=\"398\" \/><\/a><p id=\"caption-attachment-31778\" class=\"wp-caption-text\">Justi\u00e7a determina o afastamento de Valmir Monteiro (Foto: arquivo\/Maria Odilia\/Alese)<\/p><\/div>\n<p style=\"text-align: justify;\">O processo, de n\u00famero 201800732647\u00a0cita que o afastamento \u201c\u00e9 premissa essencial ao bom andamento do processo e do alto controle sobre documentos cuja an\u00e1lise seria de grande valia ao deslinde do feito\u201d, cita o desembargador.<\/p>\n<p style=\"text-align: justify;\">Eronildes Almeida de Carvalho \u00e9 administrador do matadouro e amigo pessoal do prefeito, cita a\u00e7\u00e3o requerida pelo Minist\u00e9rio P\u00fablico, da comarca de Lagarto. J\u00e1 Anderson Souza e Floriano Fonseca s\u00e3o secret\u00e1rios de Finan\u00e7as e Administra\u00e7\u00e3o, respectivamente.<\/p>\n<p><strong>Defesa\u00a0<\/strong><\/p>\n<p style=\"text-align: justify;\">O prefeito Valmir disse por telefone que est\u00e1 muito tranquilo com rela\u00e7\u00e3o \u00e0 decis\u00e3o, porque a prefeitura zela pelos princ\u00edpios legais e que \u201cn\u00e3o h\u00e1 nada de errado no matadouro de Lagarto, que, inclusive, est\u00e1 fechado h\u00e1 quatro meses\u201d, falou direto de Bras\u00edlia, onde est\u00e1, segundo ele, para buscar recursos para o munic\u00edpio.<\/p>\n<p style=\"text-align: justify;\">Valmir Monteiro disse ainda que desembarca hoje em Aracaju e que ir\u00e1, junto com seu advogado se situar no caso, para depois melhor se pronunciar.<\/p>\n<p>&nbsp;<\/p>\n<p><a href=\"https:\/\/senoticias.com.br\/se\/wp-content\/uploads\/2018\/10\/Logomarca-fone-SE-4-2-1-1-1-1-1.jpg\"><img loading=\"lazy\" decoding=\"async\" class=\"aligncenter size-full wp-image-115835\" src=\"https:\/\/senoticias.com.br\/se\/wp-content\/uploads\/2018\/10\/Logomarca-fone-SE-4-2-1-1-1-1-1.jpg\" alt=\"\" width=\"599\" height=\"78\" srcset=\"https:\/\/senoticias.com.br\/se\/wp-content\/uploads\/2018\/10\/Logomarca-fone-SE-4-2-1-1-1-1-1.jpg 599w, https:\/\/senoticias.com.br\/se\/wp-content\/uploads\/2018\/10\/Logomarca-fone-SE-4-2-1-1-1-1-1-300x39.jpg 300w\" sizes=\"(max-width: 599px) 100vw, 599px\" \/><\/a><\/p>\n<p>&nbsp;<\/p>\n<p><em>Com informa\u00e7\u00f5es do site da FAN1.com.br<\/em><\/p>\n<p><em><strong>Acompanhe o SE Not\u00edcias no<\/strong><span class=\"apple-converted-space\"><b>\u00a0<\/b><\/span><a href=\"https:\/\/twitter.com\/Senoticias\" target=\"_blank\" rel=\"noopener\"><b>Twitter<\/b><\/a><strong>,<\/strong><span class=\"apple-converted-space\"><b>\u00a0<\/b><\/span><a href=\"https:\/\/www.facebook.com\/senoticias1\" target=\"_blank\" rel=\"noopener\"><b>Facebook<\/b><span class=\"apple-converted-space\"><b>\u00a0<\/b><\/span><\/a><strong>e no<\/strong><span class=\"apple-converted-space\"><b>\u00a0<\/b><\/span><a href=\"https:\/\/www.instagram.com\/senoticias\/\" target=\"_blank\" rel=\"noopener\"><b>Instagram<\/b><\/a><\/em><\/p>\n","protected":false},"excerpt":{"rendered":"<p>Em decis\u00e3o do desembargador Roberto Eug\u00eanio da Fonseca Porto, o prefeito do munic\u00edpio de Lagarto (SE), Jos\u00e9 Valmir Monteiro (PSC), os secret\u00e1rios Anderson Souza de Andrade e Floriano Santos Fonseca, al\u00e9m de Eronildes Almeida de Carvalho, foram afastados dos cargos por 180 dias, ou at\u00e9 o t\u00e9rmino da instru\u00e7\u00e3o do processo que julga irregularidades na [&hellip;]<\/p>\n","protected":false},"author":6552,"featured_media":31778,"comment_status":"closed","ping_status":"closed","sticky":false,"template":"","format":"standard","meta":{"footnotes":""},"categories":[15,38],"tags":[2799,7662,7593],"class_list":{"0":"post-116185","1":"post","2":"type-post","3":"status-publish","4":"format-standard","5":"has-post-thumbnail","7":"category-destaques","8":"category-municipios","9":"tag-justica","10":"tag-prefeito-de-lagarto","11":"tag-valmir-monteiro"},"_links":{"self":[{"href":"https:\/\/senoticias.com.br\/se\/wp-json\/wp\/v2\/posts\/116185"}],"collection":[{"href":"https:\/\/senoticias.com.br\/se\/wp-json\/wp\/v2\/posts"}],"about":[{"href":"https:\/\/senoticias.com.br\/se\/wp-json\/wp\/v2\/types\/post"}],"author":[{"embeddable":true,"href":"https:\/\/senoticias.com.br\/se\/wp-json\/wp\/v2\/users\/6552"}],"replies":[{"embeddable":true,"href":"https:\/\/senoticias.com.br\/se\/wp-json\/wp\/v2\/comments?post=116185"}],"version-history":[{"count":0,"href":"https:\/\/senoticias.com.br\/se\/wp-json\/wp\/v2\/posts\/116185\/revisions"}],"wp:featuredmedia":[{"embeddable":true,"href":"https:\/\/senoticias.com.br\/se\/wp-json\/wp\/v2\/media\/31778"}],"wp:attachment":[{"href":"https:\/\/senoticias.com.br\/se\/wp-json\/wp\/v2\/media?parent=116185"}],"wp:term":[{"taxonomy":"category","embeddable":true,"href":"https:\/\/senoticias.com.br\/se\/wp-json\/wp\/v2\/categories?post=116185"},{"taxonomy":"post_tag","embeddable":true,"href":"https:\/\/senoticias.com.br\/se\/wp-json\/wp\/v2\/tags?post=116185"}],"curies":[{"name":"wp","href":"https:\/\/api.w.org\/{rel}","templated":true}]}}