{"id":116179,"date":"2018-11-21T14:05:34","date_gmt":"2018-11-21T17:05:34","guid":{"rendered":"https:\/\/senoticias.com.br\/se\/?p=116179"},"modified":"2018-11-21T14:05:34","modified_gmt":"2018-11-21T17:05:34","slug":"musical-o-corcunda-de-notre-dame-segue-em-temporada-ate-08-de-dezembro-no-museu-da-gente-sergipana","status":"publish","type":"post","link":"https:\/\/senoticias.com.br\/se\/musical-o-corcunda-de-notre-dame-segue-em-temporada-ate-08-de-dezembro-no-museu-da-gente-sergipana\/","title":{"rendered":"Musical \u201c O Corcunda de Notre Dame\u201d segue em temporada at\u00e9 08 de dezembro no Museu da Gente Sergipana"},"content":{"rendered":"<p><span style=\"color: #000000\">Realiza\u00e7\u00e3o, gratid\u00e3o e muita emo\u00e7\u00e3o. Tr\u00eas palavras que descrevem a temporada do premiado musical \u201cO Corcunda de Notre Dame\u201d no Museu da Gente Sergipana. As apresenta\u00e7\u00f5es seguem at\u00e9 dia 08 de dezembro e n\u00e3o mais at\u00e9 o dia 15, como foi divulgado anteriormente.<\/span><\/p>\n<p><span style=\"color: #000000\">\u201cNeste dia, o museu estar\u00e1 fechado, porque na data anterior \u00e9 a festa de Natal do museu e vamos integrar essa programa\u00e7\u00e3o especial com a estreia de nosso novo espet\u00e1culo, o que para n\u00f3s muito nos orgulha\u201d, explica a diretora geral da Cia, a atriz e bailarina Tet\u00ea Nahas.<\/span><\/p>\n<div id=\"attachment_116180\" style=\"width: 609px\" class=\"wp-caption aligncenter\"><a href=\"https:\/\/senoticias.com.br\/se\/wp-content\/uploads\/2018\/11\/4907f43a17ad3643714e1ac9615a50e1.jpg\"><img loading=\"lazy\" decoding=\"async\" aria-describedby=\"caption-attachment-116180\" class=\"wp-image-116180 size-full\" src=\"https:\/\/senoticias.com.br\/se\/wp-content\/uploads\/2018\/11\/4907f43a17ad3643714e1ac9615a50e1-e1542819882638.jpg\" alt=\"\" width=\"599\" height=\"400\" \/><\/a><p id=\"caption-attachment-116180\" class=\"wp-caption-text\">Foto: Pritty Reis<\/p><\/div>\n<p><span style=\"color: #000000\">Ainda segundo a artista, a temporada, que come\u00e7ou no dia 27 de outubro, tem alcan\u00e7ado muito sucesso. \u201cTodas as apresenta\u00e7\u00f5es tiveram casa cheia e isso nos deixa muito gratos e realizados. Qualquer artista fica feliz em estar \u201cna sua casa\u201d, no caso, na cidade natal, realizando uma temporada art\u00edstica. J\u00e1 mostramos nossa arte para quase 400 pessoas, e no espa\u00e7o, para assistir com conforto sempre cabem pouco mais de 100 pessoas\u201d, informa Tet\u00ea.<\/span><\/p>\n<p><strong><span style=\"color: #000000\">O espet\u00e1culo<\/span><\/strong><\/p>\n<p><span style=\"color: #000000\">Musical adaptado do texto de Victor Hugo, \u00e9 uma aventura que fala de amor, amizade e respeito, al\u00e9m de preconceitos existentes na sociedade. S\u00e3o 20 atores, que al\u00e9m do texto, cantam belas can\u00e7\u00f5es e executam coreografias.<\/span><\/p>\n<p><span style=\"color: #000000\">A pe\u00e7a conta a hist\u00f3ria de Quas\u00edmodo, um corcunda que mora enclausurado, desde a inf\u00e2ncia, nos por\u00f5es da catedral de Notre Dame. Um dia, Quas\u00edmodo decide sair da escurid\u00e3o em que vive e conhece Esmeralda, uma bela cigana por quem se apaixona. Mas para conseguir concretizar seu amor ele ter\u00e1 que enfrentar o poderoso Claude Frollo, e seu fiel ajudante, Febo.<\/span><\/p>\n<p><strong><span style=\"color: #000000\">O projeto Teatro no Museu<\/span><\/strong><\/p>\n<p><span style=\"color: #000000\">O Teatro no Museu tem como objetivo proporcionar espa\u00e7o para projetos de artes c\u00eanicas direcionados a crian\u00e7as, adolescentes e toda fam\u00edlia, fomentar a produ\u00e7\u00e3o art\u00edstica local e a forma\u00e7\u00e3o de plateia. A iniciativa do Instituto Banese, atrav\u00e9s do Museu da Gente Sergipana, conta nessa terceira edi\u00e7\u00e3o. Os ingressos para os espet\u00e1culos s\u00e3o adquiridos no museu antes de cada apresenta\u00e7\u00e3o no valor de R$20,00 inteira e R$10,00 meia, sendo que adulto acompanhado de uma crian\u00e7a paga meia. O Museu da Gente Sergipana Governador Marcelo D\u00e9da est\u00e1 localizado na Avenida Ivo do Prado, 398, Centro, em Aracaju.<\/span><\/p>\n<p><span style=\"color: #000000\">Para saber mais sobre a programa\u00e7\u00e3o da temporada e os espet\u00e1culos, acesse o site do Museu da Gente Sergipana , Facebook e pelo Instagram ou atrav\u00e9s do telefone do Instituto Banese (79) 3218-1551.<\/span><\/p>\n<p>&nbsp;<\/p>\n<p><a href=\"https:\/\/senoticias.com.br\/se\/wp-content\/uploads\/2018\/10\/Logomarca-fone-SE-4-2-1-1-1-1-1.jpg\"><img loading=\"lazy\" decoding=\"async\" class=\"aligncenter wp-image-115835 size-full\" src=\"https:\/\/senoticias.com.br\/se\/wp-content\/uploads\/2018\/10\/Logomarca-fone-SE-4-2-1-1-1-1-1.jpg\" alt=\"\" width=\"599\" height=\"78\" srcset=\"https:\/\/senoticias.com.br\/se\/wp-content\/uploads\/2018\/10\/Logomarca-fone-SE-4-2-1-1-1-1-1.jpg 599w, https:\/\/senoticias.com.br\/se\/wp-content\/uploads\/2018\/10\/Logomarca-fone-SE-4-2-1-1-1-1-1-300x39.jpg 300w\" sizes=\"(max-width: 599px) 100vw, 599px\" \/><\/a><\/p>\n<p>Da ASN<\/p>\n","protected":false},"excerpt":{"rendered":"<p>Realiza\u00e7\u00e3o, gratid\u00e3o e muita emo\u00e7\u00e3o. Tr\u00eas palavras que descrevem a temporada do premiado musical \u201cO Corcunda de Notre Dame\u201d no Museu da Gente Sergipana. As apresenta\u00e7\u00f5es seguem at\u00e9 dia 08 de dezembro e n\u00e3o mais at\u00e9 o dia 15, como foi divulgado anteriormente. \u201cNeste dia, o museu estar\u00e1 fechado, porque na data anterior \u00e9 a [&hellip;]<\/p>\n","protected":false},"author":6553,"featured_media":0,"comment_status":"closed","ping_status":"closed","sticky":false,"template":"","format":"standard","meta":{"footnotes":""},"categories":[21],"tags":[339,4057,2663,11152,3556,3555,11153,223,2993],"class_list":{"0":"post-116179","1":"post","2":"type-post","3":"status-publish","4":"format-standard","6":"category-entretenimento","7":"tag-aracaju","8":"tag-arte","9":"tag-cultura","10":"tag-espetaculo","11":"tag-gente-sergipana","12":"tag-museu","13":"tag-notre-dame","14":"tag-sergipe","15":"tag-teatro"},"_links":{"self":[{"href":"https:\/\/senoticias.com.br\/se\/wp-json\/wp\/v2\/posts\/116179"}],"collection":[{"href":"https:\/\/senoticias.com.br\/se\/wp-json\/wp\/v2\/posts"}],"about":[{"href":"https:\/\/senoticias.com.br\/se\/wp-json\/wp\/v2\/types\/post"}],"author":[{"embeddable":true,"href":"https:\/\/senoticias.com.br\/se\/wp-json\/wp\/v2\/users\/6553"}],"replies":[{"embeddable":true,"href":"https:\/\/senoticias.com.br\/se\/wp-json\/wp\/v2\/comments?post=116179"}],"version-history":[{"count":0,"href":"https:\/\/senoticias.com.br\/se\/wp-json\/wp\/v2\/posts\/116179\/revisions"}],"wp:attachment":[{"href":"https:\/\/senoticias.com.br\/se\/wp-json\/wp\/v2\/media?parent=116179"}],"wp:term":[{"taxonomy":"category","embeddable":true,"href":"https:\/\/senoticias.com.br\/se\/wp-json\/wp\/v2\/categories?post=116179"},{"taxonomy":"post_tag","embeddable":true,"href":"https:\/\/senoticias.com.br\/se\/wp-json\/wp\/v2\/tags?post=116179"}],"curies":[{"name":"wp","href":"https:\/\/api.w.org\/{rel}","templated":true}]}}