{"id":116170,"date":"2018-11-21T13:30:59","date_gmt":"2018-11-21T16:30:59","guid":{"rendered":"https:\/\/senoticias.com.br\/se\/?p=116170"},"modified":"2018-11-21T15:42:16","modified_gmt":"2018-11-21T18:42:16","slug":"prefeito-de-sao-cristovao-marcos-santana-escreve-artigo-em-defesa-do-fasc","status":"publish","type":"post","link":"https:\/\/senoticias.com.br\/se\/prefeito-de-sao-cristovao-marcos-santana-escreve-artigo-em-defesa-do-fasc\/","title":{"rendered":"Prefeito de S\u00e3o Crist\u00f3v\u00e3o, Marcos Santana escreve artigo em defesa do Fasc"},"content":{"rendered":"<p style=\"text-align: center;\"><span style=\"font-size: 14pt;\"><strong>Sob o FASC\u00ednio da arte e \u00e0 luz da raz\u00e3o<\/strong><\/span><\/p>\n<p>&nbsp;<\/p>\n<p><em><strong>Por Marcos Santana (*)<\/strong><\/em><\/p>\n<p style=\"text-align: justify;\">A trig\u00e9sima quinta edi\u00e7\u00e3o do Festival de Artes de S\u00e3o Crist\u00f3v\u00e3o (FASC), ocorrida no per\u00edodo de 15 a 18 de novembro de 2018, para muitos, proporcionou uma verdadeira sensa\u00e7\u00e3o de encantamento, de deslumbramento mesmo, com tamanha riqueza e variedade de manifesta\u00e7\u00f5es art\u00edsticas aut\u00eanticas. Pude constatar isso no brilho do olhar de in\u00fameras pessoas, e at\u00e9 em algumas l\u00e1grimas que teimavam em correr pelos rostos, como aconteceu comigo, por mais que tentasse cont\u00ea-las.<\/p>\n<div id=\"attachment_116172\" style=\"width: 609px\" class=\"wp-caption aligncenter\"><a href=\"https:\/\/senoticias.com.br\/se\/wp-content\/uploads\/2018\/11\/pos_e90a5f24f4a39bf57896eaa54f9fc6b05b5b3abb254e18_59297983-e1542817495375.jpg\"><img loading=\"lazy\" decoding=\"async\" aria-describedby=\"caption-attachment-116172\" class=\"size-full wp-image-116172\" src=\"https:\/\/senoticias.com.br\/se\/wp-content\/uploads\/2018\/11\/pos_e90a5f24f4a39bf57896eaa54f9fc6b05b5b3abb254e18_59297983-e1542817495375.jpg\" alt=\"\" width=\"599\" height=\"396\" \/><\/a><p id=\"caption-attachment-116172\" class=\"wp-caption-text\">Prefeito Marcos Santana escreve artigo em defesa do Fasc. (Foto: Daniele Pereira)<\/p><\/div>\n<p style=\"text-align: justify;\">Nas v\u00e1rias caminhadas que fiz pelas ruas do Centro Hist\u00f3rico da cidade, em diferentes hor\u00e1rios, circulando entre grupos folcl\u00f3ricos que realizavam cortejos em meio aos casar\u00f5es centen\u00e1rios, ouvi relatos emocionados, tanto de visitantes quanto de moradores. Muitos me explicaram sobre como aquela experi\u00eancia os havia remetido a momentos felizes vividos h\u00e1 d\u00e9cadas.<\/p>\n<p style=\"text-align: justify;\">Todavia, \u00e9 preciso registrar, tamb\u00e9m, todo o trabalho \u00e1rduo que \u00e9 feito silenciosamente, iniciado muitos meses antes da realiza\u00e7\u00e3o do evento em si. Me refiro, por exemplo, \u00e0s v\u00e1rias reuni\u00f5es com os empreendedores locais, na tentativa de conscientiz\u00e1-los a respeito da necessidade de aperfei\u00e7oarem seus processos produtivos e de atendimento. Ao \u00e1rduo trabalho de capta\u00e7\u00e3o de recursos, por meio do convencimento dos patrocinadores quanto \u00e0 viabilidade do investimento.<\/p>\n<p style=\"text-align: justify;\">Da mesma forma, em rela\u00e7\u00e3o aos moradores que puderam alugar suas resid\u00eancias para hospedar os turistas. E para nossa felicidade, neste ano j\u00e1 tivemos em funcionamento o primeiro empreendimento de hotelaria no formato hostel, uma modalidade muito utilizada atualmente em todo o mundo.<\/p>\n<p style=\"text-align: justify;\">Em suma, o que considero fundamental ressaltar, apesar de todas as dificuldades inerentes a um evento de grande porte, \u00e9 o fato de que existe uma dimens\u00e3o socioecon\u00f4mica a ser considerada no tocante ao FASC. Algo que vai muito al\u00e9m de todos os benef\u00edcios subjetivos ligados \u00e0 valoriza\u00e7\u00e3o da nossa cultura, \u00e0 preserva\u00e7\u00e3o das nossas tradi\u00e7\u00f5es, ao resgate da nossa identidade. Ou seja, h\u00e1 um legado que \u00e9 concreto, que \u00e9 objetivo: o festival movimentou diretamente a vida de muitas pessoas, garantindo-lhes um ganho econ\u00f4mico efetivo, obtido com dignidade.<\/p>\n<p style=\"text-align: justify;\">E \u00e9 exatamente a partir da consci\u00eancia que tenho a respeito dessa linha t\u00eanue que existe entre o sonho de recuperar a autoestima do meu povo, tendo a promo\u00e7\u00e3o da sua cultura como elemento fundamental, de um lado; e as responsabilidades com a garantia do exerc\u00edcio dos direitos e do acesso \u00e0s pol\u00edticas p\u00fablicas, de outro; que me coloquei, ainda quando elaborava o meu programa de governo, um desafio: resgatar o FASC, sem jamais comprometer o andamento das obras e servi\u00e7os p\u00fablicos, nem o pagamento aos servidores dentro do m\u00eas trabalhado, como tenho feito desde janeiro de 2017. Como ponderou Max Weber, na pol\u00edtica, h\u00e1 que se nortear pela \u00e9tica da convic\u00e7\u00e3o, sem jamais perder de vista a \u00e9tica da responsabilidade.<\/p>\n<p style=\"text-align: justify;\">Assim, determinei \u00e0 comiss\u00e3o organizadora do <strong>35\u00ba FASC<\/strong>, assim como o fiz no ano anterior, que fossem tomadas todas as medidas necess\u00e1rias para que a integridade do conjunto arquitet\u00f4nico fosse preservada, especialmente a Pra\u00e7a S\u00e3o Francisco, este patrim\u00f4nio mundial do qual tanto nos orgulhamos. E cuja import\u00e2ncia, para mim, vem de muito antes do reconhecimento oficial pela Unesco. Nasceu junto com a minha forma\u00e7\u00e3o como ser humano, como cidad\u00e3o sancristovense, ou seja, est\u00e1 na ess\u00eancia da minha identidade.<\/p>\n<p style=\"text-align: justify;\">E assim foi feito, nas duas vers\u00f5es do evento, com a contrata\u00e7\u00e3o de empresas e profissionais qualificados e reconhecidos pela experi\u00eancia e compet\u00eancia com que atuam no mercado. Cada prego colocado, cada estrutura montada, obedeceu aos mais r\u00edgidos crit\u00e9rios t\u00e9cnicos, de forma que, ao final do evento, os locais ficassem exatamente como eram anteriormente.<\/p>\n<p style=\"text-align: justify;\">Quero agradecer, do fundo do meu cora\u00e7\u00e3o, a todos os patrocinadores e apoiadores que acreditaram nesse projeto, destinando recursos financeiros e agregando suas marcas ao FASC. Da mesma forma em rela\u00e7\u00e3o aos servidores que se empenharam na sua constru\u00e7\u00e3o, a todos os volunt\u00e1rios que contribu\u00edram individualmente para que tudo acontecesse com primazia.<\/p>\n<p style=\"text-align: justify;\">Agradecer ao governador Belivaldo Chagas, que com sua discri\u00e7\u00e3o caracter\u00edstica, prestigiou a abertura oficial. \u00c0 Pol\u00edcia Militar, que garantiu, mais uma vez, que nenhuma ocorr\u00eancia grave acontecesse, num evento de quatro dias, que contou com um p\u00fablico de dezenas de milhares de pessoas. Aos ve\u00edculos de comunica\u00e7\u00e3o que divulgaram e transmitiram as atividades.<\/p>\n<p style=\"text-align: justify;\">Enquanto eu estiver \u00e0 frente da gest\u00e3o de S\u00e3o Crist\u00f3v\u00e3o, a <strong>Cidade M\u00e3e de Sergipe<\/strong>, o FASC ser\u00e1 realizado com amor, dedica\u00e7\u00e3o e responsabilidade. Os protagonistas ser\u00e3o sempre os artistas, nas suas mais diferentes express\u00f5es, e sobretudo o p\u00fablico, que \u00e9 a pr\u00f3pria raz\u00e3o da sua exist\u00eancia. Jamais cederemos a press\u00f5es de qualquer natureza, seja da ind\u00fastria cultural, seja de caprichos individualistas \u00e1vidos por ef\u00eameros minutos de notoriedade.<\/p>\n<p style=\"text-align: justify;\">Como bem disse o <strong>genial Lenine:<\/strong> \u201cA gente espera do mundo, e o mundo espera de n\u00f3s, um pouco mais de paci\u00eancia\u201d.<\/p>\n<p><a href=\"https:\/\/senoticias.com.br\/se\/wp-content\/uploads\/2018\/10\/Logomarca-fone-SE-4-2-1-1-1-1-1.jpg\"><img loading=\"lazy\" decoding=\"async\" class=\"aligncenter size-full wp-image-115835\" src=\"https:\/\/senoticias.com.br\/se\/wp-content\/uploads\/2018\/10\/Logomarca-fone-SE-4-2-1-1-1-1-1.jpg\" alt=\"\" width=\"599\" height=\"78\" srcset=\"https:\/\/senoticias.com.br\/se\/wp-content\/uploads\/2018\/10\/Logomarca-fone-SE-4-2-1-1-1-1-1.jpg 599w, https:\/\/senoticias.com.br\/se\/wp-content\/uploads\/2018\/10\/Logomarca-fone-SE-4-2-1-1-1-1-1-300x39.jpg 300w\" sizes=\"(max-width: 599px) 100vw, 599px\" \/><\/a><\/p>\n<p>&nbsp;<\/p>\n<p><em><strong>Acompanhe o SE Not\u00edcias no<\/strong><span class=\"apple-converted-space\"><b>\u00a0<\/b><\/span><a href=\"https:\/\/twitter.com\/Senoticias\" target=\"_blank\" rel=\"noopener\"><b>Twitter<\/b><\/a><strong>,<\/strong><span class=\"apple-converted-space\"><b>\u00a0<\/b><\/span><a href=\"https:\/\/www.facebook.com\/senoticias1\" target=\"_blank\" rel=\"noopener\"><b>Facebook<\/b><span class=\"apple-converted-space\"><b>\u00a0<\/b><\/span><\/a><strong>e no<\/strong><span class=\"apple-converted-space\"><b>\u00a0<\/b><\/span><a href=\"https:\/\/www.instagram.com\/senoticias\/\" target=\"_blank\" rel=\"noopener\"><b>Instagram<\/b><\/a><\/em><\/p>\n<p>&nbsp;<\/p>\n<p style=\"text-align: justify;\"><em><strong>(*)<\/strong> Prefeito do Munic\u00edpio de S\u00e3o Crist\u00f3v\u00e3o.<\/em><\/p>\n","protected":false},"excerpt":{"rendered":"<p>Sob o FASC\u00ednio da arte e \u00e0 luz da raz\u00e3o &nbsp; Por Marcos Santana (*) A trig\u00e9sima quinta edi\u00e7\u00e3o do Festival de Artes de S\u00e3o Crist\u00f3v\u00e3o (FASC), ocorrida no per\u00edodo de 15 a 18 de novembro de 2018, para muitos, proporcionou uma verdadeira sensa\u00e7\u00e3o de encantamento, de deslumbramento mesmo, com tamanha riqueza e variedade de [&hellip;]<\/p>\n","protected":false},"author":6552,"featured_media":116172,"comment_status":"closed","ping_status":"closed","sticky":false,"template":"","format":"standard","meta":{"footnotes":""},"categories":[37,15],"tags":[9569,6904,1498,4589,335],"class_list":{"0":"post-116170","1":"post","2":"type-post","3":"status-publish","4":"format-standard","5":"has-post-thumbnail","7":"category-artigos","8":"category-destaques","9":"tag-cidade-mae-de-sergipe","10":"tag-fasc","11":"tag-marcos-santana","12":"tag-prefeito-marcos-santana","13":"tag-sao-cristovao"},"_links":{"self":[{"href":"https:\/\/senoticias.com.br\/se\/wp-json\/wp\/v2\/posts\/116170"}],"collection":[{"href":"https:\/\/senoticias.com.br\/se\/wp-json\/wp\/v2\/posts"}],"about":[{"href":"https:\/\/senoticias.com.br\/se\/wp-json\/wp\/v2\/types\/post"}],"author":[{"embeddable":true,"href":"https:\/\/senoticias.com.br\/se\/wp-json\/wp\/v2\/users\/6552"}],"replies":[{"embeddable":true,"href":"https:\/\/senoticias.com.br\/se\/wp-json\/wp\/v2\/comments?post=116170"}],"version-history":[{"count":0,"href":"https:\/\/senoticias.com.br\/se\/wp-json\/wp\/v2\/posts\/116170\/revisions"}],"wp:featuredmedia":[{"embeddable":true,"href":"https:\/\/senoticias.com.br\/se\/wp-json\/wp\/v2\/media\/116172"}],"wp:attachment":[{"href":"https:\/\/senoticias.com.br\/se\/wp-json\/wp\/v2\/media?parent=116170"}],"wp:term":[{"taxonomy":"category","embeddable":true,"href":"https:\/\/senoticias.com.br\/se\/wp-json\/wp\/v2\/categories?post=116170"},{"taxonomy":"post_tag","embeddable":true,"href":"https:\/\/senoticias.com.br\/se\/wp-json\/wp\/v2\/tags?post=116170"}],"curies":[{"name":"wp","href":"https:\/\/api.w.org\/{rel}","templated":true}]}}