{"id":116160,"date":"2018-11-20T20:31:38","date_gmt":"2018-11-20T23:31:38","guid":{"rendered":"https:\/\/senoticias.com.br\/se\/?p=116160"},"modified":"2018-11-20T20:31:38","modified_gmt":"2018-11-20T23:31:38","slug":"apos-prisao-de-prefeito-carminha-mendonca-assume-comando-da-prefeitura-de-itabaiana","status":"publish","type":"post","link":"https:\/\/senoticias.com.br\/se\/apos-prisao-de-prefeito-carminha-mendonca-assume-comando-da-prefeitura-de-itabaiana\/","title":{"rendered":"Ap\u00f3s pris\u00e3o de prefeito, Carminha Mendon\u00e7a assume comando da prefeitura de Itabaiana"},"content":{"rendered":"<p style=\"text-align: justify;\">Carminha Mendon\u00e7a (PSC) tomou posse na manh\u00e3 desta ter\u00e7a-feira (20) como prefeita de Itabaiana (SE). A solenidade foi realizada na C\u00e2mara Municipal de Vereadores da cidade.<\/p>\n<div id=\"attachment_116161\" style=\"width: 583px\" class=\"wp-caption aligncenter\"><a href=\"https:\/\/senoticias.com.br\/se\/wp-content\/uploads\/2018\/11\/posse-carminha-foto-itnet-20112018.jpg\"><img loading=\"lazy\" decoding=\"async\" aria-describedby=\"caption-attachment-116161\" class=\"size-full wp-image-116161\" src=\"https:\/\/senoticias.com.br\/se\/wp-content\/uploads\/2018\/11\/posse-carminha-foto-itnet-20112018.jpg\" alt=\"\" width=\"573\" height=\"430\" srcset=\"https:\/\/senoticias.com.br\/se\/wp-content\/uploads\/2018\/11\/posse-carminha-foto-itnet-20112018.jpg 573w, https:\/\/senoticias.com.br\/se\/wp-content\/uploads\/2018\/11\/posse-carminha-foto-itnet-20112018-300x225.jpg 300w, https:\/\/senoticias.com.br\/se\/wp-content\/uploads\/2018\/11\/posse-carminha-foto-itnet-20112018-45x35.jpg 45w\" sizes=\"(max-width: 573px) 100vw, 573px\" \/><\/a><p id=\"caption-attachment-116161\" class=\"wp-caption-text\">Carminha Mendon\u00e7a \u00e9 empossada prefeita de Itabaiana. (Foto: Itnet)<\/p><\/div>\n<p style=\"text-align: justify;\">Ela conseguiu o direito de tomar posse na Justi\u00e7a ap\u00f3s a<a href=\"https:\/\/senoticias.com.br\/se\/justica-determina-afastamento-do-prefeito-de-itabaiana-das-funcoes-e-posse-imediata-da-vice\/\"><strong> ju\u00edza Taiane Danusa Gusm\u00e3o Barroso Sande, da 2\u00aa Vara C\u00edvel de Itabaiana<\/strong><\/a>, determinar no final da tarde desta segunda-feira (19), a posse imediata dela devido \u00e0 pris\u00e3o do ent\u00e3o prefeito Valmir de Francisquinho (PR).<\/p>\n<p style=\"text-align: justify;\">Como prioridade ela destacou que deseja resolver a quest\u00e3o do matadouro da cidade, que est\u00e1 fechado desde o dia 07 de novembro ap\u00f3s uma opera\u00e7\u00e3o policial que resultou nas pris\u00f5es preventivas do gestor municipal, do secret\u00e1rio de agricultura e de mais tr\u00eas pessoas, por um suposto envolvimento em um esquema de desvio dos valores das taxas cobradas pelo matadouro.<\/p>\n<p style=\"text-align: justify;\">\u201cA prioridade \u00e9 reabertura o matadouro, que \u00e9 municipal e de grande porte. Vou me reunir com representantes da Secretaria da Agriculta, j\u00e1 convidei o representantes dos marchantes e vou convidar a das fateiras. Vamos montar uma comiss\u00e3o para definir a\u00e7\u00f5es para levar ao conhecimento do Minist\u00e9rio P\u00fablico e da Justi\u00e7a. Eu quero que o matadouro esteja aberto na sexta-feira\u201d, disse a prefeita.<\/p>\n<p>&nbsp;<\/p>\n<p><em><strong>A<\/strong><strong>companhe o SE Not\u00edcias no\u00a0<\/strong><a href=\"https:\/\/twitter.com\/Senoticias\" target=\"_blank\" rel=\"noopener\"><b>Twitter<\/b><\/a><strong>,\u00a0<\/strong><a href=\"https:\/\/www.facebook.com\/senoticias1\" target=\"_blank\" rel=\"noopener\"><b>Facebook\u00a0<\/b><\/a><strong>e no\u00a0<\/strong><a href=\"https:\/\/www.instagram.com\/senoticias\/\" target=\"_blank\" rel=\"noopener\"><b>Instagram<\/b><\/a><\/em><\/p>\n<p>&nbsp;<\/p>\n<p><a href=\"https:\/\/senoticias.com.br\/se\/wp-content\/uploads\/2018\/10\/Logomarca-fone-SE-4-2-1-1-1-1-1.jpg\"><img loading=\"lazy\" decoding=\"async\" class=\"aligncenter size-full wp-image-115835\" src=\"https:\/\/senoticias.com.br\/se\/wp-content\/uploads\/2018\/10\/Logomarca-fone-SE-4-2-1-1-1-1-1.jpg\" alt=\"\" width=\"599\" height=\"78\" srcset=\"https:\/\/senoticias.com.br\/se\/wp-content\/uploads\/2018\/10\/Logomarca-fone-SE-4-2-1-1-1-1-1.jpg 599w, https:\/\/senoticias.com.br\/se\/wp-content\/uploads\/2018\/10\/Logomarca-fone-SE-4-2-1-1-1-1-1-300x39.jpg 300w\" sizes=\"(max-width: 599px) 100vw, 599px\" \/><\/a><\/p>\n<p><em>Informa\u00e7\u00f5es do <a href=\"https:\/\/g1.globo.com\/se\/sergipe\/noticia\/2018\/11\/20\/carminha-mendonca-e-empossada-prefeita-de-itabaiana.ghtml\"><strong>G1<\/strong><\/a> SE<\/em><\/p>\n","protected":false},"excerpt":{"rendered":"<p>Carminha Mendon\u00e7a (PSC) tomou posse na manh\u00e3 desta ter\u00e7a-feira (20) como prefeita de Itabaiana (SE). A solenidade foi realizada na C\u00e2mara Municipal de Vereadores da cidade. Ela conseguiu o direito de tomar posse na Justi\u00e7a ap\u00f3s a ju\u00edza Taiane Danusa Gusm\u00e3o Barroso Sande, da 2\u00aa Vara C\u00edvel de Itabaiana, determinar no final da tarde desta [&hellip;]<\/p>\n","protected":false},"author":6552,"featured_media":116161,"comment_status":"closed","ping_status":"closed","sticky":false,"template":"","format":"standard","meta":{"footnotes":""},"categories":[15,38],"tags":[11146,11147],"class_list":{"0":"post-116160","1":"post","2":"type-post","3":"status-publish","4":"format-standard","5":"has-post-thumbnail","7":"category-destaques","8":"category-municipios","9":"tag-carminha-mendonca","10":"tag-prefeita-de-itabaiana"},"_links":{"self":[{"href":"https:\/\/senoticias.com.br\/se\/wp-json\/wp\/v2\/posts\/116160"}],"collection":[{"href":"https:\/\/senoticias.com.br\/se\/wp-json\/wp\/v2\/posts"}],"about":[{"href":"https:\/\/senoticias.com.br\/se\/wp-json\/wp\/v2\/types\/post"}],"author":[{"embeddable":true,"href":"https:\/\/senoticias.com.br\/se\/wp-json\/wp\/v2\/users\/6552"}],"replies":[{"embeddable":true,"href":"https:\/\/senoticias.com.br\/se\/wp-json\/wp\/v2\/comments?post=116160"}],"version-history":[{"count":0,"href":"https:\/\/senoticias.com.br\/se\/wp-json\/wp\/v2\/posts\/116160\/revisions"}],"wp:featuredmedia":[{"embeddable":true,"href":"https:\/\/senoticias.com.br\/se\/wp-json\/wp\/v2\/media\/116161"}],"wp:attachment":[{"href":"https:\/\/senoticias.com.br\/se\/wp-json\/wp\/v2\/media?parent=116160"}],"wp:term":[{"taxonomy":"category","embeddable":true,"href":"https:\/\/senoticias.com.br\/se\/wp-json\/wp\/v2\/categories?post=116160"},{"taxonomy":"post_tag","embeddable":true,"href":"https:\/\/senoticias.com.br\/se\/wp-json\/wp\/v2\/tags?post=116160"}],"curies":[{"name":"wp","href":"https:\/\/api.w.org\/{rel}","templated":true}]}}