{"id":116154,"date":"2018-11-20T14:21:28","date_gmt":"2018-11-20T17:21:28","guid":{"rendered":"https:\/\/senoticias.com.br\/se\/?p=116154"},"modified":"2018-11-20T20:21:39","modified_gmt":"2018-11-20T23:21:39","slug":"secretaria-de-saude-encaminha-novas-ambulancias-para-as-bases-do-samu-no-interior","status":"publish","type":"post","link":"https:\/\/senoticias.com.br\/se\/secretaria-de-saude-encaminha-novas-ambulancias-para-as-bases-do-samu-no-interior\/","title":{"rendered":"Secretaria de Estado da Sa\u00fade encaminha novas ambul\u00e2ncias para as bases do Samu no interior"},"content":{"rendered":"<p style=\"text-align: justify;\"><span style=\"color: #000000;\">Ap\u00f3s finalizar o per\u00edodo de licenciamento e realizar as adapta\u00e7\u00f5es necess\u00e1rias, a Secretaria de Estado da Sa\u00fade (SES), come\u00e7a nesta ter\u00e7a-feira, 20, a incorporar \u00e0 frota do servi\u00e7o de Atendimento M\u00f3vel de Urg\u00eancia (Samu 192 Sergipe) as nove novas ambul\u00e2ncias recebidas do Minist\u00e9rio da Sa\u00fade (MS) no dia 22 de outubro. As viaturas zero quil\u00f4metro ir\u00e3o para as bases de Carira, Barra dos Coqueiros, Itaporanga, Monte Alegre, Ribeir\u00f3polis, Indiaroba, Areia Branca, Est\u00e2ncia e Nossa Senhora das Dores.<\/span><\/p>\n<div id=\"attachment_116155\" style=\"width: 609px\" class=\"wp-caption aligncenter\"><a href=\"https:\/\/senoticias.com.br\/se\/wp-content\/uploads\/2018\/11\/samu-ambulancia-e1542734439181.jpg\"><img loading=\"lazy\" decoding=\"async\" aria-describedby=\"caption-attachment-116155\" class=\"wp-image-116155 size-full\" src=\"https:\/\/senoticias.com.br\/se\/wp-content\/uploads\/2018\/11\/samu-ambulancia-e1542734439181.jpg\" alt=\"\" width=\"599\" height=\"397\" \/><\/a><p id=\"caption-attachment-116155\" class=\"wp-caption-text\">Secretaria de Sa\u00fade encaminha nove ambul\u00e2ncias novas para as bases do Samu no interior \/ Foto: Ascom\/SES<\/p><\/div>\n<p style=\"text-align: justify;\"><span style=\"color: #000000;\">Para a superintendente do Samu, L\u00facia Santos, todas as nove ambul\u00e2ncias s\u00e3o Unidades de Suporte B\u00e1sico (USB), e trar\u00e3o muitos benef\u00edcios para a popula\u00e7\u00e3o. \u201cToda essa renova\u00e7\u00e3o tr\u00e1s uma melhoria na qualidade da assist\u00eancia, al\u00e9m da seguran\u00e7a das equipes durante o exerc\u00edcio do trabalho. Com a chegada desses ve\u00edculos, o Samu totaliza 59 ambul\u00e2ncias em perfeito estado de conserva\u00e7\u00e3o\u201d, conta.<\/span><\/p>\n<p style=\"text-align: justify;\"><span style=\"color: #000000;\">Para o coordenador de Frota do Samu, Cleverton Costa Souza, at\u00e9 esta quarta-feira, 21, todas as USBs novas estar\u00e3o incorporadas \u00e0 frota, uma vez que ser\u00e3o convocadas duas viaturas de cada regional a virem \u00e0 sede da SES para a transfer\u00eancia de todo material da viatura antiga para a nova. \u201cT\u00e3o logo o processo seja conclu\u00eddo, elas retornar\u00e3o \u00e0s suas bases de origem com o carro novo\u201d, enfatizou.<\/span><\/p>\n<p style=\"text-align: justify;\"><span style=\"color: #000000;\">De acordo com o Cleverton Souza. \u201c\u00c9 muito importante termos um quantitativo t\u00e3o expressivo de carros novos. Primeiro, porque oferece ao usu\u00e1rio do servi\u00e7o mais conforto no atendimento e mais rapidez no tempo reposta, al\u00e9m do mais, os ve\u00edculos novos d\u00e3o uma nova din\u00e2mica ao servi\u00e7o. Segundo, para o funcion\u00e1rio que tamb\u00e9m passa a trabalhar com mais conforto, j\u00e1 que os ve\u00edculos t\u00eam ar condicionado e equipamentos novos. Ganha todo mundo\u201d, avaliou o coordenador.<\/span><\/p>\n<p style=\"text-align: justify;\"><span style=\"color: #000000;\">Ele adiantou que, com a chegada das nove novas ambul\u00e2ncias, a gest\u00e3o de frota poder\u00e1 concluir algumas a\u00e7\u00f5es de manuten\u00e7\u00e3o dos carros da reserva t\u00e9cnica e tamb\u00e9m aumentar de oito para 17 o n\u00famero de viaturas substitutas.<\/span><\/p>\n<p>&nbsp;<\/p>\n<p><a href=\"https:\/\/senoticias.com.br\/se\/wp-content\/uploads\/2018\/10\/Logomarca-fone-SE-4-2-1-1-1-1-1.jpg\"><img loading=\"lazy\" decoding=\"async\" class=\"aligncenter wp-image-115835 size-full\" src=\"https:\/\/senoticias.com.br\/se\/wp-content\/uploads\/2018\/10\/Logomarca-fone-SE-4-2-1-1-1-1-1.jpg\" alt=\"\" width=\"599\" height=\"78\" srcset=\"https:\/\/senoticias.com.br\/se\/wp-content\/uploads\/2018\/10\/Logomarca-fone-SE-4-2-1-1-1-1-1.jpg 599w, https:\/\/senoticias.com.br\/se\/wp-content\/uploads\/2018\/10\/Logomarca-fone-SE-4-2-1-1-1-1-1-300x39.jpg 300w\" sizes=\"(max-width: 599px) 100vw, 599px\" \/><\/a><\/p>\n<p>&nbsp;<\/p>\n<p><em><strong>Acompanhe o SE Not\u00edcias no<\/strong><span class=\"apple-converted-space\"><b>\u00a0<\/b><\/span><a href=\"https:\/\/twitter.com\/Senoticias\" target=\"_blank\" rel=\"noopener\"><b>Twitter<\/b><\/a><strong>,<\/strong><span class=\"apple-converted-space\"><b>\u00a0<\/b><\/span><a href=\"https:\/\/www.facebook.com\/senoticias1\" target=\"_blank\" rel=\"noopener\"><b>Facebook<\/b><span class=\"apple-converted-space\"><b>\u00a0<\/b><\/span><\/a><strong>e no<\/strong><span class=\"apple-converted-space\"><b>\u00a0<\/b><\/span><a href=\"https:\/\/www.instagram.com\/senoticias\/\" target=\"_blank\" rel=\"noopener\"><b>Instagram<\/b><\/a><\/em><\/p>\n<p>Da ASN<\/p>\n","protected":false},"excerpt":{"rendered":"<p>Ap\u00f3s finalizar o per\u00edodo de licenciamento e realizar as adapta\u00e7\u00f5es necess\u00e1rias, a Secretaria de Estado da Sa\u00fade (SES), come\u00e7a nesta ter\u00e7a-feira, 20, a incorporar \u00e0 frota do servi\u00e7o de Atendimento M\u00f3vel de Urg\u00eancia (Samu 192 Sergipe) as nove novas ambul\u00e2ncias recebidas do Minist\u00e9rio da Sa\u00fade (MS) no dia 22 de outubro. As viaturas zero quil\u00f4metro [&hellip;]<\/p>\n","protected":false},"author":6553,"featured_media":0,"comment_status":"closed","ping_status":"closed","sticky":false,"template":"","format":"standard","meta":{"footnotes":""},"categories":[15,6],"tags":[4269,339,4809,4479,1304,223],"class_list":{"0":"post-116154","1":"post","2":"type-post","3":"status-publish","4":"format-standard","6":"category-destaques","7":"category-politica","8":"tag-ambulancias","9":"tag-aracaju","10":"tag-interior","11":"tag-samu","12":"tag-saude","13":"tag-sergipe"},"_links":{"self":[{"href":"https:\/\/senoticias.com.br\/se\/wp-json\/wp\/v2\/posts\/116154"}],"collection":[{"href":"https:\/\/senoticias.com.br\/se\/wp-json\/wp\/v2\/posts"}],"about":[{"href":"https:\/\/senoticias.com.br\/se\/wp-json\/wp\/v2\/types\/post"}],"author":[{"embeddable":true,"href":"https:\/\/senoticias.com.br\/se\/wp-json\/wp\/v2\/users\/6553"}],"replies":[{"embeddable":true,"href":"https:\/\/senoticias.com.br\/se\/wp-json\/wp\/v2\/comments?post=116154"}],"version-history":[{"count":0,"href":"https:\/\/senoticias.com.br\/se\/wp-json\/wp\/v2\/posts\/116154\/revisions"}],"wp:attachment":[{"href":"https:\/\/senoticias.com.br\/se\/wp-json\/wp\/v2\/media?parent=116154"}],"wp:term":[{"taxonomy":"category","embeddable":true,"href":"https:\/\/senoticias.com.br\/se\/wp-json\/wp\/v2\/categories?post=116154"},{"taxonomy":"post_tag","embeddable":true,"href":"https:\/\/senoticias.com.br\/se\/wp-json\/wp\/v2\/tags?post=116154"}],"curies":[{"name":"wp","href":"https:\/\/api.w.org\/{rel}","templated":true}]}}