{"id":116080,"date":"2018-11-14T15:21:44","date_gmt":"2018-11-14T18:21:44","guid":{"rendered":"https:\/\/senoticias.com.br\/se\/?p=116080"},"modified":"2018-11-14T15:21:44","modified_gmt":"2018-11-14T18:21:44","slug":"fabrica-de-embalagens-em-estancia-retomara-atividades-e-gerara-200-empregos-diretos","status":"publish","type":"post","link":"https:\/\/senoticias.com.br\/se\/fabrica-de-embalagens-em-estancia-retomara-atividades-e-gerara-200-empregos-diretos\/","title":{"rendered":"F\u00e1brica de embalagens em Est\u00e2ncia retomar\u00e1 atividades e gerar\u00e1 200 empregos diretos"},"content":{"rendered":"<p><span style=\"color: #000000\">No curto espa\u00e7o de uma semana, o governador Belivaldo Chagas recebeu a not\u00edcia de novos investimentos industriais em Sergipe, por parte de dois fortes grupos empresariais brasileiros. Os grupos estimam gerar 420 novos empregos direto quando entrarem em opera\u00e7\u00e3o. O diretor presidente do grupo paulista Vidroporto Embalagens, Edson Lu\u00eds Rossi, confirmou ao governador Belivaldo Chagas, na tarde desta ter\u00e7a-feira, 13, que em janeiro de 2019 colocar\u00e1 em opera\u00e7\u00e3o a Ind\u00fastria de Vidros Nordeste (IVN). O encontro do governador com o empres\u00e1rio foi na Secretaria de Estado do Desenvolvimento Econ\u00f4mico e da Ci\u00eancia e Tecnologia (Sedetec).<\/span><\/p>\n<p><span style=\"color: #000000\">Instalada em Est\u00e2ncia, distante 70 km de Aracaju, a Ind\u00fastria de Vidros Nordeste, ap\u00f3s a sua inaugura\u00e7\u00e3o, praticamente n\u00e3o entrou em funcionamento. Com a retomada do empreendimento por um novo grupo empresarial que adquiriu suas instala\u00e7\u00f5es e maquin\u00e1rios, a ind\u00fastria vai gerar 200 empregos diretos j\u00e1 a partir de janeiro. A m\u00e3o de obra ser\u00e1 toda sergipana. A produ\u00e7\u00e3o estimada da f\u00e1brica \u00e9 de 55 mil toneladas de embalagens de vidro por ano.<\/span><\/p>\n<div id=\"attachment_116081\" style=\"width: 609px\" class=\"wp-caption aligncenter\"><a href=\"https:\/\/senoticias.com.br\/se\/wp-content\/uploads\/2018\/11\/49c8675de436878e9564b8eea5d424df-e1542219634655.jpg\"><img loading=\"lazy\" decoding=\"async\" aria-describedby=\"caption-attachment-116081\" class=\"wp-image-116081 size-full\" src=\"https:\/\/senoticias.com.br\/se\/wp-content\/uploads\/2018\/11\/49c8675de436878e9564b8eea5d424df-e1542219634655.jpg\" alt=\"\" width=\"599\" height=\"399\" \/><\/a><p id=\"caption-attachment-116081\" class=\"wp-caption-text\">Foto: Andr\u00e9 Moreira\/ASN<\/p><\/div>\n<p><span style=\"color: #000000\">Na semana passada, foi a vez do Grupo Duratex, fabricante das duchas e torneiras el\u00e9tricas Hydra, anunciar a amplia\u00e7\u00e3o da sua produ\u00e7\u00e3o em Sergipe. Ser\u00e3o disponibilizadas mais 220 novas vagas de emprego. A ind\u00fastria j\u00e1 emprega em Sergipe mil trabalhadores. O grupo encerrou uma base que tinha na cidade de Tubar\u00e3o, em Santa Catarina, e est\u00e1 transferindo toda essa capacidade para Sergipe.<\/span><\/p>\n<p><span style=\"color: #000000\">O diretor presidente da Vidroporto Embalagens, Edson Lu\u00eds Rossi, agradeceu ao governador o acolhimento que o grupo vem recebendo da equipe de t\u00e9cnicos do Estado. \u201cVer a boa vontade e a disposi\u00e7\u00e3o dos t\u00e9cnicos para superar os obst\u00e1culos nos faz acreditar nos nossos investimentos. Acreditamos que, num curto espa\u00e7o de tempo, poderemos gerar mais emprego. Parab\u00e9ns a todos pela maneira de nos receber. Isso nos deixa confiante e sabemos que poderemos contar com o apoio do governo\u201d, ressaltou o executivo paulista.<\/span><\/p>\n<p><span style=\"color: #000000\">Edson Rossi reconhece que em termos de custo, Sergipe vai se tornar mais atraente para os empres\u00e1rios que querem investir em segmento semelhante. Segundo ele, o Brasil tem nove plantas industriais dessa natureza e Est\u00e2ncia \u00e9 a d\u00e9cima planta. \u201c\u00c9 um privil\u00e9gio. Estamos chegando para ficar por muito tempo. A Vidroporto \u00e9 uma empresa nacional que foi constitu\u00edda h\u00e1 40 anos. \u00c9 a primeira filial nossa. Temos um crescimento muito expressivo e atualmente produzimos 10 vezes o que produz\u00edamos em 2004. \u00c9 um passo importante\u201d, ressaltou. <\/span><\/p>\n<p><strong><span style=\"color: #000000\">Vidroporto<\/span><\/strong><\/p>\n<p><span style=\"color: #000000\">A Vidroporto adquiriu a Ind\u00fastria Videira do Nordeste (IVN), que se instalou em Est\u00e2ncia, mas que por uma s\u00e9rie de problemas a sua produ\u00e7\u00e3o estava paralisada h\u00e1 cerca de dois anos. \u201cViemos com muito otimismo, boa produ\u00e7\u00e3o e muito planejamento. Nossa produ\u00e7\u00e3o j\u00e1 est\u00e1 vendida. Quero mais uma vez agradecer a maneira como voc\u00eas sergipanos acolhem e ajudam a superar as dificuldades\u201d, acentuou.<\/span><\/p>\n<p><span style=\"color: #000000\">O Grupo conta com 20% de market share no Brasil. Com essa aquisi\u00e7\u00e3o, a expectativa do grupo \u00e9 chegar pr\u00f3ximo de 25%. \u201c\u00c9 uma empresa com bastante consist\u00eancia financeira, com bastante experi\u00eancia, que usa tecnologia de ponta e muito competitiva no mercado que atua. Temos tamb\u00e9m uma m\u00e3o de obra bastante qualificada e que necessita de muito treinamento. Ela ser\u00e1 predominantemente sergipana e estamos tentando recontratar aqueles que j\u00e1 trabalharam durante o per\u00edodo em que essa planta estava funcionando. Certamente vai haver a possibilidade de cria\u00e7\u00e3o de um polo para esse tipo de ind\u00fastria aqui em Sergipe\u201d, refor\u00e7ou Edson Lu\u00eds Rossi. O diretor presidente da empresa disse ainda, que o grupo vai retomar a produ\u00e7\u00e3o de duas linhas que est\u00e3o instaladas e, num espa\u00e7o n\u00e3o muito longo de tempo, existe a possibilidade de ampliar essa produ\u00e7\u00e3o. A estimativa \u00e9 que se produza 55 mil toneladas de embalagens de vidro por ano.<\/span><\/p>\n<p><span style=\"color: #000000\">Belivaldo Chagas afirmou que esta nova empresa que chega para retomar a produ\u00e7\u00e3o da IVN est\u00e1 promovendo um alt\u00edssimo investimento e \u00e9 de extrema import\u00e2ncia para Sergipe e para a regi\u00e3o, por gerar emprego e renda para as pessoas.<\/span><\/p>\n<p><span style=\"color: #000000\">O governador disse que \u00e9 bom ouvir de um empres\u00e1rio que ele acredita em Sergipe e que as coisas aqui s\u00e3o tratadas de forma aberta e transparente. \u201cSemana passada estivemos com o grupo Duratex, que fabrica as torneiras Hydra, quando anunciaram a amplia\u00e7\u00e3o de seus neg\u00f3cios em Sergipe. Eles est\u00e3o finalizando uma planta em Tubar\u00e3o e est\u00e1 trazendo todo o seu potencial para se somar \u00e0 ind\u00fastria de Sergipe, gerando tamb\u00e9m mais 220 empregos diretos\u201d, ressaltou o governador.<\/span><\/p>\n<p><span style=\"color: #000000\">Belivaldo comemora as boas not\u00edcias ao ouvir do grupo paulista que, em janeiro, a ind\u00fastria de embalagens de vidro estar\u00e1 operando com todo vapor no munic\u00edpio de Est\u00e2ncia. \u201cA gente tem que agradecer a quem acredita em Sergipe e continuar seguindo esse caminho, atraindo empreendedores para o estado. Com isso, vamos continuar gerando emprego e renda e Sergipe vai sair ganhando\u201d, destacou.<\/span><\/p>\n<p><span style=\"color: #000000\">Tamb\u00e9m participaram da reuni\u00e3o o secret\u00e1rio da Sedetec, Jos\u00e9 Augusto Carvalho; o secret\u00e1rio de Comunica\u00e7\u00e3o Jos\u00e9 Sales Neto; o presidente da Sergas, Eug\u00eanio Dezen e o presidente da Codise, Jos\u00e9 Matos.<\/span><\/p>\n<p>&nbsp;<\/p>\n<p><a href=\"https:\/\/senoticias.com.br\/se\/wp-content\/uploads\/2018\/10\/Logomarca-fone-SE-4-2-1-1-1-1-1.jpg\"><img loading=\"lazy\" decoding=\"async\" class=\"aligncenter wp-image-115835 size-full\" src=\"https:\/\/senoticias.com.br\/se\/wp-content\/uploads\/2018\/10\/Logomarca-fone-SE-4-2-1-1-1-1-1.jpg\" alt=\"\" width=\"599\" height=\"78\" srcset=\"https:\/\/senoticias.com.br\/se\/wp-content\/uploads\/2018\/10\/Logomarca-fone-SE-4-2-1-1-1-1-1.jpg 599w, https:\/\/senoticias.com.br\/se\/wp-content\/uploads\/2018\/10\/Logomarca-fone-SE-4-2-1-1-1-1-1-300x39.jpg 300w\" sizes=\"(max-width: 599px) 100vw, 599px\" \/><\/a><\/p>\n<p>Da Assessoria<\/p>\n","protected":false},"excerpt":{"rendered":"<p>No curto espa\u00e7o de uma semana, o governador Belivaldo Chagas recebeu a not\u00edcia de novos investimentos industriais em Sergipe, por parte de dois fortes grupos empresariais brasileiros. Os grupos estimam gerar 420 novos empregos direto quando entrarem em opera\u00e7\u00e3o. O diretor presidente do grupo paulista Vidroporto Embalagens, Edson Lu\u00eds Rossi, confirmou ao governador Belivaldo Chagas, [&hellip;]<\/p>\n","protected":false},"author":6553,"featured_media":0,"comment_status":"closed","ping_status":"closed","sticky":false,"template":"","format":"standard","meta":{"footnotes":""},"categories":[15,6],"tags":[3565,54,972,2002,2168,223],"class_list":{"0":"post-116080","1":"post","2":"type-post","3":"status-publish","4":"format-standard","6":"category-destaques","7":"category-politica","8":"tag-belivaldo","9":"tag-empregos-2","10":"tag-estancia","11":"tag-governo","12":"tag-politica","13":"tag-sergipe"},"_links":{"self":[{"href":"https:\/\/senoticias.com.br\/se\/wp-json\/wp\/v2\/posts\/116080"}],"collection":[{"href":"https:\/\/senoticias.com.br\/se\/wp-json\/wp\/v2\/posts"}],"about":[{"href":"https:\/\/senoticias.com.br\/se\/wp-json\/wp\/v2\/types\/post"}],"author":[{"embeddable":true,"href":"https:\/\/senoticias.com.br\/se\/wp-json\/wp\/v2\/users\/6553"}],"replies":[{"embeddable":true,"href":"https:\/\/senoticias.com.br\/se\/wp-json\/wp\/v2\/comments?post=116080"}],"version-history":[{"count":0,"href":"https:\/\/senoticias.com.br\/se\/wp-json\/wp\/v2\/posts\/116080\/revisions"}],"wp:attachment":[{"href":"https:\/\/senoticias.com.br\/se\/wp-json\/wp\/v2\/media?parent=116080"}],"wp:term":[{"taxonomy":"category","embeddable":true,"href":"https:\/\/senoticias.com.br\/se\/wp-json\/wp\/v2\/categories?post=116080"},{"taxonomy":"post_tag","embeddable":true,"href":"https:\/\/senoticias.com.br\/se\/wp-json\/wp\/v2\/tags?post=116080"}],"curies":[{"name":"wp","href":"https:\/\/api.w.org\/{rel}","templated":true}]}}